{"id":1838,"date":"2021-09-19T15:54:16","date_gmt":"2021-09-19T14:54:16","guid":{"rendered":"https:\/\/frederiquelebrun.com\/?p=1838"},"modified":"2021-12-23T11:40:27","modified_gmt":"2021-12-23T10:40:27","slug":"manifestation-pour-les-droits-des-femmes-afghanes","status":"publish","type":"post","link":"https:\/\/frederiquelebrun.com\/en\/manifestation-pour-les-droits-des-femmes-afghanes\/","title":{"rendered":"Demonstration for the rights of Afghan women"},"content":{"rendered":"<div class=\"wp-block-columns is-layout-flex wp-container-core-columns-is-layout-28f84493 wp-block-columns-is-layout-flex\">\n<div class=\"wp-block-column is-layout-flow wp-block-column-is-layout-flow\" style=\"flex-basis:100%\">\n<p class=\"has-medium-font-size\">Paris - September 19, 2021<\/p>\n<\/div>\n<\/div>\n\n\n\n<div class=\"wp-block-columns is-layout-flex wp-container-core-columns-is-layout-28f84493 wp-block-columns-is-layout-flex\">\n<div class=\"wp-block-column is-layout-flow wp-block-column-is-layout-flow\" style=\"flex-basis:100%\">\n<p>Demonstration, from Place de la R\u00e9publique to Town Hall, for the rights of Afghan women, organized at the call of numerous feminist associations. The demonstration brought together several thousand people, including many supporters of Ahmad Massoud, son of the mujahideen Ahmad Shad Massoud. They carry the black-white-green flag of Massoud. <br>In addition to the anti-Taliban slogans, the protesters also shouted their demand that France take responsibility and welcome many more than the 2,600 Afghans it evacuated by plane since the fall of Kabul. (The French army participated in the occupation of the country for fourteen years.) Patriotic songs made young flag bearers cry, and the demonstration ended to the sound of Afghan pop and the smoke of smoke bombs from the Afghan flag colors. Here, an Afghan woman who carries the flag of the Hazaras, proclaims \u201cour voice is our weapon\u201d.<\/p>\n<\/div>\n<\/div>\n\n\n<div class=\"wp-block-visual-portfolio\">\n<div class=\"vp-portfolio vp-uid-211d3b26 vp-id-2dS2io\"\n\tdata-vp-layout=\"masonry\" data-vp-content-source=\"images\" data-vp-items-style=\"default\" data-vp-items-click-action=\"popup_gallery\" data-vp-items-gap=\"15\" data-vp-items-gap-vertical=\"\" data-vp-pagination=\"load-more\" data-vp-next-page-url=\"\" data-vp-masonry-columns=\"3\" >\n\t<div class=\"vp-portfolio__preloader-wrap\">\n\t\t<div class=\"vp-portfolio__preloader\">\n\t\t\t<img decoding=\"async\" loading=\"eager\" src=\"https:\/\/frederiquelebrun.com\/wp-content\/plugins\/visual-portfolio\/assets\/images\/logo-dark.svg\" alt=\"Visual Portfolio, Posts &amp; Image Gallery for WordPress\" width=\"20\" height=\"20\" data-skip-lazy>\n\t\t<\/div>\n\t<\/div>\n\t\t<div class=\"vp-portfolio__items-wrap\">\n\t\t\t\n<div class=\"vp-portfolio__items vp-portfolio__items-style-default vp-portfolio__items-show-overlay-hover\">\n\n\t\t<div\t\tclass=\"vp-portfolio__item-wrap vp-portfolio__item-uid-ff2da12c\" data-vp-filter=\"\" \t\t>\n\t\t\t<template class=\"vp-portfolio__item-popup\" data-vp-popup-img=\"https:\/\/i0.wp.com\/frederiquelebrun.com\/wp-content\/uploads\/2021\/11\/2021-09-19-manif-femmes-afghanes-01-_MG_4328-scaled.jpg?fit=1920%2C1280&#038;ssl=1\" data-vp-popup-img-srcset=\"https:\/\/i0.wp.com\/frederiquelebrun.com\/wp-content\/uploads\/2021\/11\/2021-09-19-manif-femmes-afghanes-01-_MG_4328-scaled.jpg?w=2560&amp;ssl=1 2560w, https:\/\/i0.wp.com\/frederiquelebrun.com\/wp-content\/uploads\/2021\/11\/2021-09-19-manif-femmes-afghanes-01-_MG_4328-scaled.jpg?resize=300%2C200&amp;ssl=1 300w, https:\/\/i0.wp.com\/frederiquelebrun.com\/wp-content\/uploads\/2021\/11\/2021-09-19-manif-femmes-afghanes-01-_MG_4328-scaled.jpg?resize=600%2C400&amp;ssl=1 600w, https:\/\/i0.wp.com\/frederiquelebrun.com\/wp-content\/uploads\/2021\/11\/2021-09-19-manif-femmes-afghanes-01-_MG_4328-scaled.jpg?resize=1024%2C683&amp;ssl=1 1024w, https:\/\/i0.wp.com\/frederiquelebrun.com\/wp-content\/uploads\/2021\/11\/2021-09-19-manif-femmes-afghanes-01-_MG_4328-scaled.jpg?resize=768%2C512&amp;ssl=1 768w, https:\/\/i0.wp.com\/frederiquelebrun.com\/wp-content\/uploads\/2021\/11\/2021-09-19-manif-femmes-afghanes-01-_MG_4328-scaled.jpg?resize=1536%2C1024&amp;ssl=1 1536w, https:\/\/i0.wp.com\/frederiquelebrun.com\/wp-content\/uploads\/2021\/11\/2021-09-19-manif-femmes-afghanes-01-_MG_4328-scaled.jpg?resize=2048%2C1365&amp;ssl=1 2048w, https:\/\/i0.wp.com\/frederiquelebrun.com\/wp-content\/uploads\/2021\/11\/2021-09-19-manif-femmes-afghanes-01-_MG_4328-scaled.jpg?resize=18%2C12&amp;ssl=1 18w, https:\/\/i0.wp.com\/frederiquelebrun.com\/wp-content\/uploads\/2021\/11\/2021-09-19-manif-femmes-afghanes-01-_MG_4328-scaled.jpg?resize=500%2C333&amp;ssl=1 500w, https:\/\/i0.wp.com\/frederiquelebrun.com\/wp-content\/uploads\/2021\/11\/2021-09-19-manif-femmes-afghanes-01-_MG_4328-scaled.jpg?resize=800%2C533&amp;ssl=1 800w, https:\/\/i0.wp.com\/frederiquelebrun.com\/wp-content\/uploads\/2021\/11\/2021-09-19-manif-femmes-afghanes-01-_MG_4328-scaled.jpg?resize=1280%2C853&amp;ssl=1 1280w, https:\/\/i0.wp.com\/frederiquelebrun.com\/wp-content\/uploads\/2021\/11\/2021-09-19-manif-femmes-afghanes-01-_MG_4328-scaled.jpg?resize=1920%2C1280&amp;ssl=1 1920w\" data-vp-popup-img-size=\"1920x1280\" data-vp-popup-md-img=\"https:\/\/i0.wp.com\/frederiquelebrun.com\/wp-content\/uploads\/2021\/11\/2021-09-19-manif-femmes-afghanes-01-_MG_4328-scaled.jpg?fit=800%2C533&#038;ssl=1\" data-vp-popup-md-img-size=\"800x533\" data-vp-popup-sm-img=\"https:\/\/i0.wp.com\/frederiquelebrun.com\/wp-content\/uploads\/2021\/11\/2021-09-19-manif-femmes-afghanes-01-_MG_4328-scaled.jpg?fit=500%2C333&#038;ssl=1\" data-vp-popup-sm-img-size=\"500x333\">\n\t\t\t<div class=\"vp-portfolio__item-popup-description\">2021-09-19. Paris, manifestation, de la Place de la R\u00e9publique \u00e0 H\u00f4tel de ville, en soutien aux femmes afghanes, organis\u00e9e \u00e0 l&#8217;appel de nombreuses associations f\u00e9ministes. La manifestation a rassembl\u00e9 plusieurs milliers de personnes, dont de nombreux partisans d&#8217;Ahmad Massoud, fils du moudjahidine Ahmad Shad Massoud. Ceux-ci portent le drapeau noir-blanc-vert de Massoud. Outre les slogans anti-talibans, les manifestants ont aussi cri\u00e9 leur demande que la France (dont l&#8217;arm\u00e9e a particip\u00e9 \u00e0 l&#8217;occupation du pays pendant 14 ans) prenne ses responsabilit\u00e9s et accueille beaucoup plus que les 2600 Afghans qu&#8217;elle a \u00e9vacu\u00e9 par avion depuis la chute de Kaboul. Des chansons patriotiques ont fait pleurer de jeunes porte-drapeaux, et la manifestation s&#8217;est termin\u00e9e au son de la pop afghane et dans la fum\u00e9e des fumig\u00e8nes aux couleurs du drapeau afghan. Photo Fr\u00e9d\u00e9rique Le Brun<\/div>\n\t\t<\/template>\n\t\t\t\t\t\t<figure class=\"vp-portfolio__item\">\n\t\t\t\t\n<div class=\"vp-portfolio__item-img-wrap\">\n\t<div class=\"vp-portfolio__item-img\">\n\t\t\t<a\n\t\thref=\"https:\/\/i0.wp.com\/frederiquelebrun.com\/wp-content\/uploads\/2021\/11\/2021-09-19-manif-femmes-afghanes-01-_MG_4328-scaled.jpg?fit=1920%2C1280&#038;ssl=1\"\n\t\taria-label=\"Manifestation De Soutien Aux Femmes Afghanes\" \t>\n\t\n\t\t<noscript><img fetchpriority=\"high\" decoding=\"async\" width=\"1920\" height=\"1280\" data-skip-lazy src=\"https:\/\/i0.wp.com\/frederiquelebrun.com\/wp-content\/uploads\/2021\/11\/2021-09-19-manif-femmes-afghanes-01-_MG_4328-scaled.jpg?fit=1920%2C1280&amp;ssl=1\" class=\"wp-image-1839\" alt=\"Manifestation De Soutien Aux Femmes Afghanes\" srcset=\"https:\/\/i0.wp.com\/frederiquelebrun.com\/wp-content\/uploads\/2021\/11\/2021-09-19-manif-femmes-afghanes-01-_MG_4328-scaled.jpg?w=2560&amp;ssl=1 2560w, https:\/\/i0.wp.com\/frederiquelebrun.com\/wp-content\/uploads\/2021\/11\/2021-09-19-manif-femmes-afghanes-01-_MG_4328-scaled.jpg?resize=300%2C200&amp;ssl=1 300w, https:\/\/i0.wp.com\/frederiquelebrun.com\/wp-content\/uploads\/2021\/11\/2021-09-19-manif-femmes-afghanes-01-_MG_4328-scaled.jpg?resize=600%2C400&amp;ssl=1 600w, https:\/\/i0.wp.com\/frederiquelebrun.com\/wp-content\/uploads\/2021\/11\/2021-09-19-manif-femmes-afghanes-01-_MG_4328-scaled.jpg?resize=1024%2C683&amp;ssl=1 1024w, https:\/\/i0.wp.com\/frederiquelebrun.com\/wp-content\/uploads\/2021\/11\/2021-09-19-manif-femmes-afghanes-01-_MG_4328-scaled.jpg?resize=768%2C512&amp;ssl=1 768w, https:\/\/i0.wp.com\/frederiquelebrun.com\/wp-content\/uploads\/2021\/11\/2021-09-19-manif-femmes-afghanes-01-_MG_4328-scaled.jpg?resize=1536%2C1024&amp;ssl=1 1536w, https:\/\/i0.wp.com\/frederiquelebrun.com\/wp-content\/uploads\/2021\/11\/2021-09-19-manif-femmes-afghanes-01-_MG_4328-scaled.jpg?resize=2048%2C1365&amp;ssl=1 2048w, https:\/\/i0.wp.com\/frederiquelebrun.com\/wp-content\/uploads\/2021\/11\/2021-09-19-manif-femmes-afghanes-01-_MG_4328-scaled.jpg?resize=18%2C12&amp;ssl=1 18w, https:\/\/i0.wp.com\/frederiquelebrun.com\/wp-content\/uploads\/2021\/11\/2021-09-19-manif-femmes-afghanes-01-_MG_4328-scaled.jpg?resize=500%2C333&amp;ssl=1 500w, https:\/\/i0.wp.com\/frederiquelebrun.com\/wp-content\/uploads\/2021\/11\/2021-09-19-manif-femmes-afghanes-01-_MG_4328-scaled.jpg?resize=800%2C533&amp;ssl=1 800w, https:\/\/i0.wp.com\/frederiquelebrun.com\/wp-content\/uploads\/2021\/11\/2021-09-19-manif-femmes-afghanes-01-_MG_4328-scaled.jpg?resize=1280%2C853&amp;ssl=1 1280w, https:\/\/i0.wp.com\/frederiquelebrun.com\/wp-content\/uploads\/2021\/11\/2021-09-19-manif-femmes-afghanes-01-_MG_4328-scaled.jpg?resize=1920%2C1280&amp;ssl=1 1920w\" sizes=\"(max-width: 1000px) 100vw, 1000px\" \/><\/noscript><img decoding=\"async\" width=\"1920\" height=\"1280\" src=\"https:\/\/i0.wp.com\/frederiquelebrun.com\/wp-content\/uploads\/2021\/11\/2021-09-19-manif-femmes-afghanes-01-_MG_4328-scaled.jpg?fit=1920%2C1280&amp;ssl=1\" class=\"wp-image-1839 vp-lazyload\" alt=\"Manifestation De Soutien Aux Femmes Afghanes\" srcset=\"data:image\/svg+xml;base64,PHN2ZyB3aWR0aD0iMTkyMCIgaGVpZ2h0PSIxMjgwIiB2aWV3Qm94PSIwIDAgMTkyMCAxMjgwIiBmaWxsPSJub25lIiB4bWxucz0iaHR0cDovL3d3dy53My5vcmcvMjAwMC9zdmciPjwvc3ZnPg==\" data-src=\"https:\/\/i0.wp.com\/frederiquelebrun.com\/wp-content\/uploads\/2021\/11\/2021-09-19-manif-femmes-afghanes-01-_MG_4328-scaled.jpg?fit=1920%2C1280&amp;ssl=1\" data-srcset=\"https:\/\/i0.wp.com\/frederiquelebrun.com\/wp-content\/uploads\/2021\/11\/2021-09-19-manif-femmes-afghanes-01-_MG_4328-scaled.jpg?w=2560&amp;ssl=1 2560w, https:\/\/i0.wp.com\/frederiquelebrun.com\/wp-content\/uploads\/2021\/11\/2021-09-19-manif-femmes-afghanes-01-_MG_4328-scaled.jpg?resize=300%2C200&amp;ssl=1 300w, https:\/\/i0.wp.com\/frederiquelebrun.com\/wp-content\/uploads\/2021\/11\/2021-09-19-manif-femmes-afghanes-01-_MG_4328-scaled.jpg?resize=600%2C400&amp;ssl=1 600w, https:\/\/i0.wp.com\/frederiquelebrun.com\/wp-content\/uploads\/2021\/11\/2021-09-19-manif-femmes-afghanes-01-_MG_4328-scaled.jpg?resize=1024%2C683&amp;ssl=1 1024w, https:\/\/i0.wp.com\/frederiquelebrun.com\/wp-content\/uploads\/2021\/11\/2021-09-19-manif-femmes-afghanes-01-_MG_4328-scaled.jpg?resize=768%2C512&amp;ssl=1 768w, https:\/\/i0.wp.com\/frederiquelebrun.com\/wp-content\/uploads\/2021\/11\/2021-09-19-manif-femmes-afghanes-01-_MG_4328-scaled.jpg?resize=1536%2C1024&amp;ssl=1 1536w, https:\/\/i0.wp.com\/frederiquelebrun.com\/wp-content\/uploads\/2021\/11\/2021-09-19-manif-femmes-afghanes-01-_MG_4328-scaled.jpg?resize=2048%2C1365&amp;ssl=1 2048w, https:\/\/i0.wp.com\/frederiquelebrun.com\/wp-content\/uploads\/2021\/11\/2021-09-19-manif-femmes-afghanes-01-_MG_4328-scaled.jpg?resize=18%2C12&amp;ssl=1 18w, https:\/\/i0.wp.com\/frederiquelebrun.com\/wp-content\/uploads\/2021\/11\/2021-09-19-manif-femmes-afghanes-01-_MG_4328-scaled.jpg?resize=500%2C333&amp;ssl=1 500w, https:\/\/i0.wp.com\/frederiquelebrun.com\/wp-content\/uploads\/2021\/11\/2021-09-19-manif-femmes-afghanes-01-_MG_4328-scaled.jpg?resize=800%2C533&amp;ssl=1 800w, https:\/\/i0.wp.com\/frederiquelebrun.com\/wp-content\/uploads\/2021\/11\/2021-09-19-manif-femmes-afghanes-01-_MG_4328-scaled.jpg?resize=1280%2C853&amp;ssl=1 1280w, https:\/\/i0.wp.com\/frederiquelebrun.com\/wp-content\/uploads\/2021\/11\/2021-09-19-manif-femmes-afghanes-01-_MG_4328-scaled.jpg?resize=1920%2C1280&amp;ssl=1 1920w\" data-sizes=\"auto\" loading=\"eager\">\n\t\t<div class=\"vp-portfolio__item-overlay\">\n\t\t\t\t\t<\/div>\n\n\t\t<\/a>\t<\/div>\n<\/div>\n\n\t\t\t<\/figure>\n\t\t\t\t\t<\/div>\n\t\t\n\t\t<div\t\tclass=\"vp-portfolio__item-wrap vp-portfolio__item-uid-f4d0a6ff\" data-vp-filter=\"\" \t\t>\n\t\t\t<template class=\"vp-portfolio__item-popup\" data-vp-popup-img=\"https:\/\/i0.wp.com\/frederiquelebrun.com\/wp-content\/uploads\/2021\/11\/2021-09-19-manif-femmes-afghanes-02-_MG_4397-scaled.jpg?fit=1920%2C1280&#038;ssl=1\" data-vp-popup-img-srcset=\"https:\/\/i0.wp.com\/frederiquelebrun.com\/wp-content\/uploads\/2021\/11\/2021-09-19-manif-femmes-afghanes-02-_MG_4397-scaled.jpg?w=2560&amp;ssl=1 2560w, https:\/\/i0.wp.com\/frederiquelebrun.com\/wp-content\/uploads\/2021\/11\/2021-09-19-manif-femmes-afghanes-02-_MG_4397-scaled.jpg?resize=300%2C200&amp;ssl=1 300w, https:\/\/i0.wp.com\/frederiquelebrun.com\/wp-content\/uploads\/2021\/11\/2021-09-19-manif-femmes-afghanes-02-_MG_4397-scaled.jpg?resize=600%2C400&amp;ssl=1 600w, https:\/\/i0.wp.com\/frederiquelebrun.com\/wp-content\/uploads\/2021\/11\/2021-09-19-manif-femmes-afghanes-02-_MG_4397-scaled.jpg?resize=1024%2C683&amp;ssl=1 1024w, https:\/\/i0.wp.com\/frederiquelebrun.com\/wp-content\/uploads\/2021\/11\/2021-09-19-manif-femmes-afghanes-02-_MG_4397-scaled.jpg?resize=768%2C512&amp;ssl=1 768w, https:\/\/i0.wp.com\/frederiquelebrun.com\/wp-content\/uploads\/2021\/11\/2021-09-19-manif-femmes-afghanes-02-_MG_4397-scaled.jpg?resize=1536%2C1024&amp;ssl=1 1536w, https:\/\/i0.wp.com\/frederiquelebrun.com\/wp-content\/uploads\/2021\/11\/2021-09-19-manif-femmes-afghanes-02-_MG_4397-scaled.jpg?resize=2048%2C1365&amp;ssl=1 2048w, https:\/\/i0.wp.com\/frederiquelebrun.com\/wp-content\/uploads\/2021\/11\/2021-09-19-manif-femmes-afghanes-02-_MG_4397-scaled.jpg?resize=18%2C12&amp;ssl=1 18w, https:\/\/i0.wp.com\/frederiquelebrun.com\/wp-content\/uploads\/2021\/11\/2021-09-19-manif-femmes-afghanes-02-_MG_4397-scaled.jpg?resize=500%2C333&amp;ssl=1 500w, https:\/\/i0.wp.com\/frederiquelebrun.com\/wp-content\/uploads\/2021\/11\/2021-09-19-manif-femmes-afghanes-02-_MG_4397-scaled.jpg?resize=800%2C533&amp;ssl=1 800w, https:\/\/i0.wp.com\/frederiquelebrun.com\/wp-content\/uploads\/2021\/11\/2021-09-19-manif-femmes-afghanes-02-_MG_4397-scaled.jpg?resize=1280%2C853&amp;ssl=1 1280w, https:\/\/i0.wp.com\/frederiquelebrun.com\/wp-content\/uploads\/2021\/11\/2021-09-19-manif-femmes-afghanes-02-_MG_4397-scaled.jpg?resize=1920%2C1280&amp;ssl=1 1920w\" data-vp-popup-img-size=\"1920x1280\" data-vp-popup-md-img=\"https:\/\/i0.wp.com\/frederiquelebrun.com\/wp-content\/uploads\/2021\/11\/2021-09-19-manif-femmes-afghanes-02-_MG_4397-scaled.jpg?fit=800%2C533&#038;ssl=1\" data-vp-popup-md-img-size=\"800x533\" data-vp-popup-sm-img=\"https:\/\/i0.wp.com\/frederiquelebrun.com\/wp-content\/uploads\/2021\/11\/2021-09-19-manif-femmes-afghanes-02-_MG_4397-scaled.jpg?fit=500%2C333&#038;ssl=1\" data-vp-popup-sm-img-size=\"500x333\">\n\t\t\t<div class=\"vp-portfolio__item-popup-description\">2021-09-19. Paris, manifestation, de la Place de la R\u00e9publique \u00e0 H\u00f4tel de ville, en soutien aux femmes afghanes, organis\u00e9e \u00e0 l&#8217;appel de nombreuses associations f\u00e9ministes. La manifestation a rassembl\u00e9 plusieurs milliers de personnes, dont de nombreux partisans d&#8217;Ahmad Massoud, fils du moudjahidine Ahmad Shad Massoud. Ceux-ci portent le drapeau noir-blanc-vert de Massoud. Outre les slogans anti-talibans, les manifestants ont aussi cri\u00e9 leur demande que la France (dont l&#8217;arm\u00e9e a particip\u00e9 \u00e0 l&#8217;occupation du pays pendant 14 ans) prenne ses responsabilit\u00e9s et accueille beaucoup plus que les 2600 Afghans qu&#8217;elle a \u00e9vacu\u00e9 par avion depuis la chute de Kaboul. Des chansons patriotiques ont fait pleurer de jeunes porte-drapeaux, et la manifestation s&#8217;est termin\u00e9e au son de la pop afghane et dans la fum\u00e9e des fumig\u00e8nes aux couleurs du drapeau afghan. Sur cette pancarte : &#8220;Travail, \u00e9ducation, libert\u00e9, en avant vers le progr\u00e8s&#8221;. Photo Fr\u00e9d\u00e9rique Le Brun<\/div>\n\t\t<\/template>\n\t\t\t\t\t\t<figure class=\"vp-portfolio__item\">\n\t\t\t\t\n<div class=\"vp-portfolio__item-img-wrap\">\n\t<div class=\"vp-portfolio__item-img\">\n\t\t\t<a\n\t\thref=\"https:\/\/i0.wp.com\/frederiquelebrun.com\/wp-content\/uploads\/2021\/11\/2021-09-19-manif-femmes-afghanes-02-_MG_4397-scaled.jpg?fit=1920%2C1280&#038;ssl=1\"\n\t\taria-label=\"Manifestation De Soutien Aux Femmes Afghanes\" \t>\n\t\n\t\t<noscript><img decoding=\"async\" width=\"1920\" height=\"1280\" data-skip-lazy src=\"https:\/\/i0.wp.com\/frederiquelebrun.com\/wp-content\/uploads\/2021\/11\/2021-09-19-manif-femmes-afghanes-02-_MG_4397-scaled.jpg?fit=1920%2C1280&amp;ssl=1\" class=\"wp-image-1840\" alt=\"Manifestation De Soutien Aux Femmes Afghanes\" srcset=\"https:\/\/i0.wp.com\/frederiquelebrun.com\/wp-content\/uploads\/2021\/11\/2021-09-19-manif-femmes-afghanes-02-_MG_4397-scaled.jpg?w=2560&amp;ssl=1 2560w, https:\/\/i0.wp.com\/frederiquelebrun.com\/wp-content\/uploads\/2021\/11\/2021-09-19-manif-femmes-afghanes-02-_MG_4397-scaled.jpg?resize=300%2C200&amp;ssl=1 300w, https:\/\/i0.wp.com\/frederiquelebrun.com\/wp-content\/uploads\/2021\/11\/2021-09-19-manif-femmes-afghanes-02-_MG_4397-scaled.jpg?resize=600%2C400&amp;ssl=1 600w, https:\/\/i0.wp.com\/frederiquelebrun.com\/wp-content\/uploads\/2021\/11\/2021-09-19-manif-femmes-afghanes-02-_MG_4397-scaled.jpg?resize=1024%2C683&amp;ssl=1 1024w, https:\/\/i0.wp.com\/frederiquelebrun.com\/wp-content\/uploads\/2021\/11\/2021-09-19-manif-femmes-afghanes-02-_MG_4397-scaled.jpg?resize=768%2C512&amp;ssl=1 768w, https:\/\/i0.wp.com\/frederiquelebrun.com\/wp-content\/uploads\/2021\/11\/2021-09-19-manif-femmes-afghanes-02-_MG_4397-scaled.jpg?resize=1536%2C1024&amp;ssl=1 1536w, https:\/\/i0.wp.com\/frederiquelebrun.com\/wp-content\/uploads\/2021\/11\/2021-09-19-manif-femmes-afghanes-02-_MG_4397-scaled.jpg?resize=2048%2C1365&amp;ssl=1 2048w, https:\/\/i0.wp.com\/frederiquelebrun.com\/wp-content\/uploads\/2021\/11\/2021-09-19-manif-femmes-afghanes-02-_MG_4397-scaled.jpg?resize=18%2C12&amp;ssl=1 18w, https:\/\/i0.wp.com\/frederiquelebrun.com\/wp-content\/uploads\/2021\/11\/2021-09-19-manif-femmes-afghanes-02-_MG_4397-scaled.jpg?resize=500%2C333&amp;ssl=1 500w, https:\/\/i0.wp.com\/frederiquelebrun.com\/wp-content\/uploads\/2021\/11\/2021-09-19-manif-femmes-afghanes-02-_MG_4397-scaled.jpg?resize=800%2C533&amp;ssl=1 800w, https:\/\/i0.wp.com\/frederiquelebrun.com\/wp-content\/uploads\/2021\/11\/2021-09-19-manif-femmes-afghanes-02-_MG_4397-scaled.jpg?resize=1280%2C853&amp;ssl=1 1280w, https:\/\/i0.wp.com\/frederiquelebrun.com\/wp-content\/uploads\/2021\/11\/2021-09-19-manif-femmes-afghanes-02-_MG_4397-scaled.jpg?resize=1920%2C1280&amp;ssl=1 1920w\" sizes=\"(max-width: 1000px) 100vw, 1000px\" \/><\/noscript><img decoding=\"async\" width=\"1920\" height=\"1280\" src=\"https:\/\/i0.wp.com\/frederiquelebrun.com\/wp-content\/uploads\/2021\/11\/2021-09-19-manif-femmes-afghanes-02-_MG_4397-scaled.jpg?fit=1920%2C1280&amp;ssl=1\" class=\"wp-image-1840 vp-lazyload\" alt=\"Manifestation De Soutien Aux Femmes Afghanes\" srcset=\"data:image\/svg+xml;base64,PHN2ZyB3aWR0aD0iMTkyMCIgaGVpZ2h0PSIxMjgwIiB2aWV3Qm94PSIwIDAgMTkyMCAxMjgwIiBmaWxsPSJub25lIiB4bWxucz0iaHR0cDovL3d3dy53My5vcmcvMjAwMC9zdmciPjwvc3ZnPg==\" data-src=\"https:\/\/i0.wp.com\/frederiquelebrun.com\/wp-content\/uploads\/2021\/11\/2021-09-19-manif-femmes-afghanes-02-_MG_4397-scaled.jpg?fit=1920%2C1280&amp;ssl=1\" data-srcset=\"https:\/\/i0.wp.com\/frederiquelebrun.com\/wp-content\/uploads\/2021\/11\/2021-09-19-manif-femmes-afghanes-02-_MG_4397-scaled.jpg?w=2560&amp;ssl=1 2560w, https:\/\/i0.wp.com\/frederiquelebrun.com\/wp-content\/uploads\/2021\/11\/2021-09-19-manif-femmes-afghanes-02-_MG_4397-scaled.jpg?resize=300%2C200&amp;ssl=1 300w, https:\/\/i0.wp.com\/frederiquelebrun.com\/wp-content\/uploads\/2021\/11\/2021-09-19-manif-femmes-afghanes-02-_MG_4397-scaled.jpg?resize=600%2C400&amp;ssl=1 600w, https:\/\/i0.wp.com\/frederiquelebrun.com\/wp-content\/uploads\/2021\/11\/2021-09-19-manif-femmes-afghanes-02-_MG_4397-scaled.jpg?resize=1024%2C683&amp;ssl=1 1024w, https:\/\/i0.wp.com\/frederiquelebrun.com\/wp-content\/uploads\/2021\/11\/2021-09-19-manif-femmes-afghanes-02-_MG_4397-scaled.jpg?resize=768%2C512&amp;ssl=1 768w, https:\/\/i0.wp.com\/frederiquelebrun.com\/wp-content\/uploads\/2021\/11\/2021-09-19-manif-femmes-afghanes-02-_MG_4397-scaled.jpg?resize=1536%2C1024&amp;ssl=1 1536w, https:\/\/i0.wp.com\/frederiquelebrun.com\/wp-content\/uploads\/2021\/11\/2021-09-19-manif-femmes-afghanes-02-_MG_4397-scaled.jpg?resize=2048%2C1365&amp;ssl=1 2048w, https:\/\/i0.wp.com\/frederiquelebrun.com\/wp-content\/uploads\/2021\/11\/2021-09-19-manif-femmes-afghanes-02-_MG_4397-scaled.jpg?resize=18%2C12&amp;ssl=1 18w, https:\/\/i0.wp.com\/frederiquelebrun.com\/wp-content\/uploads\/2021\/11\/2021-09-19-manif-femmes-afghanes-02-_MG_4397-scaled.jpg?resize=500%2C333&amp;ssl=1 500w, https:\/\/i0.wp.com\/frederiquelebrun.com\/wp-content\/uploads\/2021\/11\/2021-09-19-manif-femmes-afghanes-02-_MG_4397-scaled.jpg?resize=800%2C533&amp;ssl=1 800w, https:\/\/i0.wp.com\/frederiquelebrun.com\/wp-content\/uploads\/2021\/11\/2021-09-19-manif-femmes-afghanes-02-_MG_4397-scaled.jpg?resize=1280%2C853&amp;ssl=1 1280w, https:\/\/i0.wp.com\/frederiquelebrun.com\/wp-content\/uploads\/2021\/11\/2021-09-19-manif-femmes-afghanes-02-_MG_4397-scaled.jpg?resize=1920%2C1280&amp;ssl=1 1920w\" data-sizes=\"auto\" loading=\"eager\">\n\t\t<div class=\"vp-portfolio__item-overlay\">\n\t\t\t\t\t<\/div>\n\n\t\t<\/a>\t<\/div>\n<\/div>\n\n\t\t\t<\/figure>\n\t\t\t\t\t<\/div>\n\t\t\n\t\t<div\t\tclass=\"vp-portfolio__item-wrap vp-portfolio__item-uid-c477ecb9\" data-vp-filter=\"\" \t\t>\n\t\t\t<template class=\"vp-portfolio__item-popup\" data-vp-popup-img=\"https:\/\/i0.wp.com\/frederiquelebrun.com\/wp-content\/uploads\/2021\/11\/2021-09-19-manif-femmes-afghanes-03-_MG_4411-scaled.jpg?fit=1920%2C1280&#038;ssl=1\" data-vp-popup-img-srcset=\"https:\/\/i0.wp.com\/frederiquelebrun.com\/wp-content\/uploads\/2021\/11\/2021-09-19-manif-femmes-afghanes-03-_MG_4411-scaled.jpg?w=2560&amp;ssl=1 2560w, https:\/\/i0.wp.com\/frederiquelebrun.com\/wp-content\/uploads\/2021\/11\/2021-09-19-manif-femmes-afghanes-03-_MG_4411-scaled.jpg?resize=300%2C200&amp;ssl=1 300w, https:\/\/i0.wp.com\/frederiquelebrun.com\/wp-content\/uploads\/2021\/11\/2021-09-19-manif-femmes-afghanes-03-_MG_4411-scaled.jpg?resize=600%2C400&amp;ssl=1 600w, https:\/\/i0.wp.com\/frederiquelebrun.com\/wp-content\/uploads\/2021\/11\/2021-09-19-manif-femmes-afghanes-03-_MG_4411-scaled.jpg?resize=1024%2C683&amp;ssl=1 1024w, https:\/\/i0.wp.com\/frederiquelebrun.com\/wp-content\/uploads\/2021\/11\/2021-09-19-manif-femmes-afghanes-03-_MG_4411-scaled.jpg?resize=768%2C512&amp;ssl=1 768w, https:\/\/i0.wp.com\/frederiquelebrun.com\/wp-content\/uploads\/2021\/11\/2021-09-19-manif-femmes-afghanes-03-_MG_4411-scaled.jpg?resize=1536%2C1024&amp;ssl=1 1536w, https:\/\/i0.wp.com\/frederiquelebrun.com\/wp-content\/uploads\/2021\/11\/2021-09-19-manif-femmes-afghanes-03-_MG_4411-scaled.jpg?resize=2048%2C1365&amp;ssl=1 2048w, https:\/\/i0.wp.com\/frederiquelebrun.com\/wp-content\/uploads\/2021\/11\/2021-09-19-manif-femmes-afghanes-03-_MG_4411-scaled.jpg?resize=18%2C12&amp;ssl=1 18w, https:\/\/i0.wp.com\/frederiquelebrun.com\/wp-content\/uploads\/2021\/11\/2021-09-19-manif-femmes-afghanes-03-_MG_4411-scaled.jpg?resize=500%2C333&amp;ssl=1 500w, https:\/\/i0.wp.com\/frederiquelebrun.com\/wp-content\/uploads\/2021\/11\/2021-09-19-manif-femmes-afghanes-03-_MG_4411-scaled.jpg?resize=800%2C533&amp;ssl=1 800w, https:\/\/i0.wp.com\/frederiquelebrun.com\/wp-content\/uploads\/2021\/11\/2021-09-19-manif-femmes-afghanes-03-_MG_4411-scaled.jpg?resize=1280%2C853&amp;ssl=1 1280w, https:\/\/i0.wp.com\/frederiquelebrun.com\/wp-content\/uploads\/2021\/11\/2021-09-19-manif-femmes-afghanes-03-_MG_4411-scaled.jpg?resize=1920%2C1280&amp;ssl=1 1920w\" data-vp-popup-img-size=\"1920x1280\" data-vp-popup-md-img=\"https:\/\/i0.wp.com\/frederiquelebrun.com\/wp-content\/uploads\/2021\/11\/2021-09-19-manif-femmes-afghanes-03-_MG_4411-scaled.jpg?fit=800%2C533&#038;ssl=1\" data-vp-popup-md-img-size=\"800x533\" data-vp-popup-sm-img=\"https:\/\/i0.wp.com\/frederiquelebrun.com\/wp-content\/uploads\/2021\/11\/2021-09-19-manif-femmes-afghanes-03-_MG_4411-scaled.jpg?fit=500%2C333&#038;ssl=1\" data-vp-popup-sm-img-size=\"500x333\">\n\t\t\t<div class=\"vp-portfolio__item-popup-description\">2021-09-19. Paris, manifestation, de la Place de la R\u00e9publique \u00e0 H\u00f4tel de ville, en soutien aux femmes afghanes, organis\u00e9e \u00e0 l&#8217;appel de nombreuses associations f\u00e9ministes. La manifestation a rassembl\u00e9 plusieurs milliers de personnes, dont de nombreux partisans d&#8217;Ahmad Massoud, fils du moudjahidine Ahmad Shad Massoud. Ceux-ci portent le drapeau noir-blanc-vert de Massoud. Outre les slogans anti-talibans, les manifestants ont aussi cri\u00e9 leur demande que la France (dont l&#8217;arm\u00e9e a particip\u00e9 \u00e0 l&#8217;occupation du pays pendant 14 ans) prenne ses responsabilit\u00e9s et accueille beaucoup plus que les 2600 Afghans qu&#8217;elle a \u00e9vacu\u00e9 par avion depuis la chute de Kaboul. Des chansons patriotiques ont fait pleurer de jeunes porte-drapeaux, et la manifestation s&#8217;est termin\u00e9e au son de la pop afghane et dans la fum\u00e9e des fumig\u00e8nes aux couleurs du drapeau afghan. Photo Fr\u00e9d\u00e9rique Le Brun<\/div>\n\t\t<\/template>\n\t\t\t\t\t\t<figure class=\"vp-portfolio__item\">\n\t\t\t\t\n<div class=\"vp-portfolio__item-img-wrap\">\n\t<div class=\"vp-portfolio__item-img\">\n\t\t\t<a\n\t\thref=\"https:\/\/i0.wp.com\/frederiquelebrun.com\/wp-content\/uploads\/2021\/11\/2021-09-19-manif-femmes-afghanes-03-_MG_4411-scaled.jpg?fit=1920%2C1280&#038;ssl=1\"\n\t\taria-label=\"Manifestation De Soutien Aux Femmes Afghanes\" \t>\n\t\n\t\t<noscript><img decoding=\"async\" width=\"1920\" height=\"1280\" data-skip-lazy src=\"https:\/\/i0.wp.com\/frederiquelebrun.com\/wp-content\/uploads\/2021\/11\/2021-09-19-manif-femmes-afghanes-03-_MG_4411-scaled.jpg?fit=1920%2C1280&amp;ssl=1\" class=\"wp-image-1841\" alt=\"Manifestation De Soutien Aux Femmes Afghanes\" srcset=\"https:\/\/i0.wp.com\/frederiquelebrun.com\/wp-content\/uploads\/2021\/11\/2021-09-19-manif-femmes-afghanes-03-_MG_4411-scaled.jpg?w=2560&amp;ssl=1 2560w, https:\/\/i0.wp.com\/frederiquelebrun.com\/wp-content\/uploads\/2021\/11\/2021-09-19-manif-femmes-afghanes-03-_MG_4411-scaled.jpg?resize=300%2C200&amp;ssl=1 300w, https:\/\/i0.wp.com\/frederiquelebrun.com\/wp-content\/uploads\/2021\/11\/2021-09-19-manif-femmes-afghanes-03-_MG_4411-scaled.jpg?resize=600%2C400&amp;ssl=1 600w, https:\/\/i0.wp.com\/frederiquelebrun.com\/wp-content\/uploads\/2021\/11\/2021-09-19-manif-femmes-afghanes-03-_MG_4411-scaled.jpg?resize=1024%2C683&amp;ssl=1 1024w, https:\/\/i0.wp.com\/frederiquelebrun.com\/wp-content\/uploads\/2021\/11\/2021-09-19-manif-femmes-afghanes-03-_MG_4411-scaled.jpg?resize=768%2C512&amp;ssl=1 768w, https:\/\/i0.wp.com\/frederiquelebrun.com\/wp-content\/uploads\/2021\/11\/2021-09-19-manif-femmes-afghanes-03-_MG_4411-scaled.jpg?resize=1536%2C1024&amp;ssl=1 1536w, https:\/\/i0.wp.com\/frederiquelebrun.com\/wp-content\/uploads\/2021\/11\/2021-09-19-manif-femmes-afghanes-03-_MG_4411-scaled.jpg?resize=2048%2C1365&amp;ssl=1 2048w, https:\/\/i0.wp.com\/frederiquelebrun.com\/wp-content\/uploads\/2021\/11\/2021-09-19-manif-femmes-afghanes-03-_MG_4411-scaled.jpg?resize=18%2C12&amp;ssl=1 18w, https:\/\/i0.wp.com\/frederiquelebrun.com\/wp-content\/uploads\/2021\/11\/2021-09-19-manif-femmes-afghanes-03-_MG_4411-scaled.jpg?resize=500%2C333&amp;ssl=1 500w, https:\/\/i0.wp.com\/frederiquelebrun.com\/wp-content\/uploads\/2021\/11\/2021-09-19-manif-femmes-afghanes-03-_MG_4411-scaled.jpg?resize=800%2C533&amp;ssl=1 800w, https:\/\/i0.wp.com\/frederiquelebrun.com\/wp-content\/uploads\/2021\/11\/2021-09-19-manif-femmes-afghanes-03-_MG_4411-scaled.jpg?resize=1280%2C853&amp;ssl=1 1280w, https:\/\/i0.wp.com\/frederiquelebrun.com\/wp-content\/uploads\/2021\/11\/2021-09-19-manif-femmes-afghanes-03-_MG_4411-scaled.jpg?resize=1920%2C1280&amp;ssl=1 1920w\" sizes=\"(max-width: 1000px) 100vw, 1000px\" \/><\/noscript><img decoding=\"async\" width=\"1920\" height=\"1280\" src=\"https:\/\/i0.wp.com\/frederiquelebrun.com\/wp-content\/uploads\/2021\/11\/2021-09-19-manif-femmes-afghanes-03-_MG_4411-scaled.jpg?fit=1920%2C1280&amp;ssl=1\" class=\"wp-image-1841 vp-lazyload\" alt=\"Manifestation De Soutien Aux Femmes Afghanes\" srcset=\"data:image\/svg+xml;base64,PHN2ZyB3aWR0aD0iMTkyMCIgaGVpZ2h0PSIxMjgwIiB2aWV3Qm94PSIwIDAgMTkyMCAxMjgwIiBmaWxsPSJub25lIiB4bWxucz0iaHR0cDovL3d3dy53My5vcmcvMjAwMC9zdmciPjwvc3ZnPg==\" data-src=\"https:\/\/i0.wp.com\/frederiquelebrun.com\/wp-content\/uploads\/2021\/11\/2021-09-19-manif-femmes-afghanes-03-_MG_4411-scaled.jpg?fit=1920%2C1280&amp;ssl=1\" data-srcset=\"https:\/\/i0.wp.com\/frederiquelebrun.com\/wp-content\/uploads\/2021\/11\/2021-09-19-manif-femmes-afghanes-03-_MG_4411-scaled.jpg?w=2560&amp;ssl=1 2560w, https:\/\/i0.wp.com\/frederiquelebrun.com\/wp-content\/uploads\/2021\/11\/2021-09-19-manif-femmes-afghanes-03-_MG_4411-scaled.jpg?resize=300%2C200&amp;ssl=1 300w, https:\/\/i0.wp.com\/frederiquelebrun.com\/wp-content\/uploads\/2021\/11\/2021-09-19-manif-femmes-afghanes-03-_MG_4411-scaled.jpg?resize=600%2C400&amp;ssl=1 600w, https:\/\/i0.wp.com\/frederiquelebrun.com\/wp-content\/uploads\/2021\/11\/2021-09-19-manif-femmes-afghanes-03-_MG_4411-scaled.jpg?resize=1024%2C683&amp;ssl=1 1024w, https:\/\/i0.wp.com\/frederiquelebrun.com\/wp-content\/uploads\/2021\/11\/2021-09-19-manif-femmes-afghanes-03-_MG_4411-scaled.jpg?resize=768%2C512&amp;ssl=1 768w, https:\/\/i0.wp.com\/frederiquelebrun.com\/wp-content\/uploads\/2021\/11\/2021-09-19-manif-femmes-afghanes-03-_MG_4411-scaled.jpg?resize=1536%2C1024&amp;ssl=1 1536w, https:\/\/i0.wp.com\/frederiquelebrun.com\/wp-content\/uploads\/2021\/11\/2021-09-19-manif-femmes-afghanes-03-_MG_4411-scaled.jpg?resize=2048%2C1365&amp;ssl=1 2048w, https:\/\/i0.wp.com\/frederiquelebrun.com\/wp-content\/uploads\/2021\/11\/2021-09-19-manif-femmes-afghanes-03-_MG_4411-scaled.jpg?resize=18%2C12&amp;ssl=1 18w, https:\/\/i0.wp.com\/frederiquelebrun.com\/wp-content\/uploads\/2021\/11\/2021-09-19-manif-femmes-afghanes-03-_MG_4411-scaled.jpg?resize=500%2C333&amp;ssl=1 500w, https:\/\/i0.wp.com\/frederiquelebrun.com\/wp-content\/uploads\/2021\/11\/2021-09-19-manif-femmes-afghanes-03-_MG_4411-scaled.jpg?resize=800%2C533&amp;ssl=1 800w, https:\/\/i0.wp.com\/frederiquelebrun.com\/wp-content\/uploads\/2021\/11\/2021-09-19-manif-femmes-afghanes-03-_MG_4411-scaled.jpg?resize=1280%2C853&amp;ssl=1 1280w, https:\/\/i0.wp.com\/frederiquelebrun.com\/wp-content\/uploads\/2021\/11\/2021-09-19-manif-femmes-afghanes-03-_MG_4411-scaled.jpg?resize=1920%2C1280&amp;ssl=1 1920w\" data-sizes=\"auto\" loading=\"eager\">\n\t\t<div class=\"vp-portfolio__item-overlay\">\n\t\t\t\t\t<\/div>\n\n\t\t<\/a>\t<\/div>\n<\/div>\n\n\t\t\t<\/figure>\n\t\t\t\t\t<\/div>\n\t\t\n\t\t<div\t\tclass=\"vp-portfolio__item-wrap vp-portfolio__item-uid-601e94b3\" data-vp-filter=\"\" \t\t>\n\t\t\t<template class=\"vp-portfolio__item-popup\" data-vp-popup-img=\"https:\/\/i0.wp.com\/frederiquelebrun.com\/wp-content\/uploads\/2021\/11\/2021-09-19-manif-femmes-afghanes-06-_MG_4444-scaled.jpg?fit=1920%2C1280&#038;ssl=1\" data-vp-popup-img-srcset=\"https:\/\/i0.wp.com\/frederiquelebrun.com\/wp-content\/uploads\/2021\/11\/2021-09-19-manif-femmes-afghanes-06-_MG_4444-scaled.jpg?w=2560&amp;ssl=1 2560w, https:\/\/i0.wp.com\/frederiquelebrun.com\/wp-content\/uploads\/2021\/11\/2021-09-19-manif-femmes-afghanes-06-_MG_4444-scaled.jpg?resize=300%2C200&amp;ssl=1 300w, https:\/\/i0.wp.com\/frederiquelebrun.com\/wp-content\/uploads\/2021\/11\/2021-09-19-manif-femmes-afghanes-06-_MG_4444-scaled.jpg?resize=600%2C400&amp;ssl=1 600w, https:\/\/i0.wp.com\/frederiquelebrun.com\/wp-content\/uploads\/2021\/11\/2021-09-19-manif-femmes-afghanes-06-_MG_4444-scaled.jpg?resize=1024%2C683&amp;ssl=1 1024w, https:\/\/i0.wp.com\/frederiquelebrun.com\/wp-content\/uploads\/2021\/11\/2021-09-19-manif-femmes-afghanes-06-_MG_4444-scaled.jpg?resize=768%2C512&amp;ssl=1 768w, https:\/\/i0.wp.com\/frederiquelebrun.com\/wp-content\/uploads\/2021\/11\/2021-09-19-manif-femmes-afghanes-06-_MG_4444-scaled.jpg?resize=1536%2C1024&amp;ssl=1 1536w, https:\/\/i0.wp.com\/frederiquelebrun.com\/wp-content\/uploads\/2021\/11\/2021-09-19-manif-femmes-afghanes-06-_MG_4444-scaled.jpg?resize=2048%2C1365&amp;ssl=1 2048w, https:\/\/i0.wp.com\/frederiquelebrun.com\/wp-content\/uploads\/2021\/11\/2021-09-19-manif-femmes-afghanes-06-_MG_4444-scaled.jpg?resize=18%2C12&amp;ssl=1 18w, https:\/\/i0.wp.com\/frederiquelebrun.com\/wp-content\/uploads\/2021\/11\/2021-09-19-manif-femmes-afghanes-06-_MG_4444-scaled.jpg?resize=500%2C333&amp;ssl=1 500w, https:\/\/i0.wp.com\/frederiquelebrun.com\/wp-content\/uploads\/2021\/11\/2021-09-19-manif-femmes-afghanes-06-_MG_4444-scaled.jpg?resize=800%2C533&amp;ssl=1 800w, https:\/\/i0.wp.com\/frederiquelebrun.com\/wp-content\/uploads\/2021\/11\/2021-09-19-manif-femmes-afghanes-06-_MG_4444-scaled.jpg?resize=1280%2C853&amp;ssl=1 1280w, https:\/\/i0.wp.com\/frederiquelebrun.com\/wp-content\/uploads\/2021\/11\/2021-09-19-manif-femmes-afghanes-06-_MG_4444-scaled.jpg?resize=1920%2C1280&amp;ssl=1 1920w\" data-vp-popup-img-size=\"1920x1280\" data-vp-popup-md-img=\"https:\/\/i0.wp.com\/frederiquelebrun.com\/wp-content\/uploads\/2021\/11\/2021-09-19-manif-femmes-afghanes-06-_MG_4444-scaled.jpg?fit=800%2C533&#038;ssl=1\" data-vp-popup-md-img-size=\"800x533\" data-vp-popup-sm-img=\"https:\/\/i0.wp.com\/frederiquelebrun.com\/wp-content\/uploads\/2021\/11\/2021-09-19-manif-femmes-afghanes-06-_MG_4444-scaled.jpg?fit=500%2C333&#038;ssl=1\" data-vp-popup-sm-img-size=\"500x333\">\n\t\t\t<div class=\"vp-portfolio__item-popup-description\">2021-09-19. Paris, manifestation, de la Place de la R\u00e9publique \u00e0 H\u00f4tel de ville, en soutien aux femmes afghanes, organis\u00e9e \u00e0 l&#8217;appel de nombreuses associations f\u00e9ministes. La manifestation a rassembl\u00e9 plusieurs milliers de personnes, dont de nombreux partisans d&#8217;Ahmad Massoud, fils du moudjahidine Ahmad Shad Massoud. Ceux-ci portent le drapeau noir-blanc-vert de Massoud. Outre les slogans anti-talibans, les manifestants ont aussi cri\u00e9 leur demande que la France (dont l&#8217;arm\u00e9e a particip\u00e9 \u00e0 l&#8217;occupation du pays pendant 14 ans) prenne ses responsabilit\u00e9s et accueille beaucoup plus que les 2600 Afghans qu&#8217;elle a \u00e9vacu\u00e9 par avion depuis la chute de Kaboul. Des chansons patriotiques ont fait pleurer de jeunes porte-drapeaux, et la manifestation s&#8217;est termin\u00e9e au son de la pop afghane et dans la fum\u00e9e des fumig\u00e8nes aux couleurs du drapeau afghan. Photo Fr\u00e9d\u00e9rique Le Brun<\/div>\n\t\t<\/template>\n\t\t\t\t\t\t<figure class=\"vp-portfolio__item\">\n\t\t\t\t\n<div class=\"vp-portfolio__item-img-wrap\">\n\t<div class=\"vp-portfolio__item-img\">\n\t\t\t<a\n\t\thref=\"https:\/\/i0.wp.com\/frederiquelebrun.com\/wp-content\/uploads\/2021\/11\/2021-09-19-manif-femmes-afghanes-06-_MG_4444-scaled.jpg?fit=1920%2C1280&#038;ssl=1\"\n\t\taria-label=\"Manifestation De Soutien Aux Femmes Afghanes\" \t>\n\t\n\t\t<noscript><img loading=\"lazy\" decoding=\"async\" width=\"1920\" height=\"1280\" data-skip-lazy src=\"https:\/\/i0.wp.com\/frederiquelebrun.com\/wp-content\/uploads\/2021\/11\/2021-09-19-manif-femmes-afghanes-06-_MG_4444-scaled.jpg?fit=1920%2C1280&amp;ssl=1\" class=\"wp-image-1842\" alt=\"Manifestation De Soutien Aux Femmes Afghanes\" srcset=\"https:\/\/i0.wp.com\/frederiquelebrun.com\/wp-content\/uploads\/2021\/11\/2021-09-19-manif-femmes-afghanes-06-_MG_4444-scaled.jpg?w=2560&amp;ssl=1 2560w, https:\/\/i0.wp.com\/frederiquelebrun.com\/wp-content\/uploads\/2021\/11\/2021-09-19-manif-femmes-afghanes-06-_MG_4444-scaled.jpg?resize=300%2C200&amp;ssl=1 300w, https:\/\/i0.wp.com\/frederiquelebrun.com\/wp-content\/uploads\/2021\/11\/2021-09-19-manif-femmes-afghanes-06-_MG_4444-scaled.jpg?resize=600%2C400&amp;ssl=1 600w, https:\/\/i0.wp.com\/frederiquelebrun.com\/wp-content\/uploads\/2021\/11\/2021-09-19-manif-femmes-afghanes-06-_MG_4444-scaled.jpg?resize=1024%2C683&amp;ssl=1 1024w, https:\/\/i0.wp.com\/frederiquelebrun.com\/wp-content\/uploads\/2021\/11\/2021-09-19-manif-femmes-afghanes-06-_MG_4444-scaled.jpg?resize=768%2C512&amp;ssl=1 768w, https:\/\/i0.wp.com\/frederiquelebrun.com\/wp-content\/uploads\/2021\/11\/2021-09-19-manif-femmes-afghanes-06-_MG_4444-scaled.jpg?resize=1536%2C1024&amp;ssl=1 1536w, https:\/\/i0.wp.com\/frederiquelebrun.com\/wp-content\/uploads\/2021\/11\/2021-09-19-manif-femmes-afghanes-06-_MG_4444-scaled.jpg?resize=2048%2C1365&amp;ssl=1 2048w, https:\/\/i0.wp.com\/frederiquelebrun.com\/wp-content\/uploads\/2021\/11\/2021-09-19-manif-femmes-afghanes-06-_MG_4444-scaled.jpg?resize=18%2C12&amp;ssl=1 18w, https:\/\/i0.wp.com\/frederiquelebrun.com\/wp-content\/uploads\/2021\/11\/2021-09-19-manif-femmes-afghanes-06-_MG_4444-scaled.jpg?resize=500%2C333&amp;ssl=1 500w, https:\/\/i0.wp.com\/frederiquelebrun.com\/wp-content\/uploads\/2021\/11\/2021-09-19-manif-femmes-afghanes-06-_MG_4444-scaled.jpg?resize=800%2C533&amp;ssl=1 800w, https:\/\/i0.wp.com\/frederiquelebrun.com\/wp-content\/uploads\/2021\/11\/2021-09-19-manif-femmes-afghanes-06-_MG_4444-scaled.jpg?resize=1280%2C853&amp;ssl=1 1280w, https:\/\/i0.wp.com\/frederiquelebrun.com\/wp-content\/uploads\/2021\/11\/2021-09-19-manif-femmes-afghanes-06-_MG_4444-scaled.jpg?resize=1920%2C1280&amp;ssl=1 1920w\" sizes=\"(max-width: 1000px) 100vw, 1000px\" \/><\/noscript><img decoding=\"async\" width=\"1920\" height=\"1280\" src=\"https:\/\/i0.wp.com\/frederiquelebrun.com\/wp-content\/uploads\/2021\/11\/2021-09-19-manif-femmes-afghanes-06-_MG_4444-scaled.jpg?fit=1920%2C1280&amp;ssl=1\" class=\"wp-image-1842 vp-lazyload\" alt=\"Manifestation De Soutien Aux Femmes Afghanes\" srcset=\"data:image\/svg+xml;base64,PHN2ZyB3aWR0aD0iMTkyMCIgaGVpZ2h0PSIxMjgwIiB2aWV3Qm94PSIwIDAgMTkyMCAxMjgwIiBmaWxsPSJub25lIiB4bWxucz0iaHR0cDovL3d3dy53My5vcmcvMjAwMC9zdmciPjwvc3ZnPg==\" data-src=\"https:\/\/i0.wp.com\/frederiquelebrun.com\/wp-content\/uploads\/2021\/11\/2021-09-19-manif-femmes-afghanes-06-_MG_4444-scaled.jpg?fit=1920%2C1280&amp;ssl=1\" data-srcset=\"https:\/\/i0.wp.com\/frederiquelebrun.com\/wp-content\/uploads\/2021\/11\/2021-09-19-manif-femmes-afghanes-06-_MG_4444-scaled.jpg?w=2560&amp;ssl=1 2560w, https:\/\/i0.wp.com\/frederiquelebrun.com\/wp-content\/uploads\/2021\/11\/2021-09-19-manif-femmes-afghanes-06-_MG_4444-scaled.jpg?resize=300%2C200&amp;ssl=1 300w, https:\/\/i0.wp.com\/frederiquelebrun.com\/wp-content\/uploads\/2021\/11\/2021-09-19-manif-femmes-afghanes-06-_MG_4444-scaled.jpg?resize=600%2C400&amp;ssl=1 600w, https:\/\/i0.wp.com\/frederiquelebrun.com\/wp-content\/uploads\/2021\/11\/2021-09-19-manif-femmes-afghanes-06-_MG_4444-scaled.jpg?resize=1024%2C683&amp;ssl=1 1024w, https:\/\/i0.wp.com\/frederiquelebrun.com\/wp-content\/uploads\/2021\/11\/2021-09-19-manif-femmes-afghanes-06-_MG_4444-scaled.jpg?resize=768%2C512&amp;ssl=1 768w, https:\/\/i0.wp.com\/frederiquelebrun.com\/wp-content\/uploads\/2021\/11\/2021-09-19-manif-femmes-afghanes-06-_MG_4444-scaled.jpg?resize=1536%2C1024&amp;ssl=1 1536w, https:\/\/i0.wp.com\/frederiquelebrun.com\/wp-content\/uploads\/2021\/11\/2021-09-19-manif-femmes-afghanes-06-_MG_4444-scaled.jpg?resize=2048%2C1365&amp;ssl=1 2048w, https:\/\/i0.wp.com\/frederiquelebrun.com\/wp-content\/uploads\/2021\/11\/2021-09-19-manif-femmes-afghanes-06-_MG_4444-scaled.jpg?resize=18%2C12&amp;ssl=1 18w, https:\/\/i0.wp.com\/frederiquelebrun.com\/wp-content\/uploads\/2021\/11\/2021-09-19-manif-femmes-afghanes-06-_MG_4444-scaled.jpg?resize=500%2C333&amp;ssl=1 500w, https:\/\/i0.wp.com\/frederiquelebrun.com\/wp-content\/uploads\/2021\/11\/2021-09-19-manif-femmes-afghanes-06-_MG_4444-scaled.jpg?resize=800%2C533&amp;ssl=1 800w, https:\/\/i0.wp.com\/frederiquelebrun.com\/wp-content\/uploads\/2021\/11\/2021-09-19-manif-femmes-afghanes-06-_MG_4444-scaled.jpg?resize=1280%2C853&amp;ssl=1 1280w, https:\/\/i0.wp.com\/frederiquelebrun.com\/wp-content\/uploads\/2021\/11\/2021-09-19-manif-femmes-afghanes-06-_MG_4444-scaled.jpg?resize=1920%2C1280&amp;ssl=1 1920w\" data-sizes=\"auto\" loading=\"eager\">\n\t\t<div class=\"vp-portfolio__item-overlay\">\n\t\t\t\t\t<\/div>\n\n\t\t<\/a>\t<\/div>\n<\/div>\n\n\t\t\t<\/figure>\n\t\t\t\t\t<\/div>\n\t\t\n\t\t<div\t\tclass=\"vp-portfolio__item-wrap vp-portfolio__item-uid-4c5add00\" data-vp-filter=\"\" \t\t>\n\t\t\t<template class=\"vp-portfolio__item-popup\" data-vp-popup-img=\"https:\/\/i0.wp.com\/frederiquelebrun.com\/wp-content\/uploads\/2021\/11\/2021-09-19-manif-femmes-afghanes-12-_MG_4490-scaled.jpg?fit=1707%2C2560&#038;ssl=1\" data-vp-popup-img-srcset=\"https:\/\/i0.wp.com\/frederiquelebrun.com\/wp-content\/uploads\/2021\/11\/2021-09-19-manif-femmes-afghanes-12-_MG_4490-scaled.jpg?w=1707&amp;ssl=1 1707w, https:\/\/i0.wp.com\/frederiquelebrun.com\/wp-content\/uploads\/2021\/11\/2021-09-19-manif-femmes-afghanes-12-_MG_4490-scaled.jpg?resize=300%2C450&amp;ssl=1 300w, https:\/\/i0.wp.com\/frederiquelebrun.com\/wp-content\/uploads\/2021\/11\/2021-09-19-manif-femmes-afghanes-12-_MG_4490-scaled.jpg?resize=600%2C900&amp;ssl=1 600w, https:\/\/i0.wp.com\/frederiquelebrun.com\/wp-content\/uploads\/2021\/11\/2021-09-19-manif-femmes-afghanes-12-_MG_4490-scaled.jpg?resize=200%2C300&amp;ssl=1 200w, https:\/\/i0.wp.com\/frederiquelebrun.com\/wp-content\/uploads\/2021\/11\/2021-09-19-manif-femmes-afghanes-12-_MG_4490-scaled.jpg?resize=683%2C1024&amp;ssl=1 683w, https:\/\/i0.wp.com\/frederiquelebrun.com\/wp-content\/uploads\/2021\/11\/2021-09-19-manif-femmes-afghanes-12-_MG_4490-scaled.jpg?resize=768%2C1152&amp;ssl=1 768w, https:\/\/i0.wp.com\/frederiquelebrun.com\/wp-content\/uploads\/2021\/11\/2021-09-19-manif-femmes-afghanes-12-_MG_4490-scaled.jpg?resize=1024%2C1536&amp;ssl=1 1024w, https:\/\/i0.wp.com\/frederiquelebrun.com\/wp-content\/uploads\/2021\/11\/2021-09-19-manif-femmes-afghanes-12-_MG_4490-scaled.jpg?resize=1365%2C2048&amp;ssl=1 1365w, https:\/\/i0.wp.com\/frederiquelebrun.com\/wp-content\/uploads\/2021\/11\/2021-09-19-manif-femmes-afghanes-12-_MG_4490-scaled.jpg?resize=8%2C12&amp;ssl=1 8w, https:\/\/i0.wp.com\/frederiquelebrun.com\/wp-content\/uploads\/2021\/11\/2021-09-19-manif-femmes-afghanes-12-_MG_4490-scaled.jpg?resize=500%2C750&amp;ssl=1 500w, https:\/\/i0.wp.com\/frederiquelebrun.com\/wp-content\/uploads\/2021\/11\/2021-09-19-manif-femmes-afghanes-12-_MG_4490-scaled.jpg?resize=800%2C1200&amp;ssl=1 800w, https:\/\/i0.wp.com\/frederiquelebrun.com\/wp-content\/uploads\/2021\/11\/2021-09-19-manif-femmes-afghanes-12-_MG_4490-scaled.jpg?resize=1280%2C1920&amp;ssl=1 1280w, https:\/\/i0.wp.com\/frederiquelebrun.com\/wp-content\/uploads\/2021\/11\/2021-09-19-manif-femmes-afghanes-12-_MG_4490-scaled.jpg?resize=1920%2C2880&amp;ssl=1 1920w\" data-vp-popup-img-size=\"1707x2560\" data-vp-popup-md-img=\"https:\/\/i0.wp.com\/frederiquelebrun.com\/wp-content\/uploads\/2021\/11\/2021-09-19-manif-femmes-afghanes-12-_MG_4490-scaled.jpg?fit=800%2C1200&#038;ssl=1\" data-vp-popup-md-img-size=\"800x1200\" data-vp-popup-sm-img=\"https:\/\/i0.wp.com\/frederiquelebrun.com\/wp-content\/uploads\/2021\/11\/2021-09-19-manif-femmes-afghanes-12-_MG_4490-scaled.jpg?fit=500%2C750&#038;ssl=1\" data-vp-popup-sm-img-size=\"500x750\">\n\t\t\t<div class=\"vp-portfolio__item-popup-description\">2021-09-19. Paris, manifestation, de la Place de la R\u00e9publique \u00e0 H\u00f4tel de ville, en soutien aux femmes afghanes, organis\u00e9e \u00e0 l&#8217;appel de nombreuses associations f\u00e9ministes. La manifestation a rassembl\u00e9 plusieurs milliers de personnes, dont de nombreux partisans d&#8217;Ahmad Massoud, fils du moudjahidine Ahmad Shad Massoud. Ceux-ci portent le drapeau noir-blanc-vert de Massoud. Outre les slogans anti-talibans, les manifestants ont aussi cri\u00e9 leur demande que la France (dont l&#8217;arm\u00e9e a particip\u00e9 \u00e0 l&#8217;occupation du pays pendant 14 ans) prenne ses responsabilit\u00e9s et accueille beaucoup plus que les 2600 Afghans qu&#8217;elle a \u00e9vacu\u00e9 par avion depuis la chute de Kaboul. Des chansons patriotiques ont fait pleurer de jeunes porte-drapeaux, et la manifestation s&#8217;est termin\u00e9e au son de la pop afghane et dans la fum\u00e9e des fumig\u00e8nes aux couleurs du drapeau afghan. Ici, une Afghane qui porte le drapeau des Hazaras, proclame &#8220;notre voix est notre arme&#8221;. Photo Fr\u00e9d\u00e9rique Le Brun<\/div>\n\t\t<\/template>\n\t\t\t\t\t\t<figure class=\"vp-portfolio__item\">\n\t\t\t\t\n<div class=\"vp-portfolio__item-img-wrap\">\n\t<div class=\"vp-portfolio__item-img\">\n\t\t\t<a\n\t\thref=\"https:\/\/i0.wp.com\/frederiquelebrun.com\/wp-content\/uploads\/2021\/11\/2021-09-19-manif-femmes-afghanes-12-_MG_4490-scaled.jpg?fit=1707%2C2560&#038;ssl=1\"\n\t\taria-label=\"Manifestation De Soutien Aux Femmes Afghanes\" \t>\n\t\n\t\t<noscript><img loading=\"lazy\" decoding=\"async\" width=\"1920\" height=\"2880\" data-skip-lazy src=\"https:\/\/i0.wp.com\/frederiquelebrun.com\/wp-content\/uploads\/2021\/11\/2021-09-19-manif-femmes-afghanes-12-_MG_4490-scaled.jpg?fit=1920%2C2880&amp;ssl=1\" class=\"wp-image-1845\" alt=\"Manifestation De Soutien Aux Femmes Afghanes\" srcset=\"https:\/\/i0.wp.com\/frederiquelebrun.com\/wp-content\/uploads\/2021\/11\/2021-09-19-manif-femmes-afghanes-12-_MG_4490-scaled.jpg?w=1707&amp;ssl=1 1707w, https:\/\/i0.wp.com\/frederiquelebrun.com\/wp-content\/uploads\/2021\/11\/2021-09-19-manif-femmes-afghanes-12-_MG_4490-scaled.jpg?resize=300%2C450&amp;ssl=1 300w, https:\/\/i0.wp.com\/frederiquelebrun.com\/wp-content\/uploads\/2021\/11\/2021-09-19-manif-femmes-afghanes-12-_MG_4490-scaled.jpg?resize=600%2C900&amp;ssl=1 600w, https:\/\/i0.wp.com\/frederiquelebrun.com\/wp-content\/uploads\/2021\/11\/2021-09-19-manif-femmes-afghanes-12-_MG_4490-scaled.jpg?resize=200%2C300&amp;ssl=1 200w, https:\/\/i0.wp.com\/frederiquelebrun.com\/wp-content\/uploads\/2021\/11\/2021-09-19-manif-femmes-afghanes-12-_MG_4490-scaled.jpg?resize=683%2C1024&amp;ssl=1 683w, https:\/\/i0.wp.com\/frederiquelebrun.com\/wp-content\/uploads\/2021\/11\/2021-09-19-manif-femmes-afghanes-12-_MG_4490-scaled.jpg?resize=768%2C1152&amp;ssl=1 768w, https:\/\/i0.wp.com\/frederiquelebrun.com\/wp-content\/uploads\/2021\/11\/2021-09-19-manif-femmes-afghanes-12-_MG_4490-scaled.jpg?resize=1024%2C1536&amp;ssl=1 1024w, https:\/\/i0.wp.com\/frederiquelebrun.com\/wp-content\/uploads\/2021\/11\/2021-09-19-manif-femmes-afghanes-12-_MG_4490-scaled.jpg?resize=1365%2C2048&amp;ssl=1 1365w, https:\/\/i0.wp.com\/frederiquelebrun.com\/wp-content\/uploads\/2021\/11\/2021-09-19-manif-femmes-afghanes-12-_MG_4490-scaled.jpg?resize=8%2C12&amp;ssl=1 8w, https:\/\/i0.wp.com\/frederiquelebrun.com\/wp-content\/uploads\/2021\/11\/2021-09-19-manif-femmes-afghanes-12-_MG_4490-scaled.jpg?resize=500%2C750&amp;ssl=1 500w, https:\/\/i0.wp.com\/frederiquelebrun.com\/wp-content\/uploads\/2021\/11\/2021-09-19-manif-femmes-afghanes-12-_MG_4490-scaled.jpg?resize=800%2C1200&amp;ssl=1 800w, https:\/\/i0.wp.com\/frederiquelebrun.com\/wp-content\/uploads\/2021\/11\/2021-09-19-manif-femmes-afghanes-12-_MG_4490-scaled.jpg?resize=1280%2C1920&amp;ssl=1 1280w, https:\/\/i0.wp.com\/frederiquelebrun.com\/wp-content\/uploads\/2021\/11\/2021-09-19-manif-femmes-afghanes-12-_MG_4490-scaled.jpg?resize=1920%2C2880&amp;ssl=1 1920w\" sizes=\"(max-width: 1000px) 100vw, 1000px\" \/><\/noscript><img decoding=\"async\" width=\"1920\" height=\"2880\" src=\"https:\/\/i0.wp.com\/frederiquelebrun.com\/wp-content\/uploads\/2021\/11\/2021-09-19-manif-femmes-afghanes-12-_MG_4490-scaled.jpg?fit=1920%2C2880&amp;ssl=1\" class=\"wp-image-1845 vp-lazyload\" alt=\"Manifestation De Soutien Aux Femmes Afghanes\" srcset=\"data:image\/svg+xml;base64,PHN2ZyB3aWR0aD0iMTkyMCIgaGVpZ2h0PSIyODgwIiB2aWV3Qm94PSIwIDAgMTkyMCAyODgwIiBmaWxsPSJub25lIiB4bWxucz0iaHR0cDovL3d3dy53My5vcmcvMjAwMC9zdmciPjwvc3ZnPg==\" data-src=\"https:\/\/i0.wp.com\/frederiquelebrun.com\/wp-content\/uploads\/2021\/11\/2021-09-19-manif-femmes-afghanes-12-_MG_4490-scaled.jpg?fit=1920%2C2880&amp;ssl=1\" data-srcset=\"https:\/\/i0.wp.com\/frederiquelebrun.com\/wp-content\/uploads\/2021\/11\/2021-09-19-manif-femmes-afghanes-12-_MG_4490-scaled.jpg?w=1707&amp;ssl=1 1707w, https:\/\/i0.wp.com\/frederiquelebrun.com\/wp-content\/uploads\/2021\/11\/2021-09-19-manif-femmes-afghanes-12-_MG_4490-scaled.jpg?resize=300%2C450&amp;ssl=1 300w, https:\/\/i0.wp.com\/frederiquelebrun.com\/wp-content\/uploads\/2021\/11\/2021-09-19-manif-femmes-afghanes-12-_MG_4490-scaled.jpg?resize=600%2C900&amp;ssl=1 600w, https:\/\/i0.wp.com\/frederiquelebrun.com\/wp-content\/uploads\/2021\/11\/2021-09-19-manif-femmes-afghanes-12-_MG_4490-scaled.jpg?resize=200%2C300&amp;ssl=1 200w, https:\/\/i0.wp.com\/frederiquelebrun.com\/wp-content\/uploads\/2021\/11\/2021-09-19-manif-femmes-afghanes-12-_MG_4490-scaled.jpg?resize=683%2C1024&amp;ssl=1 683w, https:\/\/i0.wp.com\/frederiquelebrun.com\/wp-content\/uploads\/2021\/11\/2021-09-19-manif-femmes-afghanes-12-_MG_4490-scaled.jpg?resize=768%2C1152&amp;ssl=1 768w, https:\/\/i0.wp.com\/frederiquelebrun.com\/wp-content\/uploads\/2021\/11\/2021-09-19-manif-femmes-afghanes-12-_MG_4490-scaled.jpg?resize=1024%2C1536&amp;ssl=1 1024w, https:\/\/i0.wp.com\/frederiquelebrun.com\/wp-content\/uploads\/2021\/11\/2021-09-19-manif-femmes-afghanes-12-_MG_4490-scaled.jpg?resize=1365%2C2048&amp;ssl=1 1365w, https:\/\/i0.wp.com\/frederiquelebrun.com\/wp-content\/uploads\/2021\/11\/2021-09-19-manif-femmes-afghanes-12-_MG_4490-scaled.jpg?resize=8%2C12&amp;ssl=1 8w, https:\/\/i0.wp.com\/frederiquelebrun.com\/wp-content\/uploads\/2021\/11\/2021-09-19-manif-femmes-afghanes-12-_MG_4490-scaled.jpg?resize=500%2C750&amp;ssl=1 500w, https:\/\/i0.wp.com\/frederiquelebrun.com\/wp-content\/uploads\/2021\/11\/2021-09-19-manif-femmes-afghanes-12-_MG_4490-scaled.jpg?resize=800%2C1200&amp;ssl=1 800w, https:\/\/i0.wp.com\/frederiquelebrun.com\/wp-content\/uploads\/2021\/11\/2021-09-19-manif-femmes-afghanes-12-_MG_4490-scaled.jpg?resize=1280%2C1920&amp;ssl=1 1280w, https:\/\/i0.wp.com\/frederiquelebrun.com\/wp-content\/uploads\/2021\/11\/2021-09-19-manif-femmes-afghanes-12-_MG_4490-scaled.jpg?resize=1920%2C2880&amp;ssl=1 1920w\" data-sizes=\"auto\" loading=\"eager\">\n\t\t<div class=\"vp-portfolio__item-overlay\">\n\t\t\t\t\t<\/div>\n\n\t\t<\/a>\t<\/div>\n<\/div>\n\n\t\t\t<\/figure>\n\t\t\t\t\t<\/div>\n\t\t\n\t\t<div\t\tclass=\"vp-portfolio__item-wrap vp-portfolio__item-uid-98595185\" data-vp-filter=\"\" \t\t>\n\t\t\t<template class=\"vp-portfolio__item-popup\" data-vp-popup-img=\"https:\/\/i0.wp.com\/frederiquelebrun.com\/wp-content\/uploads\/2021\/11\/2021-09-19-manif-femmes-afghanes-07-_MG_4446-scaled.jpg?fit=1920%2C1280&#038;ssl=1\" data-vp-popup-img-srcset=\"https:\/\/i0.wp.com\/frederiquelebrun.com\/wp-content\/uploads\/2021\/11\/2021-09-19-manif-femmes-afghanes-07-_MG_4446-scaled.jpg?w=2560&amp;ssl=1 2560w, https:\/\/i0.wp.com\/frederiquelebrun.com\/wp-content\/uploads\/2021\/11\/2021-09-19-manif-femmes-afghanes-07-_MG_4446-scaled.jpg?w=2000&amp;ssl=1 2000w\" data-vp-popup-img-size=\"1920x1280\" data-vp-popup-md-img=\"https:\/\/i0.wp.com\/frederiquelebrun.com\/wp-content\/uploads\/2021\/11\/2021-09-19-manif-femmes-afghanes-07-_MG_4446-scaled.jpg?fit=800%2C533&#038;ssl=1\" data-vp-popup-md-img-size=\"800x533\" data-vp-popup-sm-img=\"https:\/\/i0.wp.com\/frederiquelebrun.com\/wp-content\/uploads\/2021\/11\/2021-09-19-manif-femmes-afghanes-07-_MG_4446-scaled.jpg?fit=500%2C333&#038;ssl=1\" data-vp-popup-sm-img-size=\"500x333\">\n\t\t\t<div class=\"vp-portfolio__item-popup-description\">2021-09-19. Paris, manifestation, de la Place de la R\u00e9publique \u00e0 H\u00f4tel de ville, en soutien aux femmes afghanes, organis\u00e9e \u00e0 l&#8217;appel de nombreuses associations f\u00e9ministes. La manifestation a rassembl\u00e9 plusieurs milliers de personnes, dont de nombreux partisans d&#8217;Ahmad Massoud, fils du moudjahidine Ahmad Shad Massoud. Ceux-ci portent le drapeau noir-blanc-vert de Massoud. Outre les slogans anti-talibans, les manifestants ont aussi cri\u00e9 leur demande que la France (dont l&#8217;arm\u00e9e a particip\u00e9 \u00e0 l&#8217;occupation du pays pendant 14 ans) prenne ses responsabilit\u00e9s et accueille beaucoup plus que les 2600 Afghans qu&#8217;elle a \u00e9vacu\u00e9 par avion depuis la chute de Kaboul. Des chansons patriotiques ont fait pleurer de jeunes porte-drapeaux, et la manifestation s&#8217;est termin\u00e9e au son de la pop afghane et dans la fum\u00e9e des fumig\u00e8nes aux couleurs du drapeau afghan. Photo Fr\u00e9d\u00e9rique Le Brun<\/div>\n\t\t<\/template>\n\t\t\t\t\t\t<figure class=\"vp-portfolio__item\">\n\t\t\t\t\n<div class=\"vp-portfolio__item-img-wrap\">\n\t<div class=\"vp-portfolio__item-img\">\n\t\t\t<a\n\t\thref=\"https:\/\/i0.wp.com\/frederiquelebrun.com\/wp-content\/uploads\/2021\/11\/2021-09-19-manif-femmes-afghanes-07-_MG_4446-scaled.jpg?fit=1920%2C1280&#038;ssl=1\"\n\t\taria-label=\"Manifestation De Soutien Aux Femmes Afghanes\" \t>\n\t\n\t\t<noscript><img loading=\"lazy\" decoding=\"async\" width=\"1920\" height=\"1280\" data-skip-lazy src=\"https:\/\/i0.wp.com\/frederiquelebrun.com\/wp-content\/uploads\/2021\/11\/2021-09-19-manif-femmes-afghanes-07-_MG_4446-scaled.jpg?fit=1920%2C1280&amp;ssl=1\" class=\"wp-image-1843\" alt=\"Manifestation De Soutien Aux Femmes Afghanes\" srcset=\"https:\/\/i0.wp.com\/frederiquelebrun.com\/wp-content\/uploads\/2021\/11\/2021-09-19-manif-femmes-afghanes-07-_MG_4446-scaled.jpg?w=2560&amp;ssl=1 2560w, https:\/\/i0.wp.com\/frederiquelebrun.com\/wp-content\/uploads\/2021\/11\/2021-09-19-manif-femmes-afghanes-07-_MG_4446-scaled.jpg?w=2000&amp;ssl=1 2000w\" sizes=\"(max-width: 1000px) 100vw, 1000px\" \/><\/noscript><img decoding=\"async\" width=\"1920\" height=\"1280\" src=\"https:\/\/i0.wp.com\/frederiquelebrun.com\/wp-content\/uploads\/2021\/11\/2021-09-19-manif-femmes-afghanes-07-_MG_4446-scaled.jpg?fit=1920%2C1280&amp;ssl=1\" class=\"wp-image-1843 vp-lazyload\" alt=\"Manifestation De Soutien Aux Femmes Afghanes\" srcset=\"data:image\/svg+xml;base64,PHN2ZyB3aWR0aD0iMTkyMCIgaGVpZ2h0PSIxMjgwIiB2aWV3Qm94PSIwIDAgMTkyMCAxMjgwIiBmaWxsPSJub25lIiB4bWxucz0iaHR0cDovL3d3dy53My5vcmcvMjAwMC9zdmciPjwvc3ZnPg==\" data-src=\"https:\/\/i0.wp.com\/frederiquelebrun.com\/wp-content\/uploads\/2021\/11\/2021-09-19-manif-femmes-afghanes-07-_MG_4446-scaled.jpg?fit=1920%2C1280&amp;ssl=1\" data-srcset=\"https:\/\/i0.wp.com\/frederiquelebrun.com\/wp-content\/uploads\/2021\/11\/2021-09-19-manif-femmes-afghanes-07-_MG_4446-scaled.jpg?w=2560&amp;ssl=1 2560w, https:\/\/i0.wp.com\/frederiquelebrun.com\/wp-content\/uploads\/2021\/11\/2021-09-19-manif-femmes-afghanes-07-_MG_4446-scaled.jpg?w=2000&amp;ssl=1 2000w\" data-sizes=\"auto\" loading=\"eager\">\n\t\t<div class=\"vp-portfolio__item-overlay\">\n\t\t\t\t\t<\/div>\n\n\t\t<\/a>\t<\/div>\n<\/div>\n\n\t\t\t<\/figure>\n\t\t\t\t\t<\/div>\n\t\t\n\t\t<div\t\tclass=\"vp-portfolio__item-wrap vp-portfolio__item-uid-419dbef6\" data-vp-filter=\"\" \t\t>\n\t\t\t<template class=\"vp-portfolio__item-popup\" data-vp-popup-img=\"https:\/\/i0.wp.com\/frederiquelebrun.com\/wp-content\/uploads\/2021\/11\/2021-09-19-manif-femmes-afghanes-09-_MG_4461-scaled.jpg?fit=1920%2C1280&#038;ssl=1\" data-vp-popup-img-srcset=\"https:\/\/i0.wp.com\/frederiquelebrun.com\/wp-content\/uploads\/2021\/11\/2021-09-19-manif-femmes-afghanes-09-_MG_4461-scaled.jpg?w=2560&amp;ssl=1 2560w, https:\/\/i0.wp.com\/frederiquelebrun.com\/wp-content\/uploads\/2021\/11\/2021-09-19-manif-femmes-afghanes-09-_MG_4461-scaled.jpg?resize=300%2C200&amp;ssl=1 300w, https:\/\/i0.wp.com\/frederiquelebrun.com\/wp-content\/uploads\/2021\/11\/2021-09-19-manif-femmes-afghanes-09-_MG_4461-scaled.jpg?resize=600%2C400&amp;ssl=1 600w, https:\/\/i0.wp.com\/frederiquelebrun.com\/wp-content\/uploads\/2021\/11\/2021-09-19-manif-femmes-afghanes-09-_MG_4461-scaled.jpg?resize=1024%2C683&amp;ssl=1 1024w, https:\/\/i0.wp.com\/frederiquelebrun.com\/wp-content\/uploads\/2021\/11\/2021-09-19-manif-femmes-afghanes-09-_MG_4461-scaled.jpg?resize=768%2C512&amp;ssl=1 768w, https:\/\/i0.wp.com\/frederiquelebrun.com\/wp-content\/uploads\/2021\/11\/2021-09-19-manif-femmes-afghanes-09-_MG_4461-scaled.jpg?resize=1536%2C1024&amp;ssl=1 1536w, https:\/\/i0.wp.com\/frederiquelebrun.com\/wp-content\/uploads\/2021\/11\/2021-09-19-manif-femmes-afghanes-09-_MG_4461-scaled.jpg?resize=2048%2C1365&amp;ssl=1 2048w, https:\/\/i0.wp.com\/frederiquelebrun.com\/wp-content\/uploads\/2021\/11\/2021-09-19-manif-femmes-afghanes-09-_MG_4461-scaled.jpg?resize=18%2C12&amp;ssl=1 18w, https:\/\/i0.wp.com\/frederiquelebrun.com\/wp-content\/uploads\/2021\/11\/2021-09-19-manif-femmes-afghanes-09-_MG_4461-scaled.jpg?resize=500%2C333&amp;ssl=1 500w, https:\/\/i0.wp.com\/frederiquelebrun.com\/wp-content\/uploads\/2021\/11\/2021-09-19-manif-femmes-afghanes-09-_MG_4461-scaled.jpg?resize=800%2C533&amp;ssl=1 800w, https:\/\/i0.wp.com\/frederiquelebrun.com\/wp-content\/uploads\/2021\/11\/2021-09-19-manif-femmes-afghanes-09-_MG_4461-scaled.jpg?resize=1280%2C853&amp;ssl=1 1280w, https:\/\/i0.wp.com\/frederiquelebrun.com\/wp-content\/uploads\/2021\/11\/2021-09-19-manif-femmes-afghanes-09-_MG_4461-scaled.jpg?resize=1920%2C1280&amp;ssl=1 1920w\" data-vp-popup-img-size=\"1920x1280\" data-vp-popup-md-img=\"https:\/\/i0.wp.com\/frederiquelebrun.com\/wp-content\/uploads\/2021\/11\/2021-09-19-manif-femmes-afghanes-09-_MG_4461-scaled.jpg?fit=800%2C533&#038;ssl=1\" data-vp-popup-md-img-size=\"800x533\" data-vp-popup-sm-img=\"https:\/\/i0.wp.com\/frederiquelebrun.com\/wp-content\/uploads\/2021\/11\/2021-09-19-manif-femmes-afghanes-09-_MG_4461-scaled.jpg?fit=500%2C333&#038;ssl=1\" data-vp-popup-sm-img-size=\"500x333\">\n\t\t\t<div class=\"vp-portfolio__item-popup-description\">2021-09-19. Paris, manifestation, de la Place de la R\u00e9publique \u00e0 H\u00f4tel de ville, en soutien aux femmes afghanes, organis\u00e9e \u00e0 l&#8217;appel de nombreuses associations f\u00e9ministes. La manifestation a rassembl\u00e9 plusieurs milliers de personnes, dont de nombreux partisans d&#8217;Ahmad Massoud, fils du moudjahidine Ahmad Shad Massoud. Ceux-ci portent le drapeau noir-blanc-vert de Massoud. Outre les slogans anti-talibans, les manifestants ont aussi cri\u00e9 leur demande que la France (dont l&#8217;arm\u00e9e a particip\u00e9 \u00e0 l&#8217;occupation du pays pendant 14 ans) prenne ses responsabilit\u00e9s et accueille beaucoup plus que les 2600 Afghans qu&#8217;elle a \u00e9vacu\u00e9 par avion depuis la chute de Kaboul. Des chansons patriotiques ont fait pleurer de jeunes porte-drapeaux, et la manifestation s&#8217;est termin\u00e9e au son de la pop afghane et dans la fum\u00e9e des fumig\u00e8nes aux couleurs du drapeau afghan. Photo Fr\u00e9d\u00e9rique Le Brun<\/div>\n\t\t<\/template>\n\t\t\t\t\t\t<figure class=\"vp-portfolio__item\">\n\t\t\t\t\n<div class=\"vp-portfolio__item-img-wrap\">\n\t<div class=\"vp-portfolio__item-img\">\n\t\t\t<a\n\t\thref=\"https:\/\/i0.wp.com\/frederiquelebrun.com\/wp-content\/uploads\/2021\/11\/2021-09-19-manif-femmes-afghanes-09-_MG_4461-scaled.jpg?fit=1920%2C1280&#038;ssl=1\"\n\t\taria-label=\"Manifestation De Soutien Aux Femmes Afghanes\" \t>\n\t\n\t\t<noscript><img loading=\"lazy\" decoding=\"async\" width=\"1920\" height=\"1280\" data-skip-lazy src=\"https:\/\/i0.wp.com\/frederiquelebrun.com\/wp-content\/uploads\/2021\/11\/2021-09-19-manif-femmes-afghanes-09-_MG_4461-scaled.jpg?fit=1920%2C1280&amp;ssl=1\" class=\"wp-image-1844\" alt=\"Manifestation De Soutien Aux Femmes Afghanes\" srcset=\"https:\/\/i0.wp.com\/frederiquelebrun.com\/wp-content\/uploads\/2021\/11\/2021-09-19-manif-femmes-afghanes-09-_MG_4461-scaled.jpg?w=2560&amp;ssl=1 2560w, https:\/\/i0.wp.com\/frederiquelebrun.com\/wp-content\/uploads\/2021\/11\/2021-09-19-manif-femmes-afghanes-09-_MG_4461-scaled.jpg?resize=300%2C200&amp;ssl=1 300w, https:\/\/i0.wp.com\/frederiquelebrun.com\/wp-content\/uploads\/2021\/11\/2021-09-19-manif-femmes-afghanes-09-_MG_4461-scaled.jpg?resize=600%2C400&amp;ssl=1 600w, https:\/\/i0.wp.com\/frederiquelebrun.com\/wp-content\/uploads\/2021\/11\/2021-09-19-manif-femmes-afghanes-09-_MG_4461-scaled.jpg?resize=1024%2C683&amp;ssl=1 1024w, https:\/\/i0.wp.com\/frederiquelebrun.com\/wp-content\/uploads\/2021\/11\/2021-09-19-manif-femmes-afghanes-09-_MG_4461-scaled.jpg?resize=768%2C512&amp;ssl=1 768w, https:\/\/i0.wp.com\/frederiquelebrun.com\/wp-content\/uploads\/2021\/11\/2021-09-19-manif-femmes-afghanes-09-_MG_4461-scaled.jpg?resize=1536%2C1024&amp;ssl=1 1536w, https:\/\/i0.wp.com\/frederiquelebrun.com\/wp-content\/uploads\/2021\/11\/2021-09-19-manif-femmes-afghanes-09-_MG_4461-scaled.jpg?resize=2048%2C1365&amp;ssl=1 2048w, https:\/\/i0.wp.com\/frederiquelebrun.com\/wp-content\/uploads\/2021\/11\/2021-09-19-manif-femmes-afghanes-09-_MG_4461-scaled.jpg?resize=18%2C12&amp;ssl=1 18w, https:\/\/i0.wp.com\/frederiquelebrun.com\/wp-content\/uploads\/2021\/11\/2021-09-19-manif-femmes-afghanes-09-_MG_4461-scaled.jpg?resize=500%2C333&amp;ssl=1 500w, https:\/\/i0.wp.com\/frederiquelebrun.com\/wp-content\/uploads\/2021\/11\/2021-09-19-manif-femmes-afghanes-09-_MG_4461-scaled.jpg?resize=800%2C533&amp;ssl=1 800w, https:\/\/i0.wp.com\/frederiquelebrun.com\/wp-content\/uploads\/2021\/11\/2021-09-19-manif-femmes-afghanes-09-_MG_4461-scaled.jpg?resize=1280%2C853&amp;ssl=1 1280w, https:\/\/i0.wp.com\/frederiquelebrun.com\/wp-content\/uploads\/2021\/11\/2021-09-19-manif-femmes-afghanes-09-_MG_4461-scaled.jpg?resize=1920%2C1280&amp;ssl=1 1920w\" sizes=\"(max-width: 1000px) 100vw, 1000px\" \/><\/noscript><img decoding=\"async\" width=\"1920\" height=\"1280\" src=\"https:\/\/i0.wp.com\/frederiquelebrun.com\/wp-content\/uploads\/2021\/11\/2021-09-19-manif-femmes-afghanes-09-_MG_4461-scaled.jpg?fit=1920%2C1280&amp;ssl=1\" class=\"wp-image-1844 vp-lazyload\" alt=\"Manifestation De Soutien Aux Femmes Afghanes\" srcset=\"data:image\/svg+xml;base64,PHN2ZyB3aWR0aD0iMTkyMCIgaGVpZ2h0PSIxMjgwIiB2aWV3Qm94PSIwIDAgMTkyMCAxMjgwIiBmaWxsPSJub25lIiB4bWxucz0iaHR0cDovL3d3dy53My5vcmcvMjAwMC9zdmciPjwvc3ZnPg==\" data-src=\"https:\/\/i0.wp.com\/frederiquelebrun.com\/wp-content\/uploads\/2021\/11\/2021-09-19-manif-femmes-afghanes-09-_MG_4461-scaled.jpg?fit=1920%2C1280&amp;ssl=1\" data-srcset=\"https:\/\/i0.wp.com\/frederiquelebrun.com\/wp-content\/uploads\/2021\/11\/2021-09-19-manif-femmes-afghanes-09-_MG_4461-scaled.jpg?w=2560&amp;ssl=1 2560w, https:\/\/i0.wp.com\/frederiquelebrun.com\/wp-content\/uploads\/2021\/11\/2021-09-19-manif-femmes-afghanes-09-_MG_4461-scaled.jpg?resize=300%2C200&amp;ssl=1 300w, https:\/\/i0.wp.com\/frederiquelebrun.com\/wp-content\/uploads\/2021\/11\/2021-09-19-manif-femmes-afghanes-09-_MG_4461-scaled.jpg?resize=600%2C400&amp;ssl=1 600w, https:\/\/i0.wp.com\/frederiquelebrun.com\/wp-content\/uploads\/2021\/11\/2021-09-19-manif-femmes-afghanes-09-_MG_4461-scaled.jpg?resize=1024%2C683&amp;ssl=1 1024w, https:\/\/i0.wp.com\/frederiquelebrun.com\/wp-content\/uploads\/2021\/11\/2021-09-19-manif-femmes-afghanes-09-_MG_4461-scaled.jpg?resize=768%2C512&amp;ssl=1 768w, https:\/\/i0.wp.com\/frederiquelebrun.com\/wp-content\/uploads\/2021\/11\/2021-09-19-manif-femmes-afghanes-09-_MG_4461-scaled.jpg?resize=1536%2C1024&amp;ssl=1 1536w, https:\/\/i0.wp.com\/frederiquelebrun.com\/wp-content\/uploads\/2021\/11\/2021-09-19-manif-femmes-afghanes-09-_MG_4461-scaled.jpg?resize=2048%2C1365&amp;ssl=1 2048w, https:\/\/i0.wp.com\/frederiquelebrun.com\/wp-content\/uploads\/2021\/11\/2021-09-19-manif-femmes-afghanes-09-_MG_4461-scaled.jpg?resize=18%2C12&amp;ssl=1 18w, https:\/\/i0.wp.com\/frederiquelebrun.com\/wp-content\/uploads\/2021\/11\/2021-09-19-manif-femmes-afghanes-09-_MG_4461-scaled.jpg?resize=500%2C333&amp;ssl=1 500w, https:\/\/i0.wp.com\/frederiquelebrun.com\/wp-content\/uploads\/2021\/11\/2021-09-19-manif-femmes-afghanes-09-_MG_4461-scaled.jpg?resize=800%2C533&amp;ssl=1 800w, https:\/\/i0.wp.com\/frederiquelebrun.com\/wp-content\/uploads\/2021\/11\/2021-09-19-manif-femmes-afghanes-09-_MG_4461-scaled.jpg?resize=1280%2C853&amp;ssl=1 1280w, https:\/\/i0.wp.com\/frederiquelebrun.com\/wp-content\/uploads\/2021\/11\/2021-09-19-manif-femmes-afghanes-09-_MG_4461-scaled.jpg?resize=1920%2C1280&amp;ssl=1 1920w\" data-sizes=\"auto\" loading=\"eager\">\n\t\t<div class=\"vp-portfolio__item-overlay\">\n\t\t\t\t\t<\/div>\n\n\t\t<\/a>\t<\/div>\n<\/div>\n\n\t\t\t<\/figure>\n\t\t\t\t\t<\/div>\n\t\t\n\t\t<div\t\tclass=\"vp-portfolio__item-wrap vp-portfolio__item-uid-92f3f66a\" data-vp-filter=\"\" \t\t>\n\t\t\t<template class=\"vp-portfolio__item-popup\" data-vp-popup-img=\"https:\/\/i0.wp.com\/frederiquelebrun.com\/wp-content\/uploads\/2021\/11\/2021-09-19-manif-femmes-afghanes-15-_MG_4522-scaled.jpg?fit=1920%2C1280&#038;ssl=1\" data-vp-popup-img-srcset=\"https:\/\/i0.wp.com\/frederiquelebrun.com\/wp-content\/uploads\/2021\/11\/2021-09-19-manif-femmes-afghanes-15-_MG_4522-scaled.jpg?w=2560&amp;ssl=1 2560w, https:\/\/i0.wp.com\/frederiquelebrun.com\/wp-content\/uploads\/2021\/11\/2021-09-19-manif-femmes-afghanes-15-_MG_4522-scaled.jpg?resize=300%2C200&amp;ssl=1 300w, https:\/\/i0.wp.com\/frederiquelebrun.com\/wp-content\/uploads\/2021\/11\/2021-09-19-manif-femmes-afghanes-15-_MG_4522-scaled.jpg?resize=600%2C400&amp;ssl=1 600w, https:\/\/i0.wp.com\/frederiquelebrun.com\/wp-content\/uploads\/2021\/11\/2021-09-19-manif-femmes-afghanes-15-_MG_4522-scaled.jpg?resize=1024%2C683&amp;ssl=1 1024w, https:\/\/i0.wp.com\/frederiquelebrun.com\/wp-content\/uploads\/2021\/11\/2021-09-19-manif-femmes-afghanes-15-_MG_4522-scaled.jpg?resize=768%2C512&amp;ssl=1 768w, https:\/\/i0.wp.com\/frederiquelebrun.com\/wp-content\/uploads\/2021\/11\/2021-09-19-manif-femmes-afghanes-15-_MG_4522-scaled.jpg?resize=1536%2C1024&amp;ssl=1 1536w, https:\/\/i0.wp.com\/frederiquelebrun.com\/wp-content\/uploads\/2021\/11\/2021-09-19-manif-femmes-afghanes-15-_MG_4522-scaled.jpg?resize=2048%2C1365&amp;ssl=1 2048w, https:\/\/i0.wp.com\/frederiquelebrun.com\/wp-content\/uploads\/2021\/11\/2021-09-19-manif-femmes-afghanes-15-_MG_4522-scaled.jpg?resize=18%2C12&amp;ssl=1 18w, https:\/\/i0.wp.com\/frederiquelebrun.com\/wp-content\/uploads\/2021\/11\/2021-09-19-manif-femmes-afghanes-15-_MG_4522-scaled.jpg?resize=500%2C333&amp;ssl=1 500w, https:\/\/i0.wp.com\/frederiquelebrun.com\/wp-content\/uploads\/2021\/11\/2021-09-19-manif-femmes-afghanes-15-_MG_4522-scaled.jpg?resize=800%2C533&amp;ssl=1 800w, https:\/\/i0.wp.com\/frederiquelebrun.com\/wp-content\/uploads\/2021\/11\/2021-09-19-manif-femmes-afghanes-15-_MG_4522-scaled.jpg?resize=1280%2C853&amp;ssl=1 1280w, https:\/\/i0.wp.com\/frederiquelebrun.com\/wp-content\/uploads\/2021\/11\/2021-09-19-manif-femmes-afghanes-15-_MG_4522-scaled.jpg?resize=1920%2C1280&amp;ssl=1 1920w\" data-vp-popup-img-size=\"1920x1280\" data-vp-popup-md-img=\"https:\/\/i0.wp.com\/frederiquelebrun.com\/wp-content\/uploads\/2021\/11\/2021-09-19-manif-femmes-afghanes-15-_MG_4522-scaled.jpg?fit=800%2C533&#038;ssl=1\" data-vp-popup-md-img-size=\"800x533\" data-vp-popup-sm-img=\"https:\/\/i0.wp.com\/frederiquelebrun.com\/wp-content\/uploads\/2021\/11\/2021-09-19-manif-femmes-afghanes-15-_MG_4522-scaled.jpg?fit=500%2C333&#038;ssl=1\" data-vp-popup-sm-img-size=\"500x333\">\n\t\t\t<div class=\"vp-portfolio__item-popup-description\">2021-09-19. Paris, manifestation, de la Place de la R\u00e9publique \u00e0 H\u00f4tel de ville, en soutien aux femmes afghanes, organis\u00e9e \u00e0 l&#8217;appel de nombreuses associations f\u00e9ministes. La manifestation a rassembl\u00e9 plusieurs milliers de personnes, dont de nombreux partisans d&#8217;Ahmad Massoud, fils du moudjahidine Ahmad Shad Massoud. Ceux-ci portent le drapeau noir-blanc-vert de Massoud. Outre les slogans anti-talibans, les manifestants ont aussi cri\u00e9 leur demande que la France (dont l&#8217;arm\u00e9e a particip\u00e9 \u00e0 l&#8217;occupation du pays pendant 14 ans) prenne ses responsabilit\u00e9s et accueille beaucoup plus que les 2600 Afghans qu&#8217;elle a \u00e9vacu\u00e9 par avion depuis la chute de Kaboul. Des chansons patriotiques ont fait pleurer de jeunes porte-drapeaux, et la manifestation s&#8217;est termin\u00e9e au son de la pop afghane et dans la fum\u00e9e des fumig\u00e8nes aux couleurs du drapeau afghan. Photo Fr\u00e9d\u00e9rique Le Brun<\/div>\n\t\t<\/template>\n\t\t\t\t\t\t<figure class=\"vp-portfolio__item\">\n\t\t\t\t\n<div class=\"vp-portfolio__item-img-wrap\">\n\t<div class=\"vp-portfolio__item-img\">\n\t\t\t<a\n\t\thref=\"https:\/\/i0.wp.com\/frederiquelebrun.com\/wp-content\/uploads\/2021\/11\/2021-09-19-manif-femmes-afghanes-15-_MG_4522-scaled.jpg?fit=1920%2C1280&#038;ssl=1\"\n\t\taria-label=\"Manifestation De Soutien Aux Femmes Afghanes\" \t>\n\t\n\t\t<noscript><img loading=\"lazy\" decoding=\"async\" width=\"1920\" height=\"1280\" data-skip-lazy src=\"https:\/\/i0.wp.com\/frederiquelebrun.com\/wp-content\/uploads\/2021\/11\/2021-09-19-manif-femmes-afghanes-15-_MG_4522-scaled.jpg?fit=1920%2C1280&amp;ssl=1\" class=\"wp-image-1846\" alt=\"Manifestation De Soutien Aux Femmes Afghanes\" srcset=\"https:\/\/i0.wp.com\/frederiquelebrun.com\/wp-content\/uploads\/2021\/11\/2021-09-19-manif-femmes-afghanes-15-_MG_4522-scaled.jpg?w=2560&amp;ssl=1 2560w, https:\/\/i0.wp.com\/frederiquelebrun.com\/wp-content\/uploads\/2021\/11\/2021-09-19-manif-femmes-afghanes-15-_MG_4522-scaled.jpg?resize=300%2C200&amp;ssl=1 300w, https:\/\/i0.wp.com\/frederiquelebrun.com\/wp-content\/uploads\/2021\/11\/2021-09-19-manif-femmes-afghanes-15-_MG_4522-scaled.jpg?resize=600%2C400&amp;ssl=1 600w, https:\/\/i0.wp.com\/frederiquelebrun.com\/wp-content\/uploads\/2021\/11\/2021-09-19-manif-femmes-afghanes-15-_MG_4522-scaled.jpg?resize=1024%2C683&amp;ssl=1 1024w, https:\/\/i0.wp.com\/frederiquelebrun.com\/wp-content\/uploads\/2021\/11\/2021-09-19-manif-femmes-afghanes-15-_MG_4522-scaled.jpg?resize=768%2C512&amp;ssl=1 768w, https:\/\/i0.wp.com\/frederiquelebrun.com\/wp-content\/uploads\/2021\/11\/2021-09-19-manif-femmes-afghanes-15-_MG_4522-scaled.jpg?resize=1536%2C1024&amp;ssl=1 1536w, https:\/\/i0.wp.com\/frederiquelebrun.com\/wp-content\/uploads\/2021\/11\/2021-09-19-manif-femmes-afghanes-15-_MG_4522-scaled.jpg?resize=2048%2C1365&amp;ssl=1 2048w, https:\/\/i0.wp.com\/frederiquelebrun.com\/wp-content\/uploads\/2021\/11\/2021-09-19-manif-femmes-afghanes-15-_MG_4522-scaled.jpg?resize=18%2C12&amp;ssl=1 18w, https:\/\/i0.wp.com\/frederiquelebrun.com\/wp-content\/uploads\/2021\/11\/2021-09-19-manif-femmes-afghanes-15-_MG_4522-scaled.jpg?resize=500%2C333&amp;ssl=1 500w, https:\/\/i0.wp.com\/frederiquelebrun.com\/wp-content\/uploads\/2021\/11\/2021-09-19-manif-femmes-afghanes-15-_MG_4522-scaled.jpg?resize=800%2C533&amp;ssl=1 800w, https:\/\/i0.wp.com\/frederiquelebrun.com\/wp-content\/uploads\/2021\/11\/2021-09-19-manif-femmes-afghanes-15-_MG_4522-scaled.jpg?resize=1280%2C853&amp;ssl=1 1280w, https:\/\/i0.wp.com\/frederiquelebrun.com\/wp-content\/uploads\/2021\/11\/2021-09-19-manif-femmes-afghanes-15-_MG_4522-scaled.jpg?resize=1920%2C1280&amp;ssl=1 1920w\" sizes=\"(max-width: 1000px) 100vw, 1000px\" \/><\/noscript><img decoding=\"async\" width=\"1920\" height=\"1280\" src=\"https:\/\/i0.wp.com\/frederiquelebrun.com\/wp-content\/uploads\/2021\/11\/2021-09-19-manif-femmes-afghanes-15-_MG_4522-scaled.jpg?fit=1920%2C1280&amp;ssl=1\" class=\"wp-image-1846 vp-lazyload\" alt=\"Manifestation De Soutien Aux Femmes Afghanes\" srcset=\"data:image\/svg+xml;base64,PHN2ZyB3aWR0aD0iMTkyMCIgaGVpZ2h0PSIxMjgwIiB2aWV3Qm94PSIwIDAgMTkyMCAxMjgwIiBmaWxsPSJub25lIiB4bWxucz0iaHR0cDovL3d3dy53My5vcmcvMjAwMC9zdmciPjwvc3ZnPg==\" data-src=\"https:\/\/i0.wp.com\/frederiquelebrun.com\/wp-content\/uploads\/2021\/11\/2021-09-19-manif-femmes-afghanes-15-_MG_4522-scaled.jpg?fit=1920%2C1280&amp;ssl=1\" data-srcset=\"https:\/\/i0.wp.com\/frederiquelebrun.com\/wp-content\/uploads\/2021\/11\/2021-09-19-manif-femmes-afghanes-15-_MG_4522-scaled.jpg?w=2560&amp;ssl=1 2560w, https:\/\/i0.wp.com\/frederiquelebrun.com\/wp-content\/uploads\/2021\/11\/2021-09-19-manif-femmes-afghanes-15-_MG_4522-scaled.jpg?resize=300%2C200&amp;ssl=1 300w, https:\/\/i0.wp.com\/frederiquelebrun.com\/wp-content\/uploads\/2021\/11\/2021-09-19-manif-femmes-afghanes-15-_MG_4522-scaled.jpg?resize=600%2C400&amp;ssl=1 600w, https:\/\/i0.wp.com\/frederiquelebrun.com\/wp-content\/uploads\/2021\/11\/2021-09-19-manif-femmes-afghanes-15-_MG_4522-scaled.jpg?resize=1024%2C683&amp;ssl=1 1024w, https:\/\/i0.wp.com\/frederiquelebrun.com\/wp-content\/uploads\/2021\/11\/2021-09-19-manif-femmes-afghanes-15-_MG_4522-scaled.jpg?resize=768%2C512&amp;ssl=1 768w, https:\/\/i0.wp.com\/frederiquelebrun.com\/wp-content\/uploads\/2021\/11\/2021-09-19-manif-femmes-afghanes-15-_MG_4522-scaled.jpg?resize=1536%2C1024&amp;ssl=1 1536w, https:\/\/i0.wp.com\/frederiquelebrun.com\/wp-content\/uploads\/2021\/11\/2021-09-19-manif-femmes-afghanes-15-_MG_4522-scaled.jpg?resize=2048%2C1365&amp;ssl=1 2048w, https:\/\/i0.wp.com\/frederiquelebrun.com\/wp-content\/uploads\/2021\/11\/2021-09-19-manif-femmes-afghanes-15-_MG_4522-scaled.jpg?resize=18%2C12&amp;ssl=1 18w, https:\/\/i0.wp.com\/frederiquelebrun.com\/wp-content\/uploads\/2021\/11\/2021-09-19-manif-femmes-afghanes-15-_MG_4522-scaled.jpg?resize=500%2C333&amp;ssl=1 500w, https:\/\/i0.wp.com\/frederiquelebrun.com\/wp-content\/uploads\/2021\/11\/2021-09-19-manif-femmes-afghanes-15-_MG_4522-scaled.jpg?resize=800%2C533&amp;ssl=1 800w, https:\/\/i0.wp.com\/frederiquelebrun.com\/wp-content\/uploads\/2021\/11\/2021-09-19-manif-femmes-afghanes-15-_MG_4522-scaled.jpg?resize=1280%2C853&amp;ssl=1 1280w, https:\/\/i0.wp.com\/frederiquelebrun.com\/wp-content\/uploads\/2021\/11\/2021-09-19-manif-femmes-afghanes-15-_MG_4522-scaled.jpg?resize=1920%2C1280&amp;ssl=1 1920w\" data-sizes=\"auto\" loading=\"eager\">\n\t\t<div class=\"vp-portfolio__item-overlay\">\n\t\t\t\t\t<\/div>\n\n\t\t<\/a>\t<\/div>\n<\/div>\n\n\t\t\t<\/figure>\n\t\t\t\t\t<\/div>\n\t\t\n\t\t<div\t\tclass=\"vp-portfolio__item-wrap vp-portfolio__item-uid-67a4512d\" data-vp-filter=\"\" \t\t>\n\t\t\t<template class=\"vp-portfolio__item-popup\" data-vp-popup-img=\"https:\/\/i0.wp.com\/frederiquelebrun.com\/wp-content\/uploads\/2021\/11\/2021-09-19-manif-femmes-afghanes-16-_MG_4533-scaled.jpg?fit=1920%2C1280&#038;ssl=1\" data-vp-popup-img-srcset=\"https:\/\/i0.wp.com\/frederiquelebrun.com\/wp-content\/uploads\/2021\/11\/2021-09-19-manif-femmes-afghanes-16-_MG_4533-scaled.jpg?w=2560&amp;ssl=1 2560w, https:\/\/i0.wp.com\/frederiquelebrun.com\/wp-content\/uploads\/2021\/11\/2021-09-19-manif-femmes-afghanes-16-_MG_4533-scaled.jpg?resize=300%2C200&amp;ssl=1 300w, https:\/\/i0.wp.com\/frederiquelebrun.com\/wp-content\/uploads\/2021\/11\/2021-09-19-manif-femmes-afghanes-16-_MG_4533-scaled.jpg?resize=600%2C400&amp;ssl=1 600w, https:\/\/i0.wp.com\/frederiquelebrun.com\/wp-content\/uploads\/2021\/11\/2021-09-19-manif-femmes-afghanes-16-_MG_4533-scaled.jpg?resize=1024%2C683&amp;ssl=1 1024w, https:\/\/i0.wp.com\/frederiquelebrun.com\/wp-content\/uploads\/2021\/11\/2021-09-19-manif-femmes-afghanes-16-_MG_4533-scaled.jpg?resize=768%2C512&amp;ssl=1 768w, https:\/\/i0.wp.com\/frederiquelebrun.com\/wp-content\/uploads\/2021\/11\/2021-09-19-manif-femmes-afghanes-16-_MG_4533-scaled.jpg?resize=1536%2C1024&amp;ssl=1 1536w, https:\/\/i0.wp.com\/frederiquelebrun.com\/wp-content\/uploads\/2021\/11\/2021-09-19-manif-femmes-afghanes-16-_MG_4533-scaled.jpg?resize=2048%2C1365&amp;ssl=1 2048w, https:\/\/i0.wp.com\/frederiquelebrun.com\/wp-content\/uploads\/2021\/11\/2021-09-19-manif-femmes-afghanes-16-_MG_4533-scaled.jpg?resize=18%2C12&amp;ssl=1 18w, https:\/\/i0.wp.com\/frederiquelebrun.com\/wp-content\/uploads\/2021\/11\/2021-09-19-manif-femmes-afghanes-16-_MG_4533-scaled.jpg?resize=500%2C333&amp;ssl=1 500w, https:\/\/i0.wp.com\/frederiquelebrun.com\/wp-content\/uploads\/2021\/11\/2021-09-19-manif-femmes-afghanes-16-_MG_4533-scaled.jpg?resize=800%2C533&amp;ssl=1 800w, https:\/\/i0.wp.com\/frederiquelebrun.com\/wp-content\/uploads\/2021\/11\/2021-09-19-manif-femmes-afghanes-16-_MG_4533-scaled.jpg?resize=1280%2C853&amp;ssl=1 1280w, https:\/\/i0.wp.com\/frederiquelebrun.com\/wp-content\/uploads\/2021\/11\/2021-09-19-manif-femmes-afghanes-16-_MG_4533-scaled.jpg?resize=1920%2C1280&amp;ssl=1 1920w\" data-vp-popup-img-size=\"1920x1280\" data-vp-popup-md-img=\"https:\/\/i0.wp.com\/frederiquelebrun.com\/wp-content\/uploads\/2021\/11\/2021-09-19-manif-femmes-afghanes-16-_MG_4533-scaled.jpg?fit=800%2C533&#038;ssl=1\" data-vp-popup-md-img-size=\"800x533\" data-vp-popup-sm-img=\"https:\/\/i0.wp.com\/frederiquelebrun.com\/wp-content\/uploads\/2021\/11\/2021-09-19-manif-femmes-afghanes-16-_MG_4533-scaled.jpg?fit=500%2C333&#038;ssl=1\" data-vp-popup-sm-img-size=\"500x333\">\n\t\t\t<div class=\"vp-portfolio__item-popup-description\">2021-09-19. Paris, manifestation, de la Place de la R\u00e9publique \u00e0 H\u00f4tel de ville, en soutien aux femmes afghanes, organis\u00e9e \u00e0 l&#8217;appel de nombreuses associations f\u00e9ministes. La manifestation a rassembl\u00e9 plusieurs milliers de personnes, dont de nombreux partisans d&#8217;Ahmad Massoud, fils du moudjahidine Ahmad Shad Massoud. Ceux-ci portent le drapeau noir-blanc-vert de Massoud. Outre les slogans anti-talibans, les manifestants ont aussi cri\u00e9 leur demande que la France (dont l&#8217;arm\u00e9e a particip\u00e9 \u00e0 l&#8217;occupation du pays pendant 14 ans) prenne ses responsabilit\u00e9s et accueille beaucoup plus que les 2600 Afghans qu&#8217;elle a \u00e9vacu\u00e9 par avion depuis la chute de Kaboul. Des chansons patriotiques ont fait pleurer de jeunes porte-drapeaux, et la manifestation s&#8217;est termin\u00e9e au son de la pop afghane et dans la fum\u00e9e des fumig\u00e8nes aux couleurs du drapeau afghan. Photo Fr\u00e9d\u00e9rique Le Brun<\/div>\n\t\t<\/template>\n\t\t\t\t\t\t<figure class=\"vp-portfolio__item\">\n\t\t\t\t\n<div class=\"vp-portfolio__item-img-wrap\">\n\t<div class=\"vp-portfolio__item-img\">\n\t\t\t<a\n\t\thref=\"https:\/\/i0.wp.com\/frederiquelebrun.com\/wp-content\/uploads\/2021\/11\/2021-09-19-manif-femmes-afghanes-16-_MG_4533-scaled.jpg?fit=1920%2C1280&#038;ssl=1\"\n\t\taria-label=\"Manifestation De Soutien Aux Femmes Afghanes\" \t>\n\t\n\t\t<noscript><img loading=\"lazy\" decoding=\"async\" width=\"1920\" height=\"1280\" data-skip-lazy src=\"https:\/\/i0.wp.com\/frederiquelebrun.com\/wp-content\/uploads\/2021\/11\/2021-09-19-manif-femmes-afghanes-16-_MG_4533-scaled.jpg?fit=1920%2C1280&amp;ssl=1\" class=\"wp-image-1847\" alt=\"Manifestation De Soutien Aux Femmes Afghanes\" srcset=\"https:\/\/i0.wp.com\/frederiquelebrun.com\/wp-content\/uploads\/2021\/11\/2021-09-19-manif-femmes-afghanes-16-_MG_4533-scaled.jpg?w=2560&amp;ssl=1 2560w, https:\/\/i0.wp.com\/frederiquelebrun.com\/wp-content\/uploads\/2021\/11\/2021-09-19-manif-femmes-afghanes-16-_MG_4533-scaled.jpg?resize=300%2C200&amp;ssl=1 300w, https:\/\/i0.wp.com\/frederiquelebrun.com\/wp-content\/uploads\/2021\/11\/2021-09-19-manif-femmes-afghanes-16-_MG_4533-scaled.jpg?resize=600%2C400&amp;ssl=1 600w, https:\/\/i0.wp.com\/frederiquelebrun.com\/wp-content\/uploads\/2021\/11\/2021-09-19-manif-femmes-afghanes-16-_MG_4533-scaled.jpg?resize=1024%2C683&amp;ssl=1 1024w, https:\/\/i0.wp.com\/frederiquelebrun.com\/wp-content\/uploads\/2021\/11\/2021-09-19-manif-femmes-afghanes-16-_MG_4533-scaled.jpg?resize=768%2C512&amp;ssl=1 768w, https:\/\/i0.wp.com\/frederiquelebrun.com\/wp-content\/uploads\/2021\/11\/2021-09-19-manif-femmes-afghanes-16-_MG_4533-scaled.jpg?resize=1536%2C1024&amp;ssl=1 1536w, https:\/\/i0.wp.com\/frederiquelebrun.com\/wp-content\/uploads\/2021\/11\/2021-09-19-manif-femmes-afghanes-16-_MG_4533-scaled.jpg?resize=2048%2C1365&amp;ssl=1 2048w, https:\/\/i0.wp.com\/frederiquelebrun.com\/wp-content\/uploads\/2021\/11\/2021-09-19-manif-femmes-afghanes-16-_MG_4533-scaled.jpg?resize=18%2C12&amp;ssl=1 18w, https:\/\/i0.wp.com\/frederiquelebrun.com\/wp-content\/uploads\/2021\/11\/2021-09-19-manif-femmes-afghanes-16-_MG_4533-scaled.jpg?resize=500%2C333&amp;ssl=1 500w, https:\/\/i0.wp.com\/frederiquelebrun.com\/wp-content\/uploads\/2021\/11\/2021-09-19-manif-femmes-afghanes-16-_MG_4533-scaled.jpg?resize=800%2C533&amp;ssl=1 800w, https:\/\/i0.wp.com\/frederiquelebrun.com\/wp-content\/uploads\/2021\/11\/2021-09-19-manif-femmes-afghanes-16-_MG_4533-scaled.jpg?resize=1280%2C853&amp;ssl=1 1280w, https:\/\/i0.wp.com\/frederiquelebrun.com\/wp-content\/uploads\/2021\/11\/2021-09-19-manif-femmes-afghanes-16-_MG_4533-scaled.jpg?resize=1920%2C1280&amp;ssl=1 1920w\" sizes=\"(max-width: 1000px) 100vw, 1000px\" \/><\/noscript><img decoding=\"async\" width=\"1920\" height=\"1280\" src=\"https:\/\/i0.wp.com\/frederiquelebrun.com\/wp-content\/uploads\/2021\/11\/2021-09-19-manif-femmes-afghanes-16-_MG_4533-scaled.jpg?fit=1920%2C1280&amp;ssl=1\" class=\"wp-image-1847 vp-lazyload\" alt=\"Manifestation De Soutien Aux Femmes Afghanes\" srcset=\"data:image\/svg+xml;base64,PHN2ZyB3aWR0aD0iMTkyMCIgaGVpZ2h0PSIxMjgwIiB2aWV3Qm94PSIwIDAgMTkyMCAxMjgwIiBmaWxsPSJub25lIiB4bWxucz0iaHR0cDovL3d3dy53My5vcmcvMjAwMC9zdmciPjwvc3ZnPg==\" data-src=\"https:\/\/i0.wp.com\/frederiquelebrun.com\/wp-content\/uploads\/2021\/11\/2021-09-19-manif-femmes-afghanes-16-_MG_4533-scaled.jpg?fit=1920%2C1280&amp;ssl=1\" data-srcset=\"https:\/\/i0.wp.com\/frederiquelebrun.com\/wp-content\/uploads\/2021\/11\/2021-09-19-manif-femmes-afghanes-16-_MG_4533-scaled.jpg?w=2560&amp;ssl=1 2560w, https:\/\/i0.wp.com\/frederiquelebrun.com\/wp-content\/uploads\/2021\/11\/2021-09-19-manif-femmes-afghanes-16-_MG_4533-scaled.jpg?resize=300%2C200&amp;ssl=1 300w, https:\/\/i0.wp.com\/frederiquelebrun.com\/wp-content\/uploads\/2021\/11\/2021-09-19-manif-femmes-afghanes-16-_MG_4533-scaled.jpg?resize=600%2C400&amp;ssl=1 600w, https:\/\/i0.wp.com\/frederiquelebrun.com\/wp-content\/uploads\/2021\/11\/2021-09-19-manif-femmes-afghanes-16-_MG_4533-scaled.jpg?resize=1024%2C683&amp;ssl=1 1024w, https:\/\/i0.wp.com\/frederiquelebrun.com\/wp-content\/uploads\/2021\/11\/2021-09-19-manif-femmes-afghanes-16-_MG_4533-scaled.jpg?resize=768%2C512&amp;ssl=1 768w, https:\/\/i0.wp.com\/frederiquelebrun.com\/wp-content\/uploads\/2021\/11\/2021-09-19-manif-femmes-afghanes-16-_MG_4533-scaled.jpg?resize=1536%2C1024&amp;ssl=1 1536w, https:\/\/i0.wp.com\/frederiquelebrun.com\/wp-content\/uploads\/2021\/11\/2021-09-19-manif-femmes-afghanes-16-_MG_4533-scaled.jpg?resize=2048%2C1365&amp;ssl=1 2048w, https:\/\/i0.wp.com\/frederiquelebrun.com\/wp-content\/uploads\/2021\/11\/2021-09-19-manif-femmes-afghanes-16-_MG_4533-scaled.jpg?resize=18%2C12&amp;ssl=1 18w, https:\/\/i0.wp.com\/frederiquelebrun.com\/wp-content\/uploads\/2021\/11\/2021-09-19-manif-femmes-afghanes-16-_MG_4533-scaled.jpg?resize=500%2C333&amp;ssl=1 500w, https:\/\/i0.wp.com\/frederiquelebrun.com\/wp-content\/uploads\/2021\/11\/2021-09-19-manif-femmes-afghanes-16-_MG_4533-scaled.jpg?resize=800%2C533&amp;ssl=1 800w, https:\/\/i0.wp.com\/frederiquelebrun.com\/wp-content\/uploads\/2021\/11\/2021-09-19-manif-femmes-afghanes-16-_MG_4533-scaled.jpg?resize=1280%2C853&amp;ssl=1 1280w, https:\/\/i0.wp.com\/frederiquelebrun.com\/wp-content\/uploads\/2021\/11\/2021-09-19-manif-femmes-afghanes-16-_MG_4533-scaled.jpg?resize=1920%2C1280&amp;ssl=1 1920w\" data-sizes=\"auto\" loading=\"eager\">\n\t\t<div class=\"vp-portfolio__item-overlay\">\n\t\t\t\t\t<\/div>\n\n\t\t<\/a>\t<\/div>\n<\/div>\n\n\t\t\t<\/figure>\n\t\t\t\t\t<\/div>\n\t\t\n\t\t<div\t\tclass=\"vp-portfolio__item-wrap vp-portfolio__item-uid-ca7b650c\" data-vp-filter=\"\" \t\t>\n\t\t\t<template class=\"vp-portfolio__item-popup\" data-vp-popup-img=\"https:\/\/i0.wp.com\/frederiquelebrun.com\/wp-content\/uploads\/2021\/11\/2021-09-19-manif-femmes-afghanes-20-_MG_4651-scaled.jpg?fit=1920%2C1280&#038;ssl=1\" data-vp-popup-img-srcset=\"https:\/\/i0.wp.com\/frederiquelebrun.com\/wp-content\/uploads\/2021\/11\/2021-09-19-manif-femmes-afghanes-20-_MG_4651-scaled.jpg?w=2560&amp;ssl=1 2560w, https:\/\/i0.wp.com\/frederiquelebrun.com\/wp-content\/uploads\/2021\/11\/2021-09-19-manif-femmes-afghanes-20-_MG_4651-scaled.jpg?resize=300%2C200&amp;ssl=1 300w, https:\/\/i0.wp.com\/frederiquelebrun.com\/wp-content\/uploads\/2021\/11\/2021-09-19-manif-femmes-afghanes-20-_MG_4651-scaled.jpg?resize=600%2C400&amp;ssl=1 600w, https:\/\/i0.wp.com\/frederiquelebrun.com\/wp-content\/uploads\/2021\/11\/2021-09-19-manif-femmes-afghanes-20-_MG_4651-scaled.jpg?resize=1024%2C683&amp;ssl=1 1024w, https:\/\/i0.wp.com\/frederiquelebrun.com\/wp-content\/uploads\/2021\/11\/2021-09-19-manif-femmes-afghanes-20-_MG_4651-scaled.jpg?resize=768%2C512&amp;ssl=1 768w, https:\/\/i0.wp.com\/frederiquelebrun.com\/wp-content\/uploads\/2021\/11\/2021-09-19-manif-femmes-afghanes-20-_MG_4651-scaled.jpg?resize=1536%2C1024&amp;ssl=1 1536w, https:\/\/i0.wp.com\/frederiquelebrun.com\/wp-content\/uploads\/2021\/11\/2021-09-19-manif-femmes-afghanes-20-_MG_4651-scaled.jpg?resize=2048%2C1365&amp;ssl=1 2048w, https:\/\/i0.wp.com\/frederiquelebrun.com\/wp-content\/uploads\/2021\/11\/2021-09-19-manif-femmes-afghanes-20-_MG_4651-scaled.jpg?resize=18%2C12&amp;ssl=1 18w, https:\/\/i0.wp.com\/frederiquelebrun.com\/wp-content\/uploads\/2021\/11\/2021-09-19-manif-femmes-afghanes-20-_MG_4651-scaled.jpg?resize=500%2C333&amp;ssl=1 500w, https:\/\/i0.wp.com\/frederiquelebrun.com\/wp-content\/uploads\/2021\/11\/2021-09-19-manif-femmes-afghanes-20-_MG_4651-scaled.jpg?resize=800%2C533&amp;ssl=1 800w, https:\/\/i0.wp.com\/frederiquelebrun.com\/wp-content\/uploads\/2021\/11\/2021-09-19-manif-femmes-afghanes-20-_MG_4651-scaled.jpg?resize=1280%2C853&amp;ssl=1 1280w, https:\/\/i0.wp.com\/frederiquelebrun.com\/wp-content\/uploads\/2021\/11\/2021-09-19-manif-femmes-afghanes-20-_MG_4651-scaled.jpg?resize=1920%2C1280&amp;ssl=1 1920w\" data-vp-popup-img-size=\"1920x1280\" data-vp-popup-md-img=\"https:\/\/i0.wp.com\/frederiquelebrun.com\/wp-content\/uploads\/2021\/11\/2021-09-19-manif-femmes-afghanes-20-_MG_4651-scaled.jpg?fit=800%2C533&#038;ssl=1\" data-vp-popup-md-img-size=\"800x533\" data-vp-popup-sm-img=\"https:\/\/i0.wp.com\/frederiquelebrun.com\/wp-content\/uploads\/2021\/11\/2021-09-19-manif-femmes-afghanes-20-_MG_4651-scaled.jpg?fit=500%2C333&#038;ssl=1\" data-vp-popup-sm-img-size=\"500x333\">\n\t\t\t<div class=\"vp-portfolio__item-popup-description\">2021-09-19. Paris, manifestation, de la Place de la R\u00e9publique \u00e0 H\u00f4tel de ville, en soutien aux femmes afghanes, organis\u00e9e \u00e0 l&#8217;appel de nombreuses associations f\u00e9ministes. La manifestation a rassembl\u00e9 plusieurs milliers de personnes, dont de nombreux partisans d&#8217;Ahmad Massoud, fils du moudjahidine Ahmad Shad Massoud. Ceux-ci portent le drapeau noir-blanc-vert de Massoud. Outre les slogans anti-talibans, les manifestants ont aussi cri\u00e9 leur demande que la France (dont l&#8217;arm\u00e9e a particip\u00e9 \u00e0 l&#8217;occupation du pays pendant 14 ans) prenne ses responsabilit\u00e9s et accueille beaucoup plus que les 2600 Afghans qu&#8217;elle a \u00e9vacu\u00e9 par avion depuis la chute de Kaboul. Des chansons patriotiques ont fait pleurer de jeunes porte-drapeaux, et la manifestation s&#8217;est termin\u00e9e au son de la pop afghane et dans la fum\u00e9e des fumig\u00e8nes aux couleurs du drapeau afghan. Photo Fr\u00e9d\u00e9rique Le Brun<\/div>\n\t\t<\/template>\n\t\t\t\t\t\t<figure class=\"vp-portfolio__item\">\n\t\t\t\t\n<div class=\"vp-portfolio__item-img-wrap\">\n\t<div class=\"vp-portfolio__item-img\">\n\t\t\t<a\n\t\thref=\"https:\/\/i0.wp.com\/frederiquelebrun.com\/wp-content\/uploads\/2021\/11\/2021-09-19-manif-femmes-afghanes-20-_MG_4651-scaled.jpg?fit=1920%2C1280&#038;ssl=1\"\n\t\taria-label=\"Manifestation De Soutien Aux Femmes Afghanes\" \t>\n\t\n\t\t<noscript><img loading=\"lazy\" decoding=\"async\" width=\"1920\" height=\"1280\" data-skip-lazy src=\"https:\/\/i0.wp.com\/frederiquelebrun.com\/wp-content\/uploads\/2021\/11\/2021-09-19-manif-femmes-afghanes-20-_MG_4651-scaled.jpg?fit=1920%2C1280&amp;ssl=1\" class=\"wp-image-1848\" alt=\"Manifestation De Soutien Aux Femmes Afghanes\" srcset=\"https:\/\/i0.wp.com\/frederiquelebrun.com\/wp-content\/uploads\/2021\/11\/2021-09-19-manif-femmes-afghanes-20-_MG_4651-scaled.jpg?w=2560&amp;ssl=1 2560w, https:\/\/i0.wp.com\/frederiquelebrun.com\/wp-content\/uploads\/2021\/11\/2021-09-19-manif-femmes-afghanes-20-_MG_4651-scaled.jpg?resize=300%2C200&amp;ssl=1 300w, https:\/\/i0.wp.com\/frederiquelebrun.com\/wp-content\/uploads\/2021\/11\/2021-09-19-manif-femmes-afghanes-20-_MG_4651-scaled.jpg?resize=600%2C400&amp;ssl=1 600w, https:\/\/i0.wp.com\/frederiquelebrun.com\/wp-content\/uploads\/2021\/11\/2021-09-19-manif-femmes-afghanes-20-_MG_4651-scaled.jpg?resize=1024%2C683&amp;ssl=1 1024w, https:\/\/i0.wp.com\/frederiquelebrun.com\/wp-content\/uploads\/2021\/11\/2021-09-19-manif-femmes-afghanes-20-_MG_4651-scaled.jpg?resize=768%2C512&amp;ssl=1 768w, https:\/\/i0.wp.com\/frederiquelebrun.com\/wp-content\/uploads\/2021\/11\/2021-09-19-manif-femmes-afghanes-20-_MG_4651-scaled.jpg?resize=1536%2C1024&amp;ssl=1 1536w, https:\/\/i0.wp.com\/frederiquelebrun.com\/wp-content\/uploads\/2021\/11\/2021-09-19-manif-femmes-afghanes-20-_MG_4651-scaled.jpg?resize=2048%2C1365&amp;ssl=1 2048w, https:\/\/i0.wp.com\/frederiquelebrun.com\/wp-content\/uploads\/2021\/11\/2021-09-19-manif-femmes-afghanes-20-_MG_4651-scaled.jpg?resize=18%2C12&amp;ssl=1 18w, https:\/\/i0.wp.com\/frederiquelebrun.com\/wp-content\/uploads\/2021\/11\/2021-09-19-manif-femmes-afghanes-20-_MG_4651-scaled.jpg?resize=500%2C333&amp;ssl=1 500w, https:\/\/i0.wp.com\/frederiquelebrun.com\/wp-content\/uploads\/2021\/11\/2021-09-19-manif-femmes-afghanes-20-_MG_4651-scaled.jpg?resize=800%2C533&amp;ssl=1 800w, https:\/\/i0.wp.com\/frederiquelebrun.com\/wp-content\/uploads\/2021\/11\/2021-09-19-manif-femmes-afghanes-20-_MG_4651-scaled.jpg?resize=1280%2C853&amp;ssl=1 1280w, https:\/\/i0.wp.com\/frederiquelebrun.com\/wp-content\/uploads\/2021\/11\/2021-09-19-manif-femmes-afghanes-20-_MG_4651-scaled.jpg?resize=1920%2C1280&amp;ssl=1 1920w\" sizes=\"(max-width: 1000px) 100vw, 1000px\" \/><\/noscript><img decoding=\"async\" width=\"1920\" height=\"1280\" src=\"https:\/\/i0.wp.com\/frederiquelebrun.com\/wp-content\/uploads\/2021\/11\/2021-09-19-manif-femmes-afghanes-20-_MG_4651-scaled.jpg?fit=1920%2C1280&amp;ssl=1\" class=\"wp-image-1848 vp-lazyload\" alt=\"Manifestation De Soutien Aux Femmes Afghanes\" srcset=\"data:image\/svg+xml;base64,PHN2ZyB3aWR0aD0iMTkyMCIgaGVpZ2h0PSIxMjgwIiB2aWV3Qm94PSIwIDAgMTkyMCAxMjgwIiBmaWxsPSJub25lIiB4bWxucz0iaHR0cDovL3d3dy53My5vcmcvMjAwMC9zdmciPjwvc3ZnPg==\" data-src=\"https:\/\/i0.wp.com\/frederiquelebrun.com\/wp-content\/uploads\/2021\/11\/2021-09-19-manif-femmes-afghanes-20-_MG_4651-scaled.jpg?fit=1920%2C1280&amp;ssl=1\" data-srcset=\"https:\/\/i0.wp.com\/frederiquelebrun.com\/wp-content\/uploads\/2021\/11\/2021-09-19-manif-femmes-afghanes-20-_MG_4651-scaled.jpg?w=2560&amp;ssl=1 2560w, https:\/\/i0.wp.com\/frederiquelebrun.com\/wp-content\/uploads\/2021\/11\/2021-09-19-manif-femmes-afghanes-20-_MG_4651-scaled.jpg?resize=300%2C200&amp;ssl=1 300w, https:\/\/i0.wp.com\/frederiquelebrun.com\/wp-content\/uploads\/2021\/11\/2021-09-19-manif-femmes-afghanes-20-_MG_4651-scaled.jpg?resize=600%2C400&amp;ssl=1 600w, https:\/\/i0.wp.com\/frederiquelebrun.com\/wp-content\/uploads\/2021\/11\/2021-09-19-manif-femmes-afghanes-20-_MG_4651-scaled.jpg?resize=1024%2C683&amp;ssl=1 1024w, https:\/\/i0.wp.com\/frederiquelebrun.com\/wp-content\/uploads\/2021\/11\/2021-09-19-manif-femmes-afghanes-20-_MG_4651-scaled.jpg?resize=768%2C512&amp;ssl=1 768w, https:\/\/i0.wp.com\/frederiquelebrun.com\/wp-content\/uploads\/2021\/11\/2021-09-19-manif-femmes-afghanes-20-_MG_4651-scaled.jpg?resize=1536%2C1024&amp;ssl=1 1536w, https:\/\/i0.wp.com\/frederiquelebrun.com\/wp-content\/uploads\/2021\/11\/2021-09-19-manif-femmes-afghanes-20-_MG_4651-scaled.jpg?resize=2048%2C1365&amp;ssl=1 2048w, https:\/\/i0.wp.com\/frederiquelebrun.com\/wp-content\/uploads\/2021\/11\/2021-09-19-manif-femmes-afghanes-20-_MG_4651-scaled.jpg?resize=18%2C12&amp;ssl=1 18w, https:\/\/i0.wp.com\/frederiquelebrun.com\/wp-content\/uploads\/2021\/11\/2021-09-19-manif-femmes-afghanes-20-_MG_4651-scaled.jpg?resize=500%2C333&amp;ssl=1 500w, https:\/\/i0.wp.com\/frederiquelebrun.com\/wp-content\/uploads\/2021\/11\/2021-09-19-manif-femmes-afghanes-20-_MG_4651-scaled.jpg?resize=800%2C533&amp;ssl=1 800w, https:\/\/i0.wp.com\/frederiquelebrun.com\/wp-content\/uploads\/2021\/11\/2021-09-19-manif-femmes-afghanes-20-_MG_4651-scaled.jpg?resize=1280%2C853&amp;ssl=1 1280w, https:\/\/i0.wp.com\/frederiquelebrun.com\/wp-content\/uploads\/2021\/11\/2021-09-19-manif-femmes-afghanes-20-_MG_4651-scaled.jpg?resize=1920%2C1280&amp;ssl=1 1920w\" data-sizes=\"auto\" loading=\"eager\">\n\t\t<div class=\"vp-portfolio__item-overlay\">\n\t\t\t\t\t<\/div>\n\n\t\t<\/a>\t<\/div>\n<\/div>\n\n\t\t\t<\/figure>\n\t\t\t\t\t<\/div>\n\t\t\n\t\t<div\t\tclass=\"vp-portfolio__item-wrap vp-portfolio__item-uid-ed288b11\" data-vp-filter=\"\" \t\t>\n\t\t\t<template class=\"vp-portfolio__item-popup\" data-vp-popup-img=\"https:\/\/i0.wp.com\/frederiquelebrun.com\/wp-content\/uploads\/2021\/11\/2021-09-19-manif-femmes-afghanes-21-_MG_4660-scaled.jpg?fit=1920%2C1280&#038;ssl=1\" data-vp-popup-img-srcset=\"https:\/\/i0.wp.com\/frederiquelebrun.com\/wp-content\/uploads\/2021\/11\/2021-09-19-manif-femmes-afghanes-21-_MG_4660-scaled.jpg?w=2560&amp;ssl=1 2560w, https:\/\/i0.wp.com\/frederiquelebrun.com\/wp-content\/uploads\/2021\/11\/2021-09-19-manif-femmes-afghanes-21-_MG_4660-scaled.jpg?resize=300%2C200&amp;ssl=1 300w, https:\/\/i0.wp.com\/frederiquelebrun.com\/wp-content\/uploads\/2021\/11\/2021-09-19-manif-femmes-afghanes-21-_MG_4660-scaled.jpg?resize=600%2C400&amp;ssl=1 600w, https:\/\/i0.wp.com\/frederiquelebrun.com\/wp-content\/uploads\/2021\/11\/2021-09-19-manif-femmes-afghanes-21-_MG_4660-scaled.jpg?resize=1024%2C683&amp;ssl=1 1024w, https:\/\/i0.wp.com\/frederiquelebrun.com\/wp-content\/uploads\/2021\/11\/2021-09-19-manif-femmes-afghanes-21-_MG_4660-scaled.jpg?resize=768%2C512&amp;ssl=1 768w, https:\/\/i0.wp.com\/frederiquelebrun.com\/wp-content\/uploads\/2021\/11\/2021-09-19-manif-femmes-afghanes-21-_MG_4660-scaled.jpg?resize=1536%2C1024&amp;ssl=1 1536w, https:\/\/i0.wp.com\/frederiquelebrun.com\/wp-content\/uploads\/2021\/11\/2021-09-19-manif-femmes-afghanes-21-_MG_4660-scaled.jpg?resize=2048%2C1365&amp;ssl=1 2048w, https:\/\/i0.wp.com\/frederiquelebrun.com\/wp-content\/uploads\/2021\/11\/2021-09-19-manif-femmes-afghanes-21-_MG_4660-scaled.jpg?resize=18%2C12&amp;ssl=1 18w, https:\/\/i0.wp.com\/frederiquelebrun.com\/wp-content\/uploads\/2021\/11\/2021-09-19-manif-femmes-afghanes-21-_MG_4660-scaled.jpg?resize=500%2C333&amp;ssl=1 500w, https:\/\/i0.wp.com\/frederiquelebrun.com\/wp-content\/uploads\/2021\/11\/2021-09-19-manif-femmes-afghanes-21-_MG_4660-scaled.jpg?resize=800%2C533&amp;ssl=1 800w, https:\/\/i0.wp.com\/frederiquelebrun.com\/wp-content\/uploads\/2021\/11\/2021-09-19-manif-femmes-afghanes-21-_MG_4660-scaled.jpg?resize=1280%2C853&amp;ssl=1 1280w, https:\/\/i0.wp.com\/frederiquelebrun.com\/wp-content\/uploads\/2021\/11\/2021-09-19-manif-femmes-afghanes-21-_MG_4660-scaled.jpg?resize=1920%2C1280&amp;ssl=1 1920w\" data-vp-popup-img-size=\"1920x1280\" data-vp-popup-md-img=\"https:\/\/i0.wp.com\/frederiquelebrun.com\/wp-content\/uploads\/2021\/11\/2021-09-19-manif-femmes-afghanes-21-_MG_4660-scaled.jpg?fit=800%2C533&#038;ssl=1\" data-vp-popup-md-img-size=\"800x533\" data-vp-popup-sm-img=\"https:\/\/i0.wp.com\/frederiquelebrun.com\/wp-content\/uploads\/2021\/11\/2021-09-19-manif-femmes-afghanes-21-_MG_4660-scaled.jpg?fit=500%2C333&#038;ssl=1\" data-vp-popup-sm-img-size=\"500x333\">\n\t\t\t<div class=\"vp-portfolio__item-popup-description\">2021-09-19. Paris, manifestation, de la Place de la R\u00e9publique \u00e0 H\u00f4tel de ville, en soutien aux femmes afghanes, organis\u00e9e \u00e0 l&#8217;appel de nombreuses associations f\u00e9ministes. La manifestation a rassembl\u00e9 plusieurs milliers de personnes, dont de nombreux partisans d&#8217;Ahmad Massoud, fils du moudjahidine Ahmad Shad Massoud. Ceux-ci portent le drapeau noir-blanc-vert de Massoud. Outre les slogans anti-talibans, les manifestants ont aussi cri\u00e9 leur demande que la France (dont l&#8217;arm\u00e9e a particip\u00e9 \u00e0 l&#8217;occupation du pays pendant 14 ans) prenne ses responsabilit\u00e9s et accueille beaucoup plus que les 2600 Afghans qu&#8217;elle a \u00e9vacu\u00e9 par avion depuis la chute de Kaboul. Des chansons patriotiques ont fait pleurer de jeunes porte-drapeaux, et la manifestation s&#8217;est termin\u00e9e au son de la pop afghane et dans la fum\u00e9e des fumig\u00e8nes aux couleurs du drapeau afghan. Photo Fr\u00e9d\u00e9rique Le Brun<\/div>\n\t\t<\/template>\n\t\t\t\t\t\t<figure class=\"vp-portfolio__item\">\n\t\t\t\t\n<div class=\"vp-portfolio__item-img-wrap\">\n\t<div class=\"vp-portfolio__item-img\">\n\t\t\t<a\n\t\thref=\"https:\/\/i0.wp.com\/frederiquelebrun.com\/wp-content\/uploads\/2021\/11\/2021-09-19-manif-femmes-afghanes-21-_MG_4660-scaled.jpg?fit=1920%2C1280&#038;ssl=1\"\n\t\taria-label=\"Manifestation De Soutien Aux Femmes Afghanes\" \t>\n\t\n\t\t<noscript><img loading=\"lazy\" decoding=\"async\" width=\"1920\" height=\"1280\" data-skip-lazy src=\"https:\/\/i0.wp.com\/frederiquelebrun.com\/wp-content\/uploads\/2021\/11\/2021-09-19-manif-femmes-afghanes-21-_MG_4660-scaled.jpg?fit=1920%2C1280&amp;ssl=1\" class=\"wp-image-1850\" alt=\"Manifestation De Soutien Aux Femmes Afghanes\" srcset=\"https:\/\/i0.wp.com\/frederiquelebrun.com\/wp-content\/uploads\/2021\/11\/2021-09-19-manif-femmes-afghanes-21-_MG_4660-scaled.jpg?w=2560&amp;ssl=1 2560w, https:\/\/i0.wp.com\/frederiquelebrun.com\/wp-content\/uploads\/2021\/11\/2021-09-19-manif-femmes-afghanes-21-_MG_4660-scaled.jpg?resize=300%2C200&amp;ssl=1 300w, https:\/\/i0.wp.com\/frederiquelebrun.com\/wp-content\/uploads\/2021\/11\/2021-09-19-manif-femmes-afghanes-21-_MG_4660-scaled.jpg?resize=600%2C400&amp;ssl=1 600w, https:\/\/i0.wp.com\/frederiquelebrun.com\/wp-content\/uploads\/2021\/11\/2021-09-19-manif-femmes-afghanes-21-_MG_4660-scaled.jpg?resize=1024%2C683&amp;ssl=1 1024w, https:\/\/i0.wp.com\/frederiquelebrun.com\/wp-content\/uploads\/2021\/11\/2021-09-19-manif-femmes-afghanes-21-_MG_4660-scaled.jpg?resize=768%2C512&amp;ssl=1 768w, https:\/\/i0.wp.com\/frederiquelebrun.com\/wp-content\/uploads\/2021\/11\/2021-09-19-manif-femmes-afghanes-21-_MG_4660-scaled.jpg?resize=1536%2C1024&amp;ssl=1 1536w, https:\/\/i0.wp.com\/frederiquelebrun.com\/wp-content\/uploads\/2021\/11\/2021-09-19-manif-femmes-afghanes-21-_MG_4660-scaled.jpg?resize=2048%2C1365&amp;ssl=1 2048w, https:\/\/i0.wp.com\/frederiquelebrun.com\/wp-content\/uploads\/2021\/11\/2021-09-19-manif-femmes-afghanes-21-_MG_4660-scaled.jpg?resize=18%2C12&amp;ssl=1 18w, https:\/\/i0.wp.com\/frederiquelebrun.com\/wp-content\/uploads\/2021\/11\/2021-09-19-manif-femmes-afghanes-21-_MG_4660-scaled.jpg?resize=500%2C333&amp;ssl=1 500w, https:\/\/i0.wp.com\/frederiquelebrun.com\/wp-content\/uploads\/2021\/11\/2021-09-19-manif-femmes-afghanes-21-_MG_4660-scaled.jpg?resize=800%2C533&amp;ssl=1 800w, https:\/\/i0.wp.com\/frederiquelebrun.com\/wp-content\/uploads\/2021\/11\/2021-09-19-manif-femmes-afghanes-21-_MG_4660-scaled.jpg?resize=1280%2C853&amp;ssl=1 1280w, https:\/\/i0.wp.com\/frederiquelebrun.com\/wp-content\/uploads\/2021\/11\/2021-09-19-manif-femmes-afghanes-21-_MG_4660-scaled.jpg?resize=1920%2C1280&amp;ssl=1 1920w\" sizes=\"(max-width: 1000px) 100vw, 1000px\" \/><\/noscript><img decoding=\"async\" width=\"1920\" height=\"1280\" src=\"https:\/\/i0.wp.com\/frederiquelebrun.com\/wp-content\/uploads\/2021\/11\/2021-09-19-manif-femmes-afghanes-21-_MG_4660-scaled.jpg?fit=1920%2C1280&amp;ssl=1\" class=\"wp-image-1850 vp-lazyload\" alt=\"Manifestation De Soutien Aux Femmes Afghanes\" srcset=\"data:image\/svg+xml;base64,PHN2ZyB3aWR0aD0iMTkyMCIgaGVpZ2h0PSIxMjgwIiB2aWV3Qm94PSIwIDAgMTkyMCAxMjgwIiBmaWxsPSJub25lIiB4bWxucz0iaHR0cDovL3d3dy53My5vcmcvMjAwMC9zdmciPjwvc3ZnPg==\" data-src=\"https:\/\/i0.wp.com\/frederiquelebrun.com\/wp-content\/uploads\/2021\/11\/2021-09-19-manif-femmes-afghanes-21-_MG_4660-scaled.jpg?fit=1920%2C1280&amp;ssl=1\" data-srcset=\"https:\/\/i0.wp.com\/frederiquelebrun.com\/wp-content\/uploads\/2021\/11\/2021-09-19-manif-femmes-afghanes-21-_MG_4660-scaled.jpg?w=2560&amp;ssl=1 2560w, https:\/\/i0.wp.com\/frederiquelebrun.com\/wp-content\/uploads\/2021\/11\/2021-09-19-manif-femmes-afghanes-21-_MG_4660-scaled.jpg?resize=300%2C200&amp;ssl=1 300w, https:\/\/i0.wp.com\/frederiquelebrun.com\/wp-content\/uploads\/2021\/11\/2021-09-19-manif-femmes-afghanes-21-_MG_4660-scaled.jpg?resize=600%2C400&amp;ssl=1 600w, https:\/\/i0.wp.com\/frederiquelebrun.com\/wp-content\/uploads\/2021\/11\/2021-09-19-manif-femmes-afghanes-21-_MG_4660-scaled.jpg?resize=1024%2C683&amp;ssl=1 1024w, https:\/\/i0.wp.com\/frederiquelebrun.com\/wp-content\/uploads\/2021\/11\/2021-09-19-manif-femmes-afghanes-21-_MG_4660-scaled.jpg?resize=768%2C512&amp;ssl=1 768w, https:\/\/i0.wp.com\/frederiquelebrun.com\/wp-content\/uploads\/2021\/11\/2021-09-19-manif-femmes-afghanes-21-_MG_4660-scaled.jpg?resize=1536%2C1024&amp;ssl=1 1536w, https:\/\/i0.wp.com\/frederiquelebrun.com\/wp-content\/uploads\/2021\/11\/2021-09-19-manif-femmes-afghanes-21-_MG_4660-scaled.jpg?resize=2048%2C1365&amp;ssl=1 2048w, https:\/\/i0.wp.com\/frederiquelebrun.com\/wp-content\/uploads\/2021\/11\/2021-09-19-manif-femmes-afghanes-21-_MG_4660-scaled.jpg?resize=18%2C12&amp;ssl=1 18w, https:\/\/i0.wp.com\/frederiquelebrun.com\/wp-content\/uploads\/2021\/11\/2021-09-19-manif-femmes-afghanes-21-_MG_4660-scaled.jpg?resize=500%2C333&amp;ssl=1 500w, https:\/\/i0.wp.com\/frederiquelebrun.com\/wp-content\/uploads\/2021\/11\/2021-09-19-manif-femmes-afghanes-21-_MG_4660-scaled.jpg?resize=800%2C533&amp;ssl=1 800w, https:\/\/i0.wp.com\/frederiquelebrun.com\/wp-content\/uploads\/2021\/11\/2021-09-19-manif-femmes-afghanes-21-_MG_4660-scaled.jpg?resize=1280%2C853&amp;ssl=1 1280w, https:\/\/i0.wp.com\/frederiquelebrun.com\/wp-content\/uploads\/2021\/11\/2021-09-19-manif-femmes-afghanes-21-_MG_4660-scaled.jpg?resize=1920%2C1280&amp;ssl=1 1920w\" data-sizes=\"auto\" loading=\"eager\">\n\t\t<div class=\"vp-portfolio__item-overlay\">\n\t\t\t\t\t<\/div>\n\n\t\t<\/a>\t<\/div>\n<\/div>\n\n\t\t\t<\/figure>\n\t\t\t\t\t<\/div>\n\t\t\n\t\t<div\t\tclass=\"vp-portfolio__item-wrap vp-portfolio__item-uid-a74f9237\" data-vp-filter=\"\" \t\t>\n\t\t\t<template class=\"vp-portfolio__item-popup\" data-vp-popup-img=\"https:\/\/i0.wp.com\/frederiquelebrun.com\/wp-content\/uploads\/2021\/11\/2021-09-19-manif-femmes-afghanes-22-_MG_4677-scaled.jpg?fit=1920%2C1280&#038;ssl=1\" data-vp-popup-img-srcset=\"https:\/\/i0.wp.com\/frederiquelebrun.com\/wp-content\/uploads\/2021\/11\/2021-09-19-manif-femmes-afghanes-22-_MG_4677-scaled.jpg?w=2560&amp;ssl=1 2560w, https:\/\/i0.wp.com\/frederiquelebrun.com\/wp-content\/uploads\/2021\/11\/2021-09-19-manif-femmes-afghanes-22-_MG_4677-scaled.jpg?resize=300%2C200&amp;ssl=1 300w, https:\/\/i0.wp.com\/frederiquelebrun.com\/wp-content\/uploads\/2021\/11\/2021-09-19-manif-femmes-afghanes-22-_MG_4677-scaled.jpg?resize=600%2C400&amp;ssl=1 600w, https:\/\/i0.wp.com\/frederiquelebrun.com\/wp-content\/uploads\/2021\/11\/2021-09-19-manif-femmes-afghanes-22-_MG_4677-scaled.jpg?resize=1024%2C683&amp;ssl=1 1024w, https:\/\/i0.wp.com\/frederiquelebrun.com\/wp-content\/uploads\/2021\/11\/2021-09-19-manif-femmes-afghanes-22-_MG_4677-scaled.jpg?resize=768%2C512&amp;ssl=1 768w, https:\/\/i0.wp.com\/frederiquelebrun.com\/wp-content\/uploads\/2021\/11\/2021-09-19-manif-femmes-afghanes-22-_MG_4677-scaled.jpg?resize=1536%2C1024&amp;ssl=1 1536w, https:\/\/i0.wp.com\/frederiquelebrun.com\/wp-content\/uploads\/2021\/11\/2021-09-19-manif-femmes-afghanes-22-_MG_4677-scaled.jpg?resize=2048%2C1365&amp;ssl=1 2048w, https:\/\/i0.wp.com\/frederiquelebrun.com\/wp-content\/uploads\/2021\/11\/2021-09-19-manif-femmes-afghanes-22-_MG_4677-scaled.jpg?resize=18%2C12&amp;ssl=1 18w, https:\/\/i0.wp.com\/frederiquelebrun.com\/wp-content\/uploads\/2021\/11\/2021-09-19-manif-femmes-afghanes-22-_MG_4677-scaled.jpg?resize=500%2C333&amp;ssl=1 500w, https:\/\/i0.wp.com\/frederiquelebrun.com\/wp-content\/uploads\/2021\/11\/2021-09-19-manif-femmes-afghanes-22-_MG_4677-scaled.jpg?resize=800%2C533&amp;ssl=1 800w, https:\/\/i0.wp.com\/frederiquelebrun.com\/wp-content\/uploads\/2021\/11\/2021-09-19-manif-femmes-afghanes-22-_MG_4677-scaled.jpg?resize=1280%2C853&amp;ssl=1 1280w, https:\/\/i0.wp.com\/frederiquelebrun.com\/wp-content\/uploads\/2021\/11\/2021-09-19-manif-femmes-afghanes-22-_MG_4677-scaled.jpg?resize=1920%2C1280&amp;ssl=1 1920w\" data-vp-popup-img-size=\"1920x1280\" data-vp-popup-md-img=\"https:\/\/i0.wp.com\/frederiquelebrun.com\/wp-content\/uploads\/2021\/11\/2021-09-19-manif-femmes-afghanes-22-_MG_4677-scaled.jpg?fit=800%2C533&#038;ssl=1\" data-vp-popup-md-img-size=\"800x533\" data-vp-popup-sm-img=\"https:\/\/i0.wp.com\/frederiquelebrun.com\/wp-content\/uploads\/2021\/11\/2021-09-19-manif-femmes-afghanes-22-_MG_4677-scaled.jpg?fit=500%2C333&#038;ssl=1\" data-vp-popup-sm-img-size=\"500x333\">\n\t\t\t<div class=\"vp-portfolio__item-popup-description\">2021-09-19. Paris, manifestation, de la Place de la R\u00e9publique \u00e0 H\u00f4tel de ville, en soutien aux femmes afghanes, organis\u00e9e \u00e0 l&#8217;appel de nombreuses associations f\u00e9ministes. La manifestation a rassembl\u00e9 plusieurs milliers de personnes, dont de nombreux partisans d&#8217;Ahmad Massoud, fils du moudjahidine Ahmad Shad Massoud. Ceux-ci portent le drapeau noir-blanc-vert de Massoud. Outre les slogans anti-talibans, les manifestants ont aussi cri\u00e9 leur demande que la France (dont l&#8217;arm\u00e9e a particip\u00e9 \u00e0 l&#8217;occupation du pays pendant 14 ans) prenne ses responsabilit\u00e9s et accueille beaucoup plus que les 2600 Afghans qu&#8217;elle a \u00e9vacu\u00e9 par avion depuis la chute de Kaboul. Des chansons patriotiques ont fait pleurer de jeunes porte-drapeaux, et la manifestation s&#8217;est termin\u00e9e au son de la pop afghane et dans la fum\u00e9e des fumig\u00e8nes aux couleurs du drapeau afghan. Photo Fr\u00e9d\u00e9rique Le Brun<\/div>\n\t\t<\/template>\n\t\t\t\t\t\t<figure class=\"vp-portfolio__item\">\n\t\t\t\t\n<div class=\"vp-portfolio__item-img-wrap\">\n\t<div class=\"vp-portfolio__item-img\">\n\t\t\t<a\n\t\thref=\"https:\/\/i0.wp.com\/frederiquelebrun.com\/wp-content\/uploads\/2021\/11\/2021-09-19-manif-femmes-afghanes-22-_MG_4677-scaled.jpg?fit=1920%2C1280&#038;ssl=1\"\n\t\taria-label=\"Manifestation De Soutien Aux Femmes Afghanes\" \t>\n\t\n\t\t<noscript><img loading=\"lazy\" decoding=\"async\" width=\"1920\" height=\"1280\" data-skip-lazy src=\"https:\/\/i0.wp.com\/frederiquelebrun.com\/wp-content\/uploads\/2021\/11\/2021-09-19-manif-femmes-afghanes-22-_MG_4677-scaled.jpg?fit=1920%2C1280&amp;ssl=1\" class=\"wp-image-1851\" alt=\"Manifestation De Soutien Aux Femmes Afghanes\" srcset=\"https:\/\/i0.wp.com\/frederiquelebrun.com\/wp-content\/uploads\/2021\/11\/2021-09-19-manif-femmes-afghanes-22-_MG_4677-scaled.jpg?w=2560&amp;ssl=1 2560w, https:\/\/i0.wp.com\/frederiquelebrun.com\/wp-content\/uploads\/2021\/11\/2021-09-19-manif-femmes-afghanes-22-_MG_4677-scaled.jpg?resize=300%2C200&amp;ssl=1 300w, https:\/\/i0.wp.com\/frederiquelebrun.com\/wp-content\/uploads\/2021\/11\/2021-09-19-manif-femmes-afghanes-22-_MG_4677-scaled.jpg?resize=600%2C400&amp;ssl=1 600w, https:\/\/i0.wp.com\/frederiquelebrun.com\/wp-content\/uploads\/2021\/11\/2021-09-19-manif-femmes-afghanes-22-_MG_4677-scaled.jpg?resize=1024%2C683&amp;ssl=1 1024w, https:\/\/i0.wp.com\/frederiquelebrun.com\/wp-content\/uploads\/2021\/11\/2021-09-19-manif-femmes-afghanes-22-_MG_4677-scaled.jpg?resize=768%2C512&amp;ssl=1 768w, https:\/\/i0.wp.com\/frederiquelebrun.com\/wp-content\/uploads\/2021\/11\/2021-09-19-manif-femmes-afghanes-22-_MG_4677-scaled.jpg?resize=1536%2C1024&amp;ssl=1 1536w, https:\/\/i0.wp.com\/frederiquelebrun.com\/wp-content\/uploads\/2021\/11\/2021-09-19-manif-femmes-afghanes-22-_MG_4677-scaled.jpg?resize=2048%2C1365&amp;ssl=1 2048w, https:\/\/i0.wp.com\/frederiquelebrun.com\/wp-content\/uploads\/2021\/11\/2021-09-19-manif-femmes-afghanes-22-_MG_4677-scaled.jpg?resize=18%2C12&amp;ssl=1 18w, https:\/\/i0.wp.com\/frederiquelebrun.com\/wp-content\/uploads\/2021\/11\/2021-09-19-manif-femmes-afghanes-22-_MG_4677-scaled.jpg?resize=500%2C333&amp;ssl=1 500w, https:\/\/i0.wp.com\/frederiquelebrun.com\/wp-content\/uploads\/2021\/11\/2021-09-19-manif-femmes-afghanes-22-_MG_4677-scaled.jpg?resize=800%2C533&amp;ssl=1 800w, https:\/\/i0.wp.com\/frederiquelebrun.com\/wp-content\/uploads\/2021\/11\/2021-09-19-manif-femmes-afghanes-22-_MG_4677-scaled.jpg?resize=1280%2C853&amp;ssl=1 1280w, https:\/\/i0.wp.com\/frederiquelebrun.com\/wp-content\/uploads\/2021\/11\/2021-09-19-manif-femmes-afghanes-22-_MG_4677-scaled.jpg?resize=1920%2C1280&amp;ssl=1 1920w\" sizes=\"(max-width: 1000px) 100vw, 1000px\" \/><\/noscript><img decoding=\"async\" width=\"1920\" height=\"1280\" src=\"https:\/\/i0.wp.com\/frederiquelebrun.com\/wp-content\/uploads\/2021\/11\/2021-09-19-manif-femmes-afghanes-22-_MG_4677-scaled.jpg?fit=1920%2C1280&amp;ssl=1\" class=\"wp-image-1851 vp-lazyload\" alt=\"Manifestation De Soutien Aux Femmes Afghanes\" srcset=\"data:image\/svg+xml;base64,PHN2ZyB3aWR0aD0iMTkyMCIgaGVpZ2h0PSIxMjgwIiB2aWV3Qm94PSIwIDAgMTkyMCAxMjgwIiBmaWxsPSJub25lIiB4bWxucz0iaHR0cDovL3d3dy53My5vcmcvMjAwMC9zdmciPjwvc3ZnPg==\" data-src=\"https:\/\/i0.wp.com\/frederiquelebrun.com\/wp-content\/uploads\/2021\/11\/2021-09-19-manif-femmes-afghanes-22-_MG_4677-scaled.jpg?fit=1920%2C1280&amp;ssl=1\" data-srcset=\"https:\/\/i0.wp.com\/frederiquelebrun.com\/wp-content\/uploads\/2021\/11\/2021-09-19-manif-femmes-afghanes-22-_MG_4677-scaled.jpg?w=2560&amp;ssl=1 2560w, https:\/\/i0.wp.com\/frederiquelebrun.com\/wp-content\/uploads\/2021\/11\/2021-09-19-manif-femmes-afghanes-22-_MG_4677-scaled.jpg?resize=300%2C200&amp;ssl=1 300w, https:\/\/i0.wp.com\/frederiquelebrun.com\/wp-content\/uploads\/2021\/11\/2021-09-19-manif-femmes-afghanes-22-_MG_4677-scaled.jpg?resize=600%2C400&amp;ssl=1 600w, https:\/\/i0.wp.com\/frederiquelebrun.com\/wp-content\/uploads\/2021\/11\/2021-09-19-manif-femmes-afghanes-22-_MG_4677-scaled.jpg?resize=1024%2C683&amp;ssl=1 1024w, https:\/\/i0.wp.com\/frederiquelebrun.com\/wp-content\/uploads\/2021\/11\/2021-09-19-manif-femmes-afghanes-22-_MG_4677-scaled.jpg?resize=768%2C512&amp;ssl=1 768w, https:\/\/i0.wp.com\/frederiquelebrun.com\/wp-content\/uploads\/2021\/11\/2021-09-19-manif-femmes-afghanes-22-_MG_4677-scaled.jpg?resize=1536%2C1024&amp;ssl=1 1536w, https:\/\/i0.wp.com\/frederiquelebrun.com\/wp-content\/uploads\/2021\/11\/2021-09-19-manif-femmes-afghanes-22-_MG_4677-scaled.jpg?resize=2048%2C1365&amp;ssl=1 2048w, https:\/\/i0.wp.com\/frederiquelebrun.com\/wp-content\/uploads\/2021\/11\/2021-09-19-manif-femmes-afghanes-22-_MG_4677-scaled.jpg?resize=18%2C12&amp;ssl=1 18w, https:\/\/i0.wp.com\/frederiquelebrun.com\/wp-content\/uploads\/2021\/11\/2021-09-19-manif-femmes-afghanes-22-_MG_4677-scaled.jpg?resize=500%2C333&amp;ssl=1 500w, https:\/\/i0.wp.com\/frederiquelebrun.com\/wp-content\/uploads\/2021\/11\/2021-09-19-manif-femmes-afghanes-22-_MG_4677-scaled.jpg?resize=800%2C533&amp;ssl=1 800w, https:\/\/i0.wp.com\/frederiquelebrun.com\/wp-content\/uploads\/2021\/11\/2021-09-19-manif-femmes-afghanes-22-_MG_4677-scaled.jpg?resize=1280%2C853&amp;ssl=1 1280w, https:\/\/i0.wp.com\/frederiquelebrun.com\/wp-content\/uploads\/2021\/11\/2021-09-19-manif-femmes-afghanes-22-_MG_4677-scaled.jpg?resize=1920%2C1280&amp;ssl=1 1920w\" data-sizes=\"auto\" loading=\"eager\">\n\t\t<div class=\"vp-portfolio__item-overlay\">\n\t\t\t\t\t<\/div>\n\n\t\t<\/a>\t<\/div>\n<\/div>\n\n\t\t\t<\/figure>\n\t\t\t\t\t<\/div>\n\t\t\n\t\t<div\t\tclass=\"vp-portfolio__item-wrap vp-portfolio__item-uid-79e6b95d\" data-vp-filter=\"\" \t\t>\n\t\t\t<template class=\"vp-portfolio__item-popup\" data-vp-popup-img=\"https:\/\/i0.wp.com\/frederiquelebrun.com\/wp-content\/uploads\/2021\/11\/2021-09-19-manif-femmes-afghanes-27-_MG_4746-scaled.jpg?fit=1920%2C1280&#038;ssl=1\" data-vp-popup-img-srcset=\"https:\/\/i0.wp.com\/frederiquelebrun.com\/wp-content\/uploads\/2021\/11\/2021-09-19-manif-femmes-afghanes-27-_MG_4746-scaled.jpg?w=2560&amp;ssl=1 2560w, https:\/\/i0.wp.com\/frederiquelebrun.com\/wp-content\/uploads\/2021\/11\/2021-09-19-manif-femmes-afghanes-27-_MG_4746-scaled.jpg?resize=300%2C200&amp;ssl=1 300w, https:\/\/i0.wp.com\/frederiquelebrun.com\/wp-content\/uploads\/2021\/11\/2021-09-19-manif-femmes-afghanes-27-_MG_4746-scaled.jpg?resize=600%2C400&amp;ssl=1 600w, https:\/\/i0.wp.com\/frederiquelebrun.com\/wp-content\/uploads\/2021\/11\/2021-09-19-manif-femmes-afghanes-27-_MG_4746-scaled.jpg?resize=1024%2C683&amp;ssl=1 1024w, https:\/\/i0.wp.com\/frederiquelebrun.com\/wp-content\/uploads\/2021\/11\/2021-09-19-manif-femmes-afghanes-27-_MG_4746-scaled.jpg?resize=768%2C512&amp;ssl=1 768w, https:\/\/i0.wp.com\/frederiquelebrun.com\/wp-content\/uploads\/2021\/11\/2021-09-19-manif-femmes-afghanes-27-_MG_4746-scaled.jpg?resize=1536%2C1024&amp;ssl=1 1536w, https:\/\/i0.wp.com\/frederiquelebrun.com\/wp-content\/uploads\/2021\/11\/2021-09-19-manif-femmes-afghanes-27-_MG_4746-scaled.jpg?resize=2048%2C1365&amp;ssl=1 2048w, https:\/\/i0.wp.com\/frederiquelebrun.com\/wp-content\/uploads\/2021\/11\/2021-09-19-manif-femmes-afghanes-27-_MG_4746-scaled.jpg?resize=18%2C12&amp;ssl=1 18w, https:\/\/i0.wp.com\/frederiquelebrun.com\/wp-content\/uploads\/2021\/11\/2021-09-19-manif-femmes-afghanes-27-_MG_4746-scaled.jpg?resize=500%2C333&amp;ssl=1 500w, https:\/\/i0.wp.com\/frederiquelebrun.com\/wp-content\/uploads\/2021\/11\/2021-09-19-manif-femmes-afghanes-27-_MG_4746-scaled.jpg?resize=800%2C533&amp;ssl=1 800w, https:\/\/i0.wp.com\/frederiquelebrun.com\/wp-content\/uploads\/2021\/11\/2021-09-19-manif-femmes-afghanes-27-_MG_4746-scaled.jpg?resize=1280%2C853&amp;ssl=1 1280w, https:\/\/i0.wp.com\/frederiquelebrun.com\/wp-content\/uploads\/2021\/11\/2021-09-19-manif-femmes-afghanes-27-_MG_4746-scaled.jpg?resize=1920%2C1280&amp;ssl=1 1920w\" data-vp-popup-img-size=\"1920x1280\" data-vp-popup-md-img=\"https:\/\/i0.wp.com\/frederiquelebrun.com\/wp-content\/uploads\/2021\/11\/2021-09-19-manif-femmes-afghanes-27-_MG_4746-scaled.jpg?fit=800%2C533&#038;ssl=1\" data-vp-popup-md-img-size=\"800x533\" data-vp-popup-sm-img=\"https:\/\/i0.wp.com\/frederiquelebrun.com\/wp-content\/uploads\/2021\/11\/2021-09-19-manif-femmes-afghanes-27-_MG_4746-scaled.jpg?fit=500%2C333&#038;ssl=1\" data-vp-popup-sm-img-size=\"500x333\">\n\t\t\t<div class=\"vp-portfolio__item-popup-description\">2021-09-19. Paris, manifestation, de la Place de la R\u00e9publique \u00e0 H\u00f4tel de ville, en soutien aux femmes afghanes, organis\u00e9e \u00e0 l&#8217;appel de nombreuses associations f\u00e9ministes. La manifestation a rassembl\u00e9 plusieurs milliers de personnes, dont de nombreux partisans d&#8217;Ahmad Massoud, fils du moudjahidine Ahmad Shad Massoud. Ceux-ci portent le drapeau noir-blanc-vert de Massoud. Outre les slogans anti-talibans, les manifestants ont aussi cri\u00e9 leur demande que la France (dont l&#8217;arm\u00e9e a particip\u00e9 \u00e0 l&#8217;occupation du pays pendant 14 ans) prenne ses responsabilit\u00e9s et accueille beaucoup plus que les 2600 Afghans qu&#8217;elle a \u00e9vacu\u00e9 par avion depuis la chute de Kaboul. Des chansons patriotiques ont fait pleurer de jeunes porte-drapeaux, et la manifestation s&#8217;est termin\u00e9e au son de la pop afghane et dans la fum\u00e9e des fumig\u00e8nes aux couleurs du drapeau afghan. Photo Fr\u00e9d\u00e9rique Le Brun<\/div>\n\t\t<\/template>\n\t\t\t\t\t\t<figure class=\"vp-portfolio__item\">\n\t\t\t\t\n<div class=\"vp-portfolio__item-img-wrap\">\n\t<div class=\"vp-portfolio__item-img\">\n\t\t\t<a\n\t\thref=\"https:\/\/i0.wp.com\/frederiquelebrun.com\/wp-content\/uploads\/2021\/11\/2021-09-19-manif-femmes-afghanes-27-_MG_4746-scaled.jpg?fit=1920%2C1280&#038;ssl=1\"\n\t\taria-label=\"Manifestation De Soutien Aux Femmes Afghanes\" \t>\n\t\n\t\t<noscript><img loading=\"lazy\" decoding=\"async\" width=\"1920\" height=\"1280\" data-skip-lazy src=\"https:\/\/i0.wp.com\/frederiquelebrun.com\/wp-content\/uploads\/2021\/11\/2021-09-19-manif-femmes-afghanes-27-_MG_4746-scaled.jpg?fit=1920%2C1280&amp;ssl=1\" class=\"wp-image-1852\" alt=\"Manifestation De Soutien Aux Femmes Afghanes\" srcset=\"https:\/\/i0.wp.com\/frederiquelebrun.com\/wp-content\/uploads\/2021\/11\/2021-09-19-manif-femmes-afghanes-27-_MG_4746-scaled.jpg?w=2560&amp;ssl=1 2560w, https:\/\/i0.wp.com\/frederiquelebrun.com\/wp-content\/uploads\/2021\/11\/2021-09-19-manif-femmes-afghanes-27-_MG_4746-scaled.jpg?resize=300%2C200&amp;ssl=1 300w, https:\/\/i0.wp.com\/frederiquelebrun.com\/wp-content\/uploads\/2021\/11\/2021-09-19-manif-femmes-afghanes-27-_MG_4746-scaled.jpg?resize=600%2C400&amp;ssl=1 600w, https:\/\/i0.wp.com\/frederiquelebrun.com\/wp-content\/uploads\/2021\/11\/2021-09-19-manif-femmes-afghanes-27-_MG_4746-scaled.jpg?resize=1024%2C683&amp;ssl=1 1024w, https:\/\/i0.wp.com\/frederiquelebrun.com\/wp-content\/uploads\/2021\/11\/2021-09-19-manif-femmes-afghanes-27-_MG_4746-scaled.jpg?resize=768%2C512&amp;ssl=1 768w, https:\/\/i0.wp.com\/frederiquelebrun.com\/wp-content\/uploads\/2021\/11\/2021-09-19-manif-femmes-afghanes-27-_MG_4746-scaled.jpg?resize=1536%2C1024&amp;ssl=1 1536w, https:\/\/i0.wp.com\/frederiquelebrun.com\/wp-content\/uploads\/2021\/11\/2021-09-19-manif-femmes-afghanes-27-_MG_4746-scaled.jpg?resize=2048%2C1365&amp;ssl=1 2048w, https:\/\/i0.wp.com\/frederiquelebrun.com\/wp-content\/uploads\/2021\/11\/2021-09-19-manif-femmes-afghanes-27-_MG_4746-scaled.jpg?resize=18%2C12&amp;ssl=1 18w, https:\/\/i0.wp.com\/frederiquelebrun.com\/wp-content\/uploads\/2021\/11\/2021-09-19-manif-femmes-afghanes-27-_MG_4746-scaled.jpg?resize=500%2C333&amp;ssl=1 500w, https:\/\/i0.wp.com\/frederiquelebrun.com\/wp-content\/uploads\/2021\/11\/2021-09-19-manif-femmes-afghanes-27-_MG_4746-scaled.jpg?resize=800%2C533&amp;ssl=1 800w, https:\/\/i0.wp.com\/frederiquelebrun.com\/wp-content\/uploads\/2021\/11\/2021-09-19-manif-femmes-afghanes-27-_MG_4746-scaled.jpg?resize=1280%2C853&amp;ssl=1 1280w, https:\/\/i0.wp.com\/frederiquelebrun.com\/wp-content\/uploads\/2021\/11\/2021-09-19-manif-femmes-afghanes-27-_MG_4746-scaled.jpg?resize=1920%2C1280&amp;ssl=1 1920w\" sizes=\"(max-width: 1000px) 100vw, 1000px\" \/><\/noscript><img decoding=\"async\" width=\"1920\" height=\"1280\" src=\"https:\/\/i0.wp.com\/frederiquelebrun.com\/wp-content\/uploads\/2021\/11\/2021-09-19-manif-femmes-afghanes-27-_MG_4746-scaled.jpg?fit=1920%2C1280&amp;ssl=1\" class=\"wp-image-1852 vp-lazyload\" alt=\"Manifestation De Soutien Aux Femmes Afghanes\" srcset=\"data:image\/svg+xml;base64,PHN2ZyB3aWR0aD0iMTkyMCIgaGVpZ2h0PSIxMjgwIiB2aWV3Qm94PSIwIDAgMTkyMCAxMjgwIiBmaWxsPSJub25lIiB4bWxucz0iaHR0cDovL3d3dy53My5vcmcvMjAwMC9zdmciPjwvc3ZnPg==\" data-src=\"https:\/\/i0.wp.com\/frederiquelebrun.com\/wp-content\/uploads\/2021\/11\/2021-09-19-manif-femmes-afghanes-27-_MG_4746-scaled.jpg?fit=1920%2C1280&amp;ssl=1\" data-srcset=\"https:\/\/i0.wp.com\/frederiquelebrun.com\/wp-content\/uploads\/2021\/11\/2021-09-19-manif-femmes-afghanes-27-_MG_4746-scaled.jpg?w=2560&amp;ssl=1 2560w, https:\/\/i0.wp.com\/frederiquelebrun.com\/wp-content\/uploads\/2021\/11\/2021-09-19-manif-femmes-afghanes-27-_MG_4746-scaled.jpg?resize=300%2C200&amp;ssl=1 300w, https:\/\/i0.wp.com\/frederiquelebrun.com\/wp-content\/uploads\/2021\/11\/2021-09-19-manif-femmes-afghanes-27-_MG_4746-scaled.jpg?resize=600%2C400&amp;ssl=1 600w, https:\/\/i0.wp.com\/frederiquelebrun.com\/wp-content\/uploads\/2021\/11\/2021-09-19-manif-femmes-afghanes-27-_MG_4746-scaled.jpg?resize=1024%2C683&amp;ssl=1 1024w, https:\/\/i0.wp.com\/frederiquelebrun.com\/wp-content\/uploads\/2021\/11\/2021-09-19-manif-femmes-afghanes-27-_MG_4746-scaled.jpg?resize=768%2C512&amp;ssl=1 768w, https:\/\/i0.wp.com\/frederiquelebrun.com\/wp-content\/uploads\/2021\/11\/2021-09-19-manif-femmes-afghanes-27-_MG_4746-scaled.jpg?resize=1536%2C1024&amp;ssl=1 1536w, https:\/\/i0.wp.com\/frederiquelebrun.com\/wp-content\/uploads\/2021\/11\/2021-09-19-manif-femmes-afghanes-27-_MG_4746-scaled.jpg?resize=2048%2C1365&amp;ssl=1 2048w, https:\/\/i0.wp.com\/frederiquelebrun.com\/wp-content\/uploads\/2021\/11\/2021-09-19-manif-femmes-afghanes-27-_MG_4746-scaled.jpg?resize=18%2C12&amp;ssl=1 18w, https:\/\/i0.wp.com\/frederiquelebrun.com\/wp-content\/uploads\/2021\/11\/2021-09-19-manif-femmes-afghanes-27-_MG_4746-scaled.jpg?resize=500%2C333&amp;ssl=1 500w, https:\/\/i0.wp.com\/frederiquelebrun.com\/wp-content\/uploads\/2021\/11\/2021-09-19-manif-femmes-afghanes-27-_MG_4746-scaled.jpg?resize=800%2C533&amp;ssl=1 800w, https:\/\/i0.wp.com\/frederiquelebrun.com\/wp-content\/uploads\/2021\/11\/2021-09-19-manif-femmes-afghanes-27-_MG_4746-scaled.jpg?resize=1280%2C853&amp;ssl=1 1280w, https:\/\/i0.wp.com\/frederiquelebrun.com\/wp-content\/uploads\/2021\/11\/2021-09-19-manif-femmes-afghanes-27-_MG_4746-scaled.jpg?resize=1920%2C1280&amp;ssl=1 1920w\" data-sizes=\"auto\" loading=\"eager\">\n\t\t<div class=\"vp-portfolio__item-overlay\">\n\t\t\t\t\t<\/div>\n\n\t\t<\/a>\t<\/div>\n<\/div>\n\n\t\t\t<\/figure>\n\t\t\t\t\t<\/div>\n\t\t\n<\/div>\n\t\t<\/div>\n\t\t\n<\/div>\n<\/div>\n\n\n<p><\/p>","protected":false},"excerpt":{"rendered":"<p>2021-09-19. Paris, manifestation, de la Place de la R\u00e9publique \u00e0 H\u00f4tel de ville, en soutien aux femmes afghanes, organis\u00e9e \u00e0 l&#8217;appel de nombreuses associations f\u00e9ministes. La manifestation a rassembl\u00e9 plusieurs milliers de personnes, dont de nombreux partisans d&#8217;Ahmad Massoud, fils du moudjahidine Ahmad Shad Massoud. Ceux-ci portent le drapeau noir-blanc-vert de Massoud. Outre les slogans anti-talibans, les manifestants ont aussi cri\u00e9 leur demande que la France (dont l&#8217;arm\u00e9e a particip\u00e9 \u00e0 l&#8217;occupation du pays pendant 14 ans) prenne ses responsabilit\u00e9s et accueille beaucoup plus que les 2600 Afghans qu&#8217;elle a \u00e9vacu\u00e9 par avion depuis la chute de Kaboul. Des chansons patriotiques ont fait pleurer de jeunes porte-drapeaux, et la manifestation s&#8217;est termin\u00e9e au son de la pop afghane et dans la fum\u00e9e des fumig\u00e8nes aux couleurs du drapeau afghan. Ici, une Afghane qui porte le drapeau des Hazaras, proclame &#8220;notre voix est notre arme&#8221;. Photo Fr\u00e9d\u00e9rique Le Brun<\/p>","protected":false},"author":3,"featured_media":1843,"comment_status":"closed","ping_status":"open","sticky":false,"template":"","format":"standard","meta":{"_uag_custom_page_level_css":"","site-sidebar-layout":"default","site-content-layout":"","ast-site-content-layout":"default","site-content-style":"default","site-sidebar-style":"default","ast-global-header-display":"","ast-banner-title-visibility":"","ast-main-header-display":"","ast-hfb-above-header-display":"","ast-hfb-below-header-display":"","ast-hfb-mobile-header-display":"","site-post-title":"","ast-breadcrumbs-content":null,"ast-featured-img":"","footer-sml-layout":"","ast-disable-related-posts":"","theme-transparent-header-meta":"","adv-header-id-meta":"","stick-header-meta":"","header-above-stick-meta":"","header-main-stick-meta":"","header-below-stick-meta":"","astra-migrate-meta-layouts":"default","ast-page-background-enabled":"default","ast-page-background-meta":{"desktop":{"background-color":"var(--ast-global-color-4)","background-image":"","background-repeat":"repeat","background-position":"center center","background-size":"auto","background-attachment":"scroll","background-type":"","background-media":"","overlay-type":"","overlay-color":"","overlay-opacity":"","overlay-gradient":""},"tablet":{"background-color":"","background-image":"","background-repeat":"repeat","background-position":"center center","background-size":"auto","background-attachment":"scroll","background-type":"","background-media":"","overlay-type":"","overlay-color":"","overlay-opacity":"","overlay-gradient":""},"mobile":{"background-color":"","background-image":"","background-repeat":"repeat","background-position":"center center","background-size":"auto","background-attachment":"scroll","background-type":"","background-media":"","overlay-type":"","overlay-color":"","overlay-opacity":"","overlay-gradient":""}},"ast-content-background-meta":{"desktop":{"background-color":"var(--ast-global-color-5)","background-image":"","background-repeat":"repeat","background-position":"center center","background-size":"auto","background-attachment":"scroll","background-type":"","background-media":"","overlay-type":"","overlay-color":"","overlay-opacity":"","overlay-gradient":""},"tablet":{"background-color":"var(--ast-global-color-5)","background-image":"","background-repeat":"repeat","background-position":"center center","background-size":"auto","background-attachment":"scroll","background-type":"","background-media":"","overlay-type":"","overlay-color":"","overlay-opacity":"","overlay-gradient":""},"mobile":{"background-color":"var(--ast-global-color-5)","background-image":"","background-repeat":"repeat","background-position":"center center","background-size":"auto","background-attachment":"scroll","background-type":"","background-media":"","overlay-type":"","overlay-color":"","overlay-opacity":"","overlay-gradient":""}},"_vp_format_video_url":"","_vp_image_focal_point":[],"_jetpack_memberships_contains_paid_content":false,"footnotes":""},"categories":[1],"tags":[175,368,176,211,372,343,179,180,31,185,367,182,213,365,177,181,370,184,183,54,373,187,37,186,374,361,188,190,173,212,178,295,189,369,366,371],"class_list":["post-1838","post","type-post","status-publish","format-standard","has-post-thumbnail","hentry","category-news","tag-afghan","tag-afghan-woman","tag-afghanistan","tag-afghans","tag-day","tag-demonstration","tag-drapeau","tag-droits-des-femmes","tag-evacuation","tag-famille","tag-family","tag-femme-afghane","tag-femmes","tag-flag","tag-ghani","tag-humanitaire","tag-humanitarian","tag-jeunes","tag-jour","tag-manifestation","tag-obscurantism","tag-obscurantisme","tag-paris","tag-place-de-la-republique","tag-refugee","tag-refugees","tag-refugie","tag-refugies","tag-repression","tag-resistance","tag-reza-jafari","tag-taliban","tag-talibans","tag-women","tag-womens-rights","tag-young-people"],"yoast_head":"<!-- This site is optimized with the Yoast SEO plugin v27.5 - https:\/\/yoast.com\/product\/yoast-seo-wordpress\/ -->\n<title>Manifestation pour les droits des femmes afghanes - Fr\u00e9d\u00e9rique Le Brun<\/title>\n<meta name=\"description\" content=\"Manifestation en soutien aux femmes afghanes, organis\u00e9e \u00e0 l&#039;appel de nombreuses associations f\u00e9ministes. A Paris, le 19 septembre 2021.\" \/>\n<meta name=\"robots\" content=\"index, follow, max-snippet:-1, max-image-preview:large, max-video-preview:-1\" \/>\n<link rel=\"canonical\" href=\"https:\/\/frederiquelebrun.com\/en\/manifestation-pour-les-droits-des-femmes-afghanes\/\" \/>\n<meta property=\"og:locale\" content=\"en_US\" \/>\n<meta property=\"og:type\" content=\"article\" \/>\n<meta property=\"og:title\" content=\"Manifestation pour les droits des femmes afghanes - Fr\u00e9d\u00e9rique Le Brun\" \/>\n<meta property=\"og:description\" content=\"Manifestation en soutien aux femmes afghanes, organis\u00e9e \u00e0 l&#039;appel de nombreuses associations f\u00e9ministes. A Paris, le 19 septembre 2021.\" \/>\n<meta property=\"og:url\" content=\"https:\/\/frederiquelebrun.com\/en\/manifestation-pour-les-droits-des-femmes-afghanes\/\" \/>\n<meta property=\"og:site_name\" content=\"Fr\u00e9d\u00e9rique Le Brun\" \/>\n<meta property=\"article:published_time\" content=\"2021-09-19T14:54:16+00:00\" \/>\n<meta property=\"article:modified_time\" content=\"2021-12-23T10:40:27+00:00\" \/>\n<meta property=\"og:image\" content=\"https:\/\/frederiquelebrun.com\/wp-content\/uploads\/2021\/11\/2021-09-19-manif-femmes-afghanes-07-_MG_4446-scaled.jpg\" \/>\n\t<meta property=\"og:image:width\" content=\"2560\" \/>\n\t<meta property=\"og:image:height\" content=\"1707\" \/>\n\t<meta property=\"og:image:type\" content=\"image\/jpeg\" \/>\n<meta name=\"author\" content=\"Fr\u00e9d\u00e9rique Le Brun\" \/>\n<meta name=\"twitter:label1\" content=\"Written by\" \/>\n\t<meta name=\"twitter:data1\" content=\"Fr\u00e9d\u00e9rique Le Brun\" \/>\n\t<meta name=\"twitter:label2\" content=\"Est. reading time\" \/>\n\t<meta name=\"twitter:data2\" content=\"1 minute\" \/>\n<script type=\"application\/ld+json\" class=\"yoast-schema-graph\">{\"@context\":\"https:\\\/\\\/schema.org\",\"@graph\":[{\"@type\":\"Article\",\"@id\":\"https:\\\/\\\/frederiquelebrun.com\\\/manifestation-pour-les-droits-des-femmes-afghanes\\\/#article\",\"isPartOf\":{\"@id\":\"https:\\\/\\\/frederiquelebrun.com\\\/manifestation-pour-les-droits-des-femmes-afghanes\\\/\"},\"author\":{\"name\":\"Fr\u00e9d\u00e9rique Le Brun\",\"@id\":\"https:\\\/\\\/frederiquelebrun.com\\\/#\\\/schema\\\/person\\\/c1aa93888d5ef1b626ec0ff9332f8cb9\"},\"headline\":\"Manifestation pour les droits des femmes afghanes\",\"datePublished\":\"2021-09-19T14:54:16+00:00\",\"dateModified\":\"2021-12-23T10:40:27+00:00\",\"mainEntityOfPage\":{\"@id\":\"https:\\\/\\\/frederiquelebrun.com\\\/manifestation-pour-les-droits-des-femmes-afghanes\\\/\"},\"wordCount\":164,\"publisher\":{\"@id\":\"https:\\\/\\\/frederiquelebrun.com\\\/#\\\/schema\\\/person\\\/8fd7f23683bc30ddd1a0def83e0aa245\"},\"image\":{\"@id\":\"https:\\\/\\\/frederiquelebrun.com\\\/manifestation-pour-les-droits-des-femmes-afghanes\\\/#primaryimage\"},\"thumbnailUrl\":\"https:\\\/\\\/i0.wp.com\\\/frederiquelebrun.com\\\/wp-content\\\/uploads\\\/2021\\\/11\\\/2021-09-19-manif-femmes-afghanes-07-_MG_4446-scaled.jpg?fit=2560%2C1707&ssl=1\",\"keywords\":[\"Afghan\",\"Afghan woman\",\"Afghanistan\",\"Afghans\",\"day\",\"demonstration\",\"drapeau\",\"droits des femmes\",\"\u00e9vacuation\",\"famille\",\"family\",\"femme afghane\",\"femmes\",\"flag\",\"Ghani\",\"humanitaire\",\"humanitarian\",\"jeunes\",\"jour\",\"manifestation\",\"obscurantism\",\"obscurantisme\",\"paris\",\"place de la R\u00e9publique\",\"refugee\",\"refugees\",\"r\u00e9fugi\u00e9\",\"r\u00e9fugi\u00e9s\",\"r\u00e9pression\",\"resistance\",\"Reza Jafari\",\"taliban\",\"talibans\",\"women\",\"women's rights\",\"young people\"],\"articleSection\":[\"Actu\"],\"inLanguage\":\"en-US\"},{\"@type\":\"WebPage\",\"@id\":\"https:\\\/\\\/frederiquelebrun.com\\\/manifestation-pour-les-droits-des-femmes-afghanes\\\/\",\"url\":\"https:\\\/\\\/frederiquelebrun.com\\\/manifestation-pour-les-droits-des-femmes-afghanes\\\/\",\"name\":\"Manifestation pour les droits des femmes afghanes - Fr\u00e9d\u00e9rique Le Brun\",\"isPartOf\":{\"@id\":\"https:\\\/\\\/frederiquelebrun.com\\\/#website\"},\"primaryImageOfPage\":{\"@id\":\"https:\\\/\\\/frederiquelebrun.com\\\/manifestation-pour-les-droits-des-femmes-afghanes\\\/#primaryimage\"},\"image\":{\"@id\":\"https:\\\/\\\/frederiquelebrun.com\\\/manifestation-pour-les-droits-des-femmes-afghanes\\\/#primaryimage\"},\"thumbnailUrl\":\"https:\\\/\\\/i0.wp.com\\\/frederiquelebrun.com\\\/wp-content\\\/uploads\\\/2021\\\/11\\\/2021-09-19-manif-femmes-afghanes-07-_MG_4446-scaled.jpg?fit=2560%2C1707&ssl=1\",\"datePublished\":\"2021-09-19T14:54:16+00:00\",\"dateModified\":\"2021-12-23T10:40:27+00:00\",\"description\":\"Manifestation en soutien aux femmes afghanes, organis\u00e9e \u00e0 l'appel de nombreuses associations f\u00e9ministes. A Paris, le 19 septembre 2021.\",\"inLanguage\":\"en-US\",\"potentialAction\":[{\"@type\":\"ReadAction\",\"target\":[\"https:\\\/\\\/frederiquelebrun.com\\\/manifestation-pour-les-droits-des-femmes-afghanes\\\/\"]}]},{\"@type\":\"ImageObject\",\"inLanguage\":\"en-US\",\"@id\":\"https:\\\/\\\/frederiquelebrun.com\\\/manifestation-pour-les-droits-des-femmes-afghanes\\\/#primaryimage\",\"url\":\"https:\\\/\\\/i0.wp.com\\\/frederiquelebrun.com\\\/wp-content\\\/uploads\\\/2021\\\/11\\\/2021-09-19-manif-femmes-afghanes-07-_MG_4446-scaled.jpg?fit=2560%2C1707&ssl=1\",\"contentUrl\":\"https:\\\/\\\/i0.wp.com\\\/frederiquelebrun.com\\\/wp-content\\\/uploads\\\/2021\\\/11\\\/2021-09-19-manif-femmes-afghanes-07-_MG_4446-scaled.jpg?fit=2560%2C1707&ssl=1\",\"width\":2560,\"height\":1707,\"caption\":\"2021-09-19. Paris, manifestation, de la Place de la R\u00e9publique \u00e0 H\u00f4tel de ville, en soutien aux femmes afghanes, organis\u00e9e \u00e0 l'appel de nombreuses associations f\u00e9ministes. La manifestation a rassembl\u00e9 plusieurs milliers de personnes, dont de nombreux partisans d'Ahmad Massoud, fils du moudjahidine Ahmad Shad Massoud. Ceux-ci portent le drapeau noir-blanc-vert de Massoud. Outre les slogans anti-talibans, les manifestants ont aussi cri\u00e9 leur demande que la France (dont l'arm\u00e9e a particip\u00e9 \u00e0 l'occupation du pays pendant 14 ans) prenne ses responsabilit\u00e9s et accueille beaucoup plus que les 2600 Afghans qu'elle a \u00e9vacu\u00e9 par avion depuis la chute de Kaboul. Des chansons patriotiques ont fait pleurer de jeunes porte-drapeaux, et la manifestation s'est termin\u00e9e au son de la pop afghane et dans la fum\u00e9e des fumig\u00e8nes aux couleurs du drapeau afghan. Photo Fr\u00e9d\u00e9rique Le Brun\"},{\"@type\":\"WebSite\",\"@id\":\"https:\\\/\\\/frederiquelebrun.com\\\/#website\",\"url\":\"https:\\\/\\\/frederiquelebrun.com\\\/\",\"name\":\"Fr\u00e9d\u00e9rique Le Brun\",\"description\":\"Photojournaliste\",\"publisher\":{\"@id\":\"https:\\\/\\\/frederiquelebrun.com\\\/#\\\/schema\\\/person\\\/8fd7f23683bc30ddd1a0def83e0aa245\"},\"potentialAction\":[{\"@type\":\"SearchAction\",\"target\":{\"@type\":\"EntryPoint\",\"urlTemplate\":\"https:\\\/\\\/frederiquelebrun.com\\\/?s={search_term_string}\"},\"query-input\":{\"@type\":\"PropertyValueSpecification\",\"valueRequired\":true,\"valueName\":\"search_term_string\"}}],\"inLanguage\":\"en-US\"},{\"@type\":[\"Person\",\"Organization\"],\"@id\":\"https:\\\/\\\/frederiquelebrun.com\\\/#\\\/schema\\\/person\\\/8fd7f23683bc30ddd1a0def83e0aa245\",\"name\":\"Fr\u00e9d\u00e9rique Le Brun\",\"image\":{\"@type\":\"ImageObject\",\"inLanguage\":\"en-US\",\"@id\":\"https:\\\/\\\/i0.wp.com\\\/frederiquelebrun.com\\\/wp-content\\\/uploads\\\/2021\\\/11\\\/FLB-parc-teheran-3b.jpg?fit=960%2C720&ssl=1\",\"url\":\"https:\\\/\\\/i0.wp.com\\\/frederiquelebrun.com\\\/wp-content\\\/uploads\\\/2021\\\/11\\\/FLB-parc-teheran-3b.jpg?fit=960%2C720&ssl=1\",\"contentUrl\":\"https:\\\/\\\/i0.wp.com\\\/frederiquelebrun.com\\\/wp-content\\\/uploads\\\/2021\\\/11\\\/FLB-parc-teheran-3b.jpg?fit=960%2C720&ssl=1\",\"width\":960,\"height\":720,\"caption\":\"Fr\u00e9d\u00e9rique Le Brun\"},\"logo\":{\"@id\":\"https:\\\/\\\/i0.wp.com\\\/frederiquelebrun.com\\\/wp-content\\\/uploads\\\/2021\\\/11\\\/FLB-parc-teheran-3b.jpg?fit=960%2C720&ssl=1\"}},{\"@type\":\"Person\",\"@id\":\"https:\\\/\\\/frederiquelebrun.com\\\/#\\\/schema\\\/person\\\/c1aa93888d5ef1b626ec0ff9332f8cb9\",\"name\":\"Fr\u00e9d\u00e9rique Le Brun\",\"image\":{\"@type\":\"ImageObject\",\"inLanguage\":\"en-US\",\"@id\":\"https:\\\/\\\/secure.gravatar.com\\\/avatar\\\/17c86eb636863fb107011b32c8b907d1f3bac971b90df6c5ff54a1d059182a2a?s=96&d=mm&r=g\",\"url\":\"https:\\\/\\\/secure.gravatar.com\\\/avatar\\\/17c86eb636863fb107011b32c8b907d1f3bac971b90df6c5ff54a1d059182a2a?s=96&d=mm&r=g\",\"contentUrl\":\"https:\\\/\\\/secure.gravatar.com\\\/avatar\\\/17c86eb636863fb107011b32c8b907d1f3bac971b90df6c5ff54a1d059182a2a?s=96&d=mm&r=g\",\"caption\":\"Fr\u00e9d\u00e9rique Le Brun\"}}]}<\/script>\n<!-- \/ Yoast SEO plugin. -->","yoast_head_json":{"title":"Manifestation pour les droits des femmes afghanes - Fr\u00e9d\u00e9rique Le Brun","description":"Manifestation en soutien aux femmes afghanes, organis\u00e9e \u00e0 l'appel de nombreuses associations f\u00e9ministes. A Paris, le 19 septembre 2021.","robots":{"index":"index","follow":"follow","max-snippet":"max-snippet:-1","max-image-preview":"max-image-preview:large","max-video-preview":"max-video-preview:-1"},"canonical":"https:\/\/frederiquelebrun.com\/en\/manifestation-pour-les-droits-des-femmes-afghanes\/","og_locale":"en_US","og_type":"article","og_title":"Manifestation pour les droits des femmes afghanes - Fr\u00e9d\u00e9rique Le Brun","og_description":"Manifestation en soutien aux femmes afghanes, organis\u00e9e \u00e0 l'appel de nombreuses associations f\u00e9ministes. A Paris, le 19 septembre 2021.","og_url":"https:\/\/frederiquelebrun.com\/en\/manifestation-pour-les-droits-des-femmes-afghanes\/","og_site_name":"Fr\u00e9d\u00e9rique Le Brun","article_published_time":"2021-09-19T14:54:16+00:00","article_modified_time":"2021-12-23T10:40:27+00:00","og_image":[{"width":2560,"height":1707,"url":"https:\/\/frederiquelebrun.com\/wp-content\/uploads\/2021\/11\/2021-09-19-manif-femmes-afghanes-07-_MG_4446-scaled.jpg","type":"image\/jpeg"}],"author":"Fr\u00e9d\u00e9rique Le Brun","twitter_misc":{"Written by":"Fr\u00e9d\u00e9rique Le Brun","Est. reading time":"1 minute"},"schema":{"@context":"https:\/\/schema.org","@graph":[{"@type":"Article","@id":"https:\/\/frederiquelebrun.com\/manifestation-pour-les-droits-des-femmes-afghanes\/#article","isPartOf":{"@id":"https:\/\/frederiquelebrun.com\/manifestation-pour-les-droits-des-femmes-afghanes\/"},"author":{"name":"Fr\u00e9d\u00e9rique Le Brun","@id":"https:\/\/frederiquelebrun.com\/#\/schema\/person\/c1aa93888d5ef1b626ec0ff9332f8cb9"},"headline":"Manifestation pour les droits des femmes afghanes","datePublished":"2021-09-19T14:54:16+00:00","dateModified":"2021-12-23T10:40:27+00:00","mainEntityOfPage":{"@id":"https:\/\/frederiquelebrun.com\/manifestation-pour-les-droits-des-femmes-afghanes\/"},"wordCount":164,"publisher":{"@id":"https:\/\/frederiquelebrun.com\/#\/schema\/person\/8fd7f23683bc30ddd1a0def83e0aa245"},"image":{"@id":"https:\/\/frederiquelebrun.com\/manifestation-pour-les-droits-des-femmes-afghanes\/#primaryimage"},"thumbnailUrl":"https:\/\/i0.wp.com\/frederiquelebrun.com\/wp-content\/uploads\/2021\/11\/2021-09-19-manif-femmes-afghanes-07-_MG_4446-scaled.jpg?fit=2560%2C1707&ssl=1","keywords":["Afghan","Afghan woman","Afghanistan","Afghans","day","demonstration","drapeau","droits des femmes","\u00e9vacuation","famille","family","femme afghane","femmes","flag","Ghani","humanitaire","humanitarian","jeunes","jour","manifestation","obscurantism","obscurantisme","paris","place de la R\u00e9publique","refugee","refugees","r\u00e9fugi\u00e9","r\u00e9fugi\u00e9s","r\u00e9pression","resistance","Reza Jafari","taliban","talibans","women","women's rights","young people"],"articleSection":["Actu"],"inLanguage":"en-US"},{"@type":"WebPage","@id":"https:\/\/frederiquelebrun.com\/manifestation-pour-les-droits-des-femmes-afghanes\/","url":"https:\/\/frederiquelebrun.com\/manifestation-pour-les-droits-des-femmes-afghanes\/","name":"Manifestation pour les droits des femmes afghanes - Fr\u00e9d\u00e9rique Le Brun","isPartOf":{"@id":"https:\/\/frederiquelebrun.com\/#website"},"primaryImageOfPage":{"@id":"https:\/\/frederiquelebrun.com\/manifestation-pour-les-droits-des-femmes-afghanes\/#primaryimage"},"image":{"@id":"https:\/\/frederiquelebrun.com\/manifestation-pour-les-droits-des-femmes-afghanes\/#primaryimage"},"thumbnailUrl":"https:\/\/i0.wp.com\/frederiquelebrun.com\/wp-content\/uploads\/2021\/11\/2021-09-19-manif-femmes-afghanes-07-_MG_4446-scaled.jpg?fit=2560%2C1707&ssl=1","datePublished":"2021-09-19T14:54:16+00:00","dateModified":"2021-12-23T10:40:27+00:00","description":"Manifestation en soutien aux femmes afghanes, organis\u00e9e \u00e0 l'appel de nombreuses associations f\u00e9ministes. A Paris, le 19 septembre 2021.","inLanguage":"en-US","potentialAction":[{"@type":"ReadAction","target":["https:\/\/frederiquelebrun.com\/manifestation-pour-les-droits-des-femmes-afghanes\/"]}]},{"@type":"ImageObject","inLanguage":"en-US","@id":"https:\/\/frederiquelebrun.com\/manifestation-pour-les-droits-des-femmes-afghanes\/#primaryimage","url":"https:\/\/i0.wp.com\/frederiquelebrun.com\/wp-content\/uploads\/2021\/11\/2021-09-19-manif-femmes-afghanes-07-_MG_4446-scaled.jpg?fit=2560%2C1707&ssl=1","contentUrl":"https:\/\/i0.wp.com\/frederiquelebrun.com\/wp-content\/uploads\/2021\/11\/2021-09-19-manif-femmes-afghanes-07-_MG_4446-scaled.jpg?fit=2560%2C1707&ssl=1","width":2560,"height":1707,"caption":"2021-09-19. Paris, manifestation, de la Place de la R\u00e9publique \u00e0 H\u00f4tel de ville, en soutien aux femmes afghanes, organis\u00e9e \u00e0 l'appel de nombreuses associations f\u00e9ministes. La manifestation a rassembl\u00e9 plusieurs milliers de personnes, dont de nombreux partisans d'Ahmad Massoud, fils du moudjahidine Ahmad Shad Massoud. Ceux-ci portent le drapeau noir-blanc-vert de Massoud. Outre les slogans anti-talibans, les manifestants ont aussi cri\u00e9 leur demande que la France (dont l'arm\u00e9e a particip\u00e9 \u00e0 l'occupation du pays pendant 14 ans) prenne ses responsabilit\u00e9s et accueille beaucoup plus que les 2600 Afghans qu'elle a \u00e9vacu\u00e9 par avion depuis la chute de Kaboul. Des chansons patriotiques ont fait pleurer de jeunes porte-drapeaux, et la manifestation s'est termin\u00e9e au son de la pop afghane et dans la fum\u00e9e des fumig\u00e8nes aux couleurs du drapeau afghan. Photo Fr\u00e9d\u00e9rique Le Brun"},{"@type":"WebSite","@id":"https:\/\/frederiquelebrun.com\/#website","url":"https:\/\/frederiquelebrun.com\/","name":"Fr\u00e9d\u00e9rique Le Brun","description":"Photojournalist","publisher":{"@id":"https:\/\/frederiquelebrun.com\/#\/schema\/person\/8fd7f23683bc30ddd1a0def83e0aa245"},"potentialAction":[{"@type":"SearchAction","target":{"@type":"EntryPoint","urlTemplate":"https:\/\/frederiquelebrun.com\/?s={search_term_string}"},"query-input":{"@type":"PropertyValueSpecification","valueRequired":true,"valueName":"search_term_string"}}],"inLanguage":"en-US"},{"@type":["Person","Organization"],"@id":"https:\/\/frederiquelebrun.com\/#\/schema\/person\/8fd7f23683bc30ddd1a0def83e0aa245","name":"Fr\u00e9d\u00e9rique Le Brun","image":{"@type":"ImageObject","inLanguage":"en-US","@id":"https:\/\/i0.wp.com\/frederiquelebrun.com\/wp-content\/uploads\/2021\/11\/FLB-parc-teheran-3b.jpg?fit=960%2C720&ssl=1","url":"https:\/\/i0.wp.com\/frederiquelebrun.com\/wp-content\/uploads\/2021\/11\/FLB-parc-teheran-3b.jpg?fit=960%2C720&ssl=1","contentUrl":"https:\/\/i0.wp.com\/frederiquelebrun.com\/wp-content\/uploads\/2021\/11\/FLB-parc-teheran-3b.jpg?fit=960%2C720&ssl=1","width":960,"height":720,"caption":"Fr\u00e9d\u00e9rique Le Brun"},"logo":{"@id":"https:\/\/i0.wp.com\/frederiquelebrun.com\/wp-content\/uploads\/2021\/11\/FLB-parc-teheran-3b.jpg?fit=960%2C720&ssl=1"}},{"@type":"Person","@id":"https:\/\/frederiquelebrun.com\/#\/schema\/person\/c1aa93888d5ef1b626ec0ff9332f8cb9","name":"Fr\u00e9d\u00e9rique Le Brun","image":{"@type":"ImageObject","inLanguage":"en-US","@id":"https:\/\/secure.gravatar.com\/avatar\/17c86eb636863fb107011b32c8b907d1f3bac971b90df6c5ff54a1d059182a2a?s=96&d=mm&r=g","url":"https:\/\/secure.gravatar.com\/avatar\/17c86eb636863fb107011b32c8b907d1f3bac971b90df6c5ff54a1d059182a2a?s=96&d=mm&r=g","contentUrl":"https:\/\/secure.gravatar.com\/avatar\/17c86eb636863fb107011b32c8b907d1f3bac971b90df6c5ff54a1d059182a2a?s=96&d=mm&r=g","caption":"Fr\u00e9d\u00e9rique Le Brun"}}]}},"jetpack_featured_media_url":"https:\/\/i0.wp.com\/frederiquelebrun.com\/wp-content\/uploads\/2021\/11\/2021-09-19-manif-femmes-afghanes-07-_MG_4446-scaled.jpg?fit=2560%2C1707&ssl=1","uagb_featured_image_src":{"full":["https:\/\/i0.wp.com\/frederiquelebrun.com\/wp-content\/uploads\/2021\/11\/2021-09-19-manif-femmes-afghanes-07-_MG_4446-scaled.jpg?fit=2560%2C1707&ssl=1",2560,1707,false],"thumbnail":["https:\/\/i0.wp.com\/frederiquelebrun.com\/wp-content\/uploads\/2021\/11\/2021-09-19-manif-femmes-afghanes-07-_MG_4446-scaled.jpg?resize=150%2C150&ssl=1",150,150,true],"medium":["https:\/\/i0.wp.com\/frederiquelebrun.com\/wp-content\/uploads\/2021\/11\/2021-09-19-manif-femmes-afghanes-07-_MG_4446-scaled.jpg?fit=300%2C200&ssl=1",300,200,true],"medium_large":["https:\/\/i0.wp.com\/frederiquelebrun.com\/wp-content\/uploads\/2021\/11\/2021-09-19-manif-femmes-afghanes-07-_MG_4446-scaled.jpg?fit=768%2C512&ssl=1",768,512,true],"large":["https:\/\/i0.wp.com\/frederiquelebrun.com\/wp-content\/uploads\/2021\/11\/2021-09-19-manif-femmes-afghanes-07-_MG_4446-scaled.jpg?fit=1024%2C683&ssl=1",1024,683,true],"1536x1536":["https:\/\/i0.wp.com\/frederiquelebrun.com\/wp-content\/uploads\/2021\/11\/2021-09-19-manif-femmes-afghanes-07-_MG_4446-scaled.jpg?fit=1536%2C1024&ssl=1",1536,1024,true],"2048x2048":["https:\/\/i0.wp.com\/frederiquelebrun.com\/wp-content\/uploads\/2021\/11\/2021-09-19-manif-femmes-afghanes-07-_MG_4446-scaled.jpg?fit=2048%2C1366&ssl=1",2048,1366,true],"trp-custom-language-flag":["https:\/\/i0.wp.com\/frederiquelebrun.com\/wp-content\/uploads\/2021\/11\/2021-09-19-manif-femmes-afghanes-07-_MG_4446-scaled.jpg?fit=18%2C12&ssl=1",18,12,true],"travelersmap-thumb":["https:\/\/i0.wp.com\/frederiquelebrun.com\/wp-content\/uploads\/2021\/11\/2021-09-19-manif-femmes-afghanes-07-_MG_4446-scaled.jpg?resize=300%2C200&ssl=1",300,200,true],"vp_sm":["https:\/\/i0.wp.com\/frederiquelebrun.com\/wp-content\/uploads\/2021\/11\/2021-09-19-manif-femmes-afghanes-07-_MG_4446-scaled.jpg?fit=500%2C333&ssl=1",500,333,true],"vp_md":["https:\/\/i0.wp.com\/frederiquelebrun.com\/wp-content\/uploads\/2021\/11\/2021-09-19-manif-femmes-afghanes-07-_MG_4446-scaled.jpg?fit=800%2C533&ssl=1",800,533,true],"vp_lg":["https:\/\/i0.wp.com\/frederiquelebrun.com\/wp-content\/uploads\/2021\/11\/2021-09-19-manif-femmes-afghanes-07-_MG_4446-scaled.jpg?fit=1280%2C854&ssl=1",1280,854,true],"vp_xl":["https:\/\/i0.wp.com\/frederiquelebrun.com\/wp-content\/uploads\/2021\/11\/2021-09-19-manif-femmes-afghanes-07-_MG_4446-scaled.jpg?fit=1920%2C1280&ssl=1",1920,1280,true],"vp_sm_popup":["https:\/\/i0.wp.com\/frederiquelebrun.com\/wp-content\/uploads\/2021\/11\/2021-09-19-manif-femmes-afghanes-07-_MG_4446-scaled.jpg?fit=500%2C333&ssl=1",500,333,true],"vp_md_popup":["https:\/\/i0.wp.com\/frederiquelebrun.com\/wp-content\/uploads\/2021\/11\/2021-09-19-manif-femmes-afghanes-07-_MG_4446-scaled.jpg?fit=800%2C533&ssl=1",800,533,true],"vp_xl_popup":["https:\/\/i0.wp.com\/frederiquelebrun.com\/wp-content\/uploads\/2021\/11\/2021-09-19-manif-femmes-afghanes-07-_MG_4446-scaled.jpg?fit=1920%2C1280&ssl=1",1920,1280,true],"woocommerce_thumbnail":["https:\/\/i0.wp.com\/frederiquelebrun.com\/wp-content\/uploads\/2021\/11\/2021-09-19-manif-femmes-afghanes-07-_MG_4446-scaled.jpg?fit=300%2C200&ssl=1",300,200,true],"woocommerce_single":["https:\/\/i0.wp.com\/frederiquelebrun.com\/wp-content\/uploads\/2021\/11\/2021-09-19-manif-femmes-afghanes-07-_MG_4446-scaled.jpg?fit=600%2C400&ssl=1",600,400,true],"woocommerce_gallery_thumbnail":["https:\/\/i0.wp.com\/frederiquelebrun.com\/wp-content\/uploads\/2021\/11\/2021-09-19-manif-femmes-afghanes-07-_MG_4446-scaled.jpg?resize=100%2C100&ssl=1",100,100,true]},"uagb_author_info":{"display_name":"Fr\u00e9d\u00e9rique Le Brun","author_link":"https:\/\/frederiquelebrun.com\/en\/author\/fred\/"},"uagb_comment_info":0,"uagb_excerpt":"2021-09-19. Paris, manifestation, de la Place de la R\u00e9publique \u00e0 H\u00f4tel de ville, en soutien aux femmes afghanes, organis\u00e9e \u00e0 l'appel de nombreuses associations f\u00e9ministes. La manifestation a rassembl\u00e9 plusieurs milliers de personnes, dont de nombreux partisans d'Ahmad Massoud, fils du moudjahidine Ahmad Shad Massoud. Ceux-ci portent le drapeau noir-blanc-vert de Massoud. Outre les slogans&hellip;","jetpack_sharing_enabled":true,"jetpack-related-posts":[{"id":2073,"url":"https:\/\/frederiquelebrun.com\/en\/manifestation-de-soutien-aux-afghans\/","url_meta":{"origin":1838,"position":0},"title":"Demonstration of support for Afghans","author":"Fr\u00e9d\u00e9rique Le Brun","date":"5 September 2021","format":false,"excerpt":"\u00c0 la suite de la prise de Kaboul par les talibans le 15 ao\u00fbt 2021, les Afghans de France, inquiets, se mobilisent et appellent \u00e0 la solidarit\u00e9 internationale.","rel":"","context":"In &quot;Actu&quot;","block_context":{"text":"Actu","link":"https:\/\/frederiquelebrun.com\/en\/category\/news\/"},"img":{"alt_text":"Rassemblement pour l'Afghanistan \u00e0 Paris","src":"https:\/\/i0.wp.com\/frederiquelebrun.com\/wp-content\/uploads\/2021\/11\/2021-09-05-manif-afghans-web-2801.jpg?fit=1200%2C1200&ssl=1&resize=350%2C200","width":350,"height":200,"srcset":"https:\/\/i0.wp.com\/frederiquelebrun.com\/wp-content\/uploads\/2021\/11\/2021-09-05-manif-afghans-web-2801.jpg?fit=1200%2C1200&ssl=1&resize=350%2C200 1x, https:\/\/i0.wp.com\/frederiquelebrun.com\/wp-content\/uploads\/2021\/11\/2021-09-05-manif-afghans-web-2801.jpg?fit=1200%2C1200&ssl=1&resize=525%2C300 1.5x, https:\/\/i0.wp.com\/frederiquelebrun.com\/wp-content\/uploads\/2021\/11\/2021-09-05-manif-afghans-web-2801.jpg?fit=1200%2C1200&ssl=1&resize=700%2C400 2x, https:\/\/i0.wp.com\/frederiquelebrun.com\/wp-content\/uploads\/2021\/11\/2021-09-05-manif-afghans-web-2801.jpg?fit=1200%2C1200&ssl=1&resize=1050%2C600 3x"},"classes":[]},{"id":1794,"url":"https:\/\/frederiquelebrun.com\/en\/afghans-de-paris-contre-les-talibans\/","url_meta":{"origin":1838,"position":1},"title":"Afghans of Paris against talibans","author":"Fr\u00e9d\u00e9rique Le Brun","date":"22 August 2021","format":false,"excerpt":"2021-08-22-Paris, place de la R\u00e9publique, rassemblement de soutien au peuple afghan en r\u00e9action \u00e0 la prise de pouvoir totale des talibans sur l'Afghanistan depuis le 15 ao\u00fbt et la chute de Kaboul. Photo Fr\u00e9d\u00e9rique Le Brun","rel":"","context":"In &quot;Actu&quot;","block_context":{"text":"Actu","link":"https:\/\/frederiquelebrun.com\/en\/category\/news\/"},"img":{"alt_text":"Manifestant en soutien \u00e0 l'Afghanistan, \u00e0 Paris","src":"https:\/\/i0.wp.com\/frederiquelebrun.com\/wp-content\/uploads\/2021\/11\/2021-08-22-manif-afghanistan-18-_MG_2231-1-scaled.jpg?fit=1200%2C800&ssl=1&resize=350%2C200","width":350,"height":200,"srcset":"https:\/\/i0.wp.com\/frederiquelebrun.com\/wp-content\/uploads\/2021\/11\/2021-08-22-manif-afghanistan-18-_MG_2231-1-scaled.jpg?fit=1200%2C800&ssl=1&resize=350%2C200 1x, https:\/\/i0.wp.com\/frederiquelebrun.com\/wp-content\/uploads\/2021\/11\/2021-08-22-manif-afghanistan-18-_MG_2231-1-scaled.jpg?fit=1200%2C800&ssl=1&resize=525%2C300 1.5x, https:\/\/i0.wp.com\/frederiquelebrun.com\/wp-content\/uploads\/2021\/11\/2021-08-22-manif-afghanistan-18-_MG_2231-1-scaled.jpg?fit=1200%2C800&ssl=1&resize=700%2C400 2x, https:\/\/i0.wp.com\/frederiquelebrun.com\/wp-content\/uploads\/2021\/11\/2021-08-22-manif-afghanistan-18-_MG_2231-1-scaled.jpg?fit=1200%2C800&ssl=1&resize=1050%2C600 3x"},"classes":[]},{"id":3155,"url":"https:\/\/frederiquelebrun.com\/en\/journee-internationale-des-migrants\/","url_meta":{"origin":1838,"position":2},"title":"Solidarity March - International Migrants Day","author":"Fr\u00e9d\u00e9rique Le Brun","date":"22 December 2021","format":false,"excerpt":"Paris \u2013 18 d\u00e9cembre 2021 \u00c0 l'occasion de la Journ\u00e9e internationale des migrants, avait lieu \u00e0 Paris, entre la Place Clichy et Stalingrad, la marche des solidarit\u00e9s. Elle a rassembl\u00e9 des milliers de manifestants, 10000 selon les organisateurs. Divers collectifs de travailleurs sans-papiers, le collectif collages-refugees-paris, le NPA, le RESF,\u2026","rel":"","context":"In &quot;Actu&quot;","block_context":{"text":"Actu","link":"https:\/\/frederiquelebrun.com\/en\/category\/news\/"},"img":{"alt_text":"","src":"https:\/\/i0.wp.com\/frederiquelebrun.com\/wp-content\/uploads\/2021\/12\/2021-12-18-marche-solidarites-25-7507.jpg?fit=1200%2C800&ssl=1&resize=350%2C200","width":350,"height":200,"srcset":"https:\/\/i0.wp.com\/frederiquelebrun.com\/wp-content\/uploads\/2021\/12\/2021-12-18-marche-solidarites-25-7507.jpg?fit=1200%2C800&ssl=1&resize=350%2C200 1x, https:\/\/i0.wp.com\/frederiquelebrun.com\/wp-content\/uploads\/2021\/12\/2021-12-18-marche-solidarites-25-7507.jpg?fit=1200%2C800&ssl=1&resize=525%2C300 1.5x, https:\/\/i0.wp.com\/frederiquelebrun.com\/wp-content\/uploads\/2021\/12\/2021-12-18-marche-solidarites-25-7507.jpg?fit=1200%2C800&ssl=1&resize=700%2C400 2x, https:\/\/i0.wp.com\/frederiquelebrun.com\/wp-content\/uploads\/2021\/12\/2021-12-18-marche-solidarites-25-7507.jpg?fit=1200%2C800&ssl=1&resize=1050%2C600 3x"},"classes":[]},{"id":1826,"url":"https:\/\/frederiquelebrun.com\/en\/manifestation-contre-le-coup-detat-au-soudan\/","url_meta":{"origin":1838,"position":3},"title":"Demonstration against coup in Sudan","author":"Fr\u00e9d\u00e9rique Le Brun","date":"30 October 2021","format":false,"excerpt":"Quelques jours apr\u00e8s le coup d\u2019\u00e9tat militaire du 25 octobre au Soudan, \u00e0 la suite duquel le g\u00e9n\u00e9ral Abdel Fattah Al-Bourhane a dissous les institutions soudanaises et arr\u00eat\u00e9 la plupart des dirigeants civils, l'opposition s'est mobilis\u00e9e au Soudan, mais aussi \u00e0 l\u2019\u00e9tranger, comme ici, \u00e0 Paris, place de la R\u00e9publique,\u2026","rel":"","context":"In &quot;Actu&quot;","block_context":{"text":"Actu","link":"https:\/\/frederiquelebrun.com\/en\/category\/news\/"},"img":{"alt_text":"Manifestation Contre Le Coup D'Etat Au Soudan","src":"https:\/\/i0.wp.com\/frederiquelebrun.com\/wp-content\/uploads\/2021\/11\/2021-10-30-manif-soudan-republique-19-_MG_6127.jpg?fit=1200%2C800&ssl=1&resize=350%2C200","width":350,"height":200,"srcset":"https:\/\/i0.wp.com\/frederiquelebrun.com\/wp-content\/uploads\/2021\/11\/2021-10-30-manif-soudan-republique-19-_MG_6127.jpg?fit=1200%2C800&ssl=1&resize=350%2C200 1x, https:\/\/i0.wp.com\/frederiquelebrun.com\/wp-content\/uploads\/2021\/11\/2021-10-30-manif-soudan-republique-19-_MG_6127.jpg?fit=1200%2C800&ssl=1&resize=525%2C300 1.5x, https:\/\/i0.wp.com\/frederiquelebrun.com\/wp-content\/uploads\/2021\/11\/2021-10-30-manif-soudan-republique-19-_MG_6127.jpg?fit=1200%2C800&ssl=1&resize=700%2C400 2x, https:\/\/i0.wp.com\/frederiquelebrun.com\/wp-content\/uploads\/2021\/11\/2021-10-30-manif-soudan-republique-19-_MG_6127.jpg?fit=1200%2C800&ssl=1&resize=1050%2C600 3x"},"classes":[]},{"id":1796,"url":"https:\/\/frederiquelebrun.com\/en\/commemoration-du-17-octobre-1961\/","url_meta":{"origin":1838,"position":4},"title":"Commemoration of October 17, 1961","author":"Fr\u00e9d\u00e9rique Le Brun","date":"18 October 2021","format":false,"excerpt":"2021-10-17- Paris. Aujourd'hui avait lieu entre Bonne-Nouvelle (devant le cin\u00e9ma Rex) et la place du Chatelet \u00e0 Paris, une manifestation de comm\u00e9moration du 17 octobre 1961, jour o\u00f9 avait eu lieu sur ce m\u00eame trajet \u00e0 peu pr\u00e8s une manifestation en faveur de l'ind\u00e9pendance de l'Alg\u00e9rie, manifestation au cours de\u2026","rel":"","context":"In &quot;Actu&quot;","block_context":{"text":"Actu","link":"https:\/\/frederiquelebrun.com\/en\/category\/news\/"},"img":{"alt_text":"Comm\u00e9moration Du 17 Octobre 1961","src":"https:\/\/i0.wp.com\/frederiquelebrun.com\/wp-content\/uploads\/2021\/11\/2021-10-17-manif-17oct61-18-_MG_5873.jpg?fit=1200%2C800&ssl=1&resize=350%2C200","width":350,"height":200,"srcset":"https:\/\/i0.wp.com\/frederiquelebrun.com\/wp-content\/uploads\/2021\/11\/2021-10-17-manif-17oct61-18-_MG_5873.jpg?fit=1200%2C800&ssl=1&resize=350%2C200 1x, https:\/\/i0.wp.com\/frederiquelebrun.com\/wp-content\/uploads\/2021\/11\/2021-10-17-manif-17oct61-18-_MG_5873.jpg?fit=1200%2C800&ssl=1&resize=525%2C300 1.5x, https:\/\/i0.wp.com\/frederiquelebrun.com\/wp-content\/uploads\/2021\/11\/2021-10-17-manif-17oct61-18-_MG_5873.jpg?fit=1200%2C800&ssl=1&resize=700%2C400 2x, https:\/\/i0.wp.com\/frederiquelebrun.com\/wp-content\/uploads\/2021\/11\/2021-10-17-manif-17oct61-18-_MG_5873.jpg?fit=1200%2C800&ssl=1&resize=1050%2C600 3x"},"classes":[]},{"id":1303,"url":"https:\/\/frederiquelebrun.com\/en\/manif-alep-beaubourg\/","url_meta":{"origin":1838,"position":5},"title":"Manif Alep Beaubourg","author":"Fr\u00e9d\u00e9rique Le Brun","date":"14 December 2016","format":false,"excerpt":"Manifestation de soutien \u00e0 Alep, depuis beaubourg \u00e0 Paris.","rel":"","context":"In &quot;Actu&quot;","block_context":{"text":"Actu","link":"https:\/\/frederiquelebrun.com\/en\/category\/news\/"},"img":{"alt_text":"Rassemblement Pour Alep","src":"https:\/\/i0.wp.com\/frederiquelebrun.com\/wp-content\/uploads\/2021\/11\/2016-12-14-manif-alep-beaubourg-02-scaled.jpg?fit=1200%2C800&ssl=1&resize=350%2C200","width":350,"height":200,"srcset":"https:\/\/i0.wp.com\/frederiquelebrun.com\/wp-content\/uploads\/2021\/11\/2016-12-14-manif-alep-beaubourg-02-scaled.jpg?fit=1200%2C800&ssl=1&resize=350%2C200 1x, https:\/\/i0.wp.com\/frederiquelebrun.com\/wp-content\/uploads\/2021\/11\/2016-12-14-manif-alep-beaubourg-02-scaled.jpg?fit=1200%2C800&ssl=1&resize=525%2C300 1.5x, https:\/\/i0.wp.com\/frederiquelebrun.com\/wp-content\/uploads\/2021\/11\/2016-12-14-manif-alep-beaubourg-02-scaled.jpg?fit=1200%2C800&ssl=1&resize=700%2C400 2x, https:\/\/i0.wp.com\/frederiquelebrun.com\/wp-content\/uploads\/2021\/11\/2016-12-14-manif-alep-beaubourg-02-scaled.jpg?fit=1200%2C800&ssl=1&resize=1050%2C600 3x"},"classes":[]}],"_links":{"self":[{"href":"https:\/\/frederiquelebrun.com\/en\/wp-json\/wp\/v2\/posts\/1838","targetHints":{"allow":["GET"]}}],"collection":[{"href":"https:\/\/frederiquelebrun.com\/en\/wp-json\/wp\/v2\/posts"}],"about":[{"href":"https:\/\/frederiquelebrun.com\/en\/wp-json\/wp\/v2\/types\/post"}],"author":[{"embeddable":true,"href":"https:\/\/frederiquelebrun.com\/en\/wp-json\/wp\/v2\/users\/3"}],"replies":[{"embeddable":true,"href":"https:\/\/frederiquelebrun.com\/en\/wp-json\/wp\/v2\/comments?post=1838"}],"version-history":[{"count":0,"href":"https:\/\/frederiquelebrun.com\/en\/wp-json\/wp\/v2\/posts\/1838\/revisions"}],"wp:featuredmedia":[{"embeddable":true,"href":"https:\/\/frederiquelebrun.com\/en\/wp-json\/wp\/v2\/media\/1843"}],"wp:attachment":[{"href":"https:\/\/frederiquelebrun.com\/en\/wp-json\/wp\/v2\/media?parent=1838"}],"wp:term":[{"taxonomy":"category","embeddable":true,"href":"https:\/\/frederiquelebrun.com\/en\/wp-json\/wp\/v2\/categories?post=1838"},{"taxonomy":"post_tag","embeddable":true,"href":"https:\/\/frederiquelebrun.com\/en\/wp-json\/wp\/v2\/tags?post=1838"}],"curies":[{"name":"wp","href":"https:\/\/api.w.org\/{rel}","templated":true}]}}