{"id":2073,"date":"2021-09-05T12:42:00","date_gmt":"2021-09-05T11:42:00","guid":{"rendered":"https:\/\/frederiquelebrun.com\/?p=2073"},"modified":"2021-12-23T11:42:37","modified_gmt":"2021-12-23T10:42:37","slug":"manifestation-de-soutien-aux-afghans","status":"publish","type":"post","link":"https:\/\/frederiquelebrun.com\/en\/manifestation-de-soutien-aux-afghans\/","title":{"rendered":"Demonstration of support for Afghans"},"content":{"rendered":"<div class=\"wp-block-columns is-layout-flex wp-container-core-columns-is-layout-28f84493 wp-block-columns-is-layout-flex\">\n<div class=\"wp-block-column is-layout-flow wp-block-column-is-layout-flow\">\n<p class=\"has-medium-font-size\">Paris, Place de la R\u00e9publique - September 5, 2021<\/p>\n<\/div>\n<\/div>\n\n\n\n<div class=\"wp-block-columns is-layout-flex wp-container-core-columns-is-layout-28f84493 wp-block-columns-is-layout-flex\">\n<div class=\"wp-block-column is-layout-flow wp-block-column-is-layout-flow\" style=\"flex-basis:100%\">\n<p class=\"has-normal-font-size\">Three weeks after the capture of Kabul by the Taliban on August 15, 2021, a demonstration in support of the Afghans takes place in Paris. The rally is organized by dozens of associations including SOS Racisme, Enfants d'Afghanistan et d'ailleurs, Utopia 56, Gisti, La Cimade, Osez le feminism, etc. These affirm their solidarity with the people in Afghanistan who risk being the first targets of the Taliban repression: human rights defenders, members of religious minorities, journalists, women exposed in various ways, LGBT people ... The organizations demand that the France guarantees an unconditional welcome to Afghan civilians who manage to leave the country, as well as to those who are already there and whose asylum requests have not yet been processed or have been rejected. <\/p>\n<\/div>\n<\/div>\n\n\n<div class=\"wp-block-visual-portfolio\">\n<div class=\"vp-portfolio vp-uid-95ce9ae0 vp-id-Z61Q4U\"\n\tdata-vp-layout=\"masonry\" data-vp-content-source=\"images\" data-vp-items-style=\"default\" data-vp-items-click-action=\"popup_gallery\" data-vp-items-gap=\"15\" data-vp-items-gap-vertical=\"15\" data-vp-pagination=\"load-more\" data-vp-next-page-url=\"\" data-vp-masonry-columns=\"3\" >\n\t<div class=\"vp-portfolio__preloader-wrap\">\n\t\t<div class=\"vp-portfolio__preloader\">\n\t\t\t<img decoding=\"async\" loading=\"eager\" src=\"https:\/\/frederiquelebrun.com\/wp-content\/plugins\/visual-portfolio\/assets\/images\/logo-dark.svg\" alt=\"Visual Portfolio, Posts &amp; Image Gallery for WordPress\" width=\"20\" height=\"20\" data-skip-lazy>\n\t\t<\/div>\n\t<\/div>\n\t\t<div class=\"vp-portfolio__items-wrap\">\n\t\t\t\n<div class=\"vp-portfolio__items vp-portfolio__items-style-default vp-portfolio__items-show-overlay-hover\">\n\n\t\t<div\t\tclass=\"vp-portfolio__item-wrap vp-portfolio__item-uid-7778b627\" data-vp-filter=\"\" \t\t>\n\t\t\t<template class=\"vp-portfolio__item-popup\" data-vp-popup-img=\"https:\/\/i0.wp.com\/frederiquelebrun.com\/wp-content\/uploads\/2021\/11\/2021-09-05-manif-afghans-web-2896.jpg?fit=1920%2C1280&#038;ssl=1\" data-vp-popup-img-srcset=\"https:\/\/i0.wp.com\/frederiquelebrun.com\/wp-content\/uploads\/2021\/11\/2021-09-05-manif-afghans-web-2896.jpg?w=2048&amp;ssl=1 2048w, https:\/\/i0.wp.com\/frederiquelebrun.com\/wp-content\/uploads\/2021\/11\/2021-09-05-manif-afghans-web-2896.jpg?resize=300%2C200&amp;ssl=1 300w, https:\/\/i0.wp.com\/frederiquelebrun.com\/wp-content\/uploads\/2021\/11\/2021-09-05-manif-afghans-web-2896.jpg?resize=600%2C400&amp;ssl=1 600w, https:\/\/i0.wp.com\/frederiquelebrun.com\/wp-content\/uploads\/2021\/11\/2021-09-05-manif-afghans-web-2896.jpg?resize=1024%2C683&amp;ssl=1 1024w, https:\/\/i0.wp.com\/frederiquelebrun.com\/wp-content\/uploads\/2021\/11\/2021-09-05-manif-afghans-web-2896.jpg?resize=768%2C512&amp;ssl=1 768w, https:\/\/i0.wp.com\/frederiquelebrun.com\/wp-content\/uploads\/2021\/11\/2021-09-05-manif-afghans-web-2896.jpg?resize=1536%2C1024&amp;ssl=1 1536w, https:\/\/i0.wp.com\/frederiquelebrun.com\/wp-content\/uploads\/2021\/11\/2021-09-05-manif-afghans-web-2896.jpg?resize=18%2C12&amp;ssl=1 18w, https:\/\/i0.wp.com\/frederiquelebrun.com\/wp-content\/uploads\/2021\/11\/2021-09-05-manif-afghans-web-2896.jpg?resize=500%2C333&amp;ssl=1 500w, https:\/\/i0.wp.com\/frederiquelebrun.com\/wp-content\/uploads\/2021\/11\/2021-09-05-manif-afghans-web-2896.jpg?resize=800%2C533&amp;ssl=1 800w, https:\/\/i0.wp.com\/frederiquelebrun.com\/wp-content\/uploads\/2021\/11\/2021-09-05-manif-afghans-web-2896.jpg?resize=1280%2C853&amp;ssl=1 1280w, https:\/\/i0.wp.com\/frederiquelebrun.com\/wp-content\/uploads\/2021\/11\/2021-09-05-manif-afghans-web-2896.jpg?resize=1920%2C1280&amp;ssl=1 1920w\" data-vp-popup-img-size=\"1920x1280\" data-vp-popup-md-img=\"https:\/\/i0.wp.com\/frederiquelebrun.com\/wp-content\/uploads\/2021\/11\/2021-09-05-manif-afghans-web-2896.jpg?fit=800%2C533&#038;ssl=1\" data-vp-popup-md-img-size=\"800x533\" data-vp-popup-sm-img=\"https:\/\/i0.wp.com\/frederiquelebrun.com\/wp-content\/uploads\/2021\/11\/2021-09-05-manif-afghans-web-2896.jpg?fit=500%2C333&#038;ssl=1\" data-vp-popup-sm-img-size=\"500x333\">\n\t\t\t<div class=\"vp-portfolio__item-popup-description\">2021-09-05-Paris, place de la R\u00e9publique, rassemblement de soutien au peuple afghan en r\u00e9action \u00e0 la prise de pouvoir totale des talibans sur l&#8217;Afghanistan depuis le 15 ao\u00fbt et la chute de Kaboul. Ici, prise de parole de Zarifa Ghafari, mairesse afghane exil\u00e9e en France. Photo Fr\u00e9d\u00e9rique Le Brun<\/div>\n\t\t<\/template>\n\t\t\t\t\t\t<figure class=\"vp-portfolio__item\">\n\t\t\t\t\n<div class=\"vp-portfolio__item-img-wrap\">\n\t<div class=\"vp-portfolio__item-img\">\n\t\t\t<a\n\t\thref=\"https:\/\/i0.wp.com\/frederiquelebrun.com\/wp-content\/uploads\/2021\/11\/2021-09-05-manif-afghans-web-2896.jpg?fit=1920%2C1280&#038;ssl=1\"\n\t\taria-label=\"Rassemblement pour l&#039;Afghanistan\" \t>\n\t\n\t\t<noscript><img fetchpriority=\"high\" decoding=\"async\" width=\"1920\" height=\"1280\" data-skip-lazy src=\"https:\/\/i0.wp.com\/frederiquelebrun.com\/wp-content\/uploads\/2021\/11\/2021-09-05-manif-afghans-web-2896.jpg?fit=1920%2C1280&amp;ssl=1\" class=\"wp-image-2088\" alt=\"Rassemblement pour l&#039;Afghanistan \u00e0 Paris\" srcset=\"https:\/\/i0.wp.com\/frederiquelebrun.com\/wp-content\/uploads\/2021\/11\/2021-09-05-manif-afghans-web-2896.jpg?w=2048&amp;ssl=1 2048w, https:\/\/i0.wp.com\/frederiquelebrun.com\/wp-content\/uploads\/2021\/11\/2021-09-05-manif-afghans-web-2896.jpg?resize=300%2C200&amp;ssl=1 300w, https:\/\/i0.wp.com\/frederiquelebrun.com\/wp-content\/uploads\/2021\/11\/2021-09-05-manif-afghans-web-2896.jpg?resize=600%2C400&amp;ssl=1 600w, https:\/\/i0.wp.com\/frederiquelebrun.com\/wp-content\/uploads\/2021\/11\/2021-09-05-manif-afghans-web-2896.jpg?resize=1024%2C683&amp;ssl=1 1024w, https:\/\/i0.wp.com\/frederiquelebrun.com\/wp-content\/uploads\/2021\/11\/2021-09-05-manif-afghans-web-2896.jpg?resize=768%2C512&amp;ssl=1 768w, https:\/\/i0.wp.com\/frederiquelebrun.com\/wp-content\/uploads\/2021\/11\/2021-09-05-manif-afghans-web-2896.jpg?resize=1536%2C1024&amp;ssl=1 1536w, https:\/\/i0.wp.com\/frederiquelebrun.com\/wp-content\/uploads\/2021\/11\/2021-09-05-manif-afghans-web-2896.jpg?resize=18%2C12&amp;ssl=1 18w, https:\/\/i0.wp.com\/frederiquelebrun.com\/wp-content\/uploads\/2021\/11\/2021-09-05-manif-afghans-web-2896.jpg?resize=500%2C333&amp;ssl=1 500w, https:\/\/i0.wp.com\/frederiquelebrun.com\/wp-content\/uploads\/2021\/11\/2021-09-05-manif-afghans-web-2896.jpg?resize=800%2C533&amp;ssl=1 800w, https:\/\/i0.wp.com\/frederiquelebrun.com\/wp-content\/uploads\/2021\/11\/2021-09-05-manif-afghans-web-2896.jpg?resize=1280%2C853&amp;ssl=1 1280w, https:\/\/i0.wp.com\/frederiquelebrun.com\/wp-content\/uploads\/2021\/11\/2021-09-05-manif-afghans-web-2896.jpg?resize=1920%2C1280&amp;ssl=1 1920w\" sizes=\"(max-width: 1000px) 100vw, 1000px\" \/><\/noscript><img decoding=\"async\" width=\"1920\" height=\"1280\" src=\"https:\/\/i0.wp.com\/frederiquelebrun.com\/wp-content\/uploads\/2021\/11\/2021-09-05-manif-afghans-web-2896.jpg?fit=1920%2C1280&amp;ssl=1\" class=\"wp-image-2088 vp-lazyload\" alt=\"Rassemblement pour l&#039;Afghanistan \u00e0 Paris\" srcset=\"data:image\/svg+xml;base64,PHN2ZyB3aWR0aD0iMTkyMCIgaGVpZ2h0PSIxMjgwIiB2aWV3Qm94PSIwIDAgMTkyMCAxMjgwIiBmaWxsPSJub25lIiB4bWxucz0iaHR0cDovL3d3dy53My5vcmcvMjAwMC9zdmciPjwvc3ZnPg==\" data-src=\"https:\/\/i0.wp.com\/frederiquelebrun.com\/wp-content\/uploads\/2021\/11\/2021-09-05-manif-afghans-web-2896.jpg?fit=1920%2C1280&amp;ssl=1\" data-srcset=\"https:\/\/i0.wp.com\/frederiquelebrun.com\/wp-content\/uploads\/2021\/11\/2021-09-05-manif-afghans-web-2896.jpg?w=2048&amp;ssl=1 2048w, https:\/\/i0.wp.com\/frederiquelebrun.com\/wp-content\/uploads\/2021\/11\/2021-09-05-manif-afghans-web-2896.jpg?resize=300%2C200&amp;ssl=1 300w, https:\/\/i0.wp.com\/frederiquelebrun.com\/wp-content\/uploads\/2021\/11\/2021-09-05-manif-afghans-web-2896.jpg?resize=600%2C400&amp;ssl=1 600w, https:\/\/i0.wp.com\/frederiquelebrun.com\/wp-content\/uploads\/2021\/11\/2021-09-05-manif-afghans-web-2896.jpg?resize=1024%2C683&amp;ssl=1 1024w, https:\/\/i0.wp.com\/frederiquelebrun.com\/wp-content\/uploads\/2021\/11\/2021-09-05-manif-afghans-web-2896.jpg?resize=768%2C512&amp;ssl=1 768w, https:\/\/i0.wp.com\/frederiquelebrun.com\/wp-content\/uploads\/2021\/11\/2021-09-05-manif-afghans-web-2896.jpg?resize=1536%2C1024&amp;ssl=1 1536w, https:\/\/i0.wp.com\/frederiquelebrun.com\/wp-content\/uploads\/2021\/11\/2021-09-05-manif-afghans-web-2896.jpg?resize=18%2C12&amp;ssl=1 18w, https:\/\/i0.wp.com\/frederiquelebrun.com\/wp-content\/uploads\/2021\/11\/2021-09-05-manif-afghans-web-2896.jpg?resize=500%2C333&amp;ssl=1 500w, https:\/\/i0.wp.com\/frederiquelebrun.com\/wp-content\/uploads\/2021\/11\/2021-09-05-manif-afghans-web-2896.jpg?resize=800%2C533&amp;ssl=1 800w, https:\/\/i0.wp.com\/frederiquelebrun.com\/wp-content\/uploads\/2021\/11\/2021-09-05-manif-afghans-web-2896.jpg?resize=1280%2C853&amp;ssl=1 1280w, https:\/\/i0.wp.com\/frederiquelebrun.com\/wp-content\/uploads\/2021\/11\/2021-09-05-manif-afghans-web-2896.jpg?resize=1920%2C1280&amp;ssl=1 1920w\" data-sizes=\"auto\" loading=\"eager\">\n\t\t<div class=\"vp-portfolio__item-overlay\">\n\t\t\t\t\t<\/div>\n\n\t\t<\/a>\t<\/div>\n<\/div>\n\n\t\t\t<\/figure>\n\t\t\t\t\t<\/div>\n\t\t\n\t\t<div\t\tclass=\"vp-portfolio__item-wrap vp-portfolio__item-uid-daa78206\" data-vp-filter=\"\" \t\t>\n\t\t\t<template class=\"vp-portfolio__item-popup\" data-vp-popup-img=\"https:\/\/i0.wp.com\/frederiquelebrun.com\/wp-content\/uploads\/2021\/11\/2021-09-05-manif-afghans-web-2880.jpg?fit=1920%2C1280&#038;ssl=1\" data-vp-popup-img-srcset=\"https:\/\/i0.wp.com\/frederiquelebrun.com\/wp-content\/uploads\/2021\/11\/2021-09-05-manif-afghans-web-2880.jpg?w=2048&amp;ssl=1 2048w, https:\/\/i0.wp.com\/frederiquelebrun.com\/wp-content\/uploads\/2021\/11\/2021-09-05-manif-afghans-web-2880.jpg?resize=300%2C200&amp;ssl=1 300w, https:\/\/i0.wp.com\/frederiquelebrun.com\/wp-content\/uploads\/2021\/11\/2021-09-05-manif-afghans-web-2880.jpg?resize=600%2C400&amp;ssl=1 600w, https:\/\/i0.wp.com\/frederiquelebrun.com\/wp-content\/uploads\/2021\/11\/2021-09-05-manif-afghans-web-2880.jpg?resize=1024%2C683&amp;ssl=1 1024w, https:\/\/i0.wp.com\/frederiquelebrun.com\/wp-content\/uploads\/2021\/11\/2021-09-05-manif-afghans-web-2880.jpg?resize=768%2C512&amp;ssl=1 768w, https:\/\/i0.wp.com\/frederiquelebrun.com\/wp-content\/uploads\/2021\/11\/2021-09-05-manif-afghans-web-2880.jpg?resize=1536%2C1024&amp;ssl=1 1536w, https:\/\/i0.wp.com\/frederiquelebrun.com\/wp-content\/uploads\/2021\/11\/2021-09-05-manif-afghans-web-2880.jpg?resize=18%2C12&amp;ssl=1 18w, https:\/\/i0.wp.com\/frederiquelebrun.com\/wp-content\/uploads\/2021\/11\/2021-09-05-manif-afghans-web-2880.jpg?resize=500%2C333&amp;ssl=1 500w, https:\/\/i0.wp.com\/frederiquelebrun.com\/wp-content\/uploads\/2021\/11\/2021-09-05-manif-afghans-web-2880.jpg?resize=800%2C533&amp;ssl=1 800w, https:\/\/i0.wp.com\/frederiquelebrun.com\/wp-content\/uploads\/2021\/11\/2021-09-05-manif-afghans-web-2880.jpg?resize=1280%2C853&amp;ssl=1 1280w, https:\/\/i0.wp.com\/frederiquelebrun.com\/wp-content\/uploads\/2021\/11\/2021-09-05-manif-afghans-web-2880.jpg?resize=1920%2C1280&amp;ssl=1 1920w\" data-vp-popup-img-size=\"1920x1280\" data-vp-popup-md-img=\"https:\/\/i0.wp.com\/frederiquelebrun.com\/wp-content\/uploads\/2021\/11\/2021-09-05-manif-afghans-web-2880.jpg?fit=800%2C533&#038;ssl=1\" data-vp-popup-md-img-size=\"800x533\" data-vp-popup-sm-img=\"https:\/\/i0.wp.com\/frederiquelebrun.com\/wp-content\/uploads\/2021\/11\/2021-09-05-manif-afghans-web-2880.jpg?fit=500%2C333&#038;ssl=1\" data-vp-popup-sm-img-size=\"500x333\">\n\t\t\t<div class=\"vp-portfolio__item-popup-description\">2021-09-05-Paris, place de la R\u00e9publique, rassemblement de soutien au peuple afghan en r\u00e9action \u00e0 la prise de pouvoir totale des talibans sur l&#8217;Afghanistan depuis le 15 ao\u00fbt et la chute de Kaboul. Ici, prise de parole de Zarifa Ghafari, mairesse afghane exil\u00e9e en France. Photo Fr\u00e9d\u00e9rique Le Brun<\/div>\n\t\t<\/template>\n\t\t\t\t\t\t<figure class=\"vp-portfolio__item\">\n\t\t\t\t\n<div class=\"vp-portfolio__item-img-wrap\">\n\t<div class=\"vp-portfolio__item-img\">\n\t\t\t<a\n\t\thref=\"https:\/\/i0.wp.com\/frederiquelebrun.com\/wp-content\/uploads\/2021\/11\/2021-09-05-manif-afghans-web-2880.jpg?fit=1920%2C1280&#038;ssl=1\"\n\t\taria-label=\"Rassemblement pour l&#039;Afghanistan\" \t>\n\t\n\t\t<noscript><img decoding=\"async\" width=\"1920\" height=\"1280\" data-skip-lazy src=\"https:\/\/i0.wp.com\/frederiquelebrun.com\/wp-content\/uploads\/2021\/11\/2021-09-05-manif-afghans-web-2880.jpg?fit=1920%2C1280&amp;ssl=1\" class=\"wp-image-2087\" alt=\"Rassemblement pour l&#039;Afghanistan \u00e0 Paris\" srcset=\"https:\/\/i0.wp.com\/frederiquelebrun.com\/wp-content\/uploads\/2021\/11\/2021-09-05-manif-afghans-web-2880.jpg?w=2048&amp;ssl=1 2048w, https:\/\/i0.wp.com\/frederiquelebrun.com\/wp-content\/uploads\/2021\/11\/2021-09-05-manif-afghans-web-2880.jpg?resize=300%2C200&amp;ssl=1 300w, https:\/\/i0.wp.com\/frederiquelebrun.com\/wp-content\/uploads\/2021\/11\/2021-09-05-manif-afghans-web-2880.jpg?resize=600%2C400&amp;ssl=1 600w, https:\/\/i0.wp.com\/frederiquelebrun.com\/wp-content\/uploads\/2021\/11\/2021-09-05-manif-afghans-web-2880.jpg?resize=1024%2C683&amp;ssl=1 1024w, https:\/\/i0.wp.com\/frederiquelebrun.com\/wp-content\/uploads\/2021\/11\/2021-09-05-manif-afghans-web-2880.jpg?resize=768%2C512&amp;ssl=1 768w, https:\/\/i0.wp.com\/frederiquelebrun.com\/wp-content\/uploads\/2021\/11\/2021-09-05-manif-afghans-web-2880.jpg?resize=1536%2C1024&amp;ssl=1 1536w, https:\/\/i0.wp.com\/frederiquelebrun.com\/wp-content\/uploads\/2021\/11\/2021-09-05-manif-afghans-web-2880.jpg?resize=18%2C12&amp;ssl=1 18w, https:\/\/i0.wp.com\/frederiquelebrun.com\/wp-content\/uploads\/2021\/11\/2021-09-05-manif-afghans-web-2880.jpg?resize=500%2C333&amp;ssl=1 500w, https:\/\/i0.wp.com\/frederiquelebrun.com\/wp-content\/uploads\/2021\/11\/2021-09-05-manif-afghans-web-2880.jpg?resize=800%2C533&amp;ssl=1 800w, https:\/\/i0.wp.com\/frederiquelebrun.com\/wp-content\/uploads\/2021\/11\/2021-09-05-manif-afghans-web-2880.jpg?resize=1280%2C853&amp;ssl=1 1280w, https:\/\/i0.wp.com\/frederiquelebrun.com\/wp-content\/uploads\/2021\/11\/2021-09-05-manif-afghans-web-2880.jpg?resize=1920%2C1280&amp;ssl=1 1920w\" sizes=\"(max-width: 1000px) 100vw, 1000px\" \/><\/noscript><img decoding=\"async\" width=\"1920\" height=\"1280\" src=\"https:\/\/i0.wp.com\/frederiquelebrun.com\/wp-content\/uploads\/2021\/11\/2021-09-05-manif-afghans-web-2880.jpg?fit=1920%2C1280&amp;ssl=1\" class=\"wp-image-2087 vp-lazyload\" alt=\"Rassemblement pour l&#039;Afghanistan \u00e0 Paris\" srcset=\"data:image\/svg+xml;base64,PHN2ZyB3aWR0aD0iMTkyMCIgaGVpZ2h0PSIxMjgwIiB2aWV3Qm94PSIwIDAgMTkyMCAxMjgwIiBmaWxsPSJub25lIiB4bWxucz0iaHR0cDovL3d3dy53My5vcmcvMjAwMC9zdmciPjwvc3ZnPg==\" data-src=\"https:\/\/i0.wp.com\/frederiquelebrun.com\/wp-content\/uploads\/2021\/11\/2021-09-05-manif-afghans-web-2880.jpg?fit=1920%2C1280&amp;ssl=1\" data-srcset=\"https:\/\/i0.wp.com\/frederiquelebrun.com\/wp-content\/uploads\/2021\/11\/2021-09-05-manif-afghans-web-2880.jpg?w=2048&amp;ssl=1 2048w, https:\/\/i0.wp.com\/frederiquelebrun.com\/wp-content\/uploads\/2021\/11\/2021-09-05-manif-afghans-web-2880.jpg?resize=300%2C200&amp;ssl=1 300w, https:\/\/i0.wp.com\/frederiquelebrun.com\/wp-content\/uploads\/2021\/11\/2021-09-05-manif-afghans-web-2880.jpg?resize=600%2C400&amp;ssl=1 600w, https:\/\/i0.wp.com\/frederiquelebrun.com\/wp-content\/uploads\/2021\/11\/2021-09-05-manif-afghans-web-2880.jpg?resize=1024%2C683&amp;ssl=1 1024w, https:\/\/i0.wp.com\/frederiquelebrun.com\/wp-content\/uploads\/2021\/11\/2021-09-05-manif-afghans-web-2880.jpg?resize=768%2C512&amp;ssl=1 768w, https:\/\/i0.wp.com\/frederiquelebrun.com\/wp-content\/uploads\/2021\/11\/2021-09-05-manif-afghans-web-2880.jpg?resize=1536%2C1024&amp;ssl=1 1536w, https:\/\/i0.wp.com\/frederiquelebrun.com\/wp-content\/uploads\/2021\/11\/2021-09-05-manif-afghans-web-2880.jpg?resize=18%2C12&amp;ssl=1 18w, https:\/\/i0.wp.com\/frederiquelebrun.com\/wp-content\/uploads\/2021\/11\/2021-09-05-manif-afghans-web-2880.jpg?resize=500%2C333&amp;ssl=1 500w, https:\/\/i0.wp.com\/frederiquelebrun.com\/wp-content\/uploads\/2021\/11\/2021-09-05-manif-afghans-web-2880.jpg?resize=800%2C533&amp;ssl=1 800w, https:\/\/i0.wp.com\/frederiquelebrun.com\/wp-content\/uploads\/2021\/11\/2021-09-05-manif-afghans-web-2880.jpg?resize=1280%2C853&amp;ssl=1 1280w, https:\/\/i0.wp.com\/frederiquelebrun.com\/wp-content\/uploads\/2021\/11\/2021-09-05-manif-afghans-web-2880.jpg?resize=1920%2C1280&amp;ssl=1 1920w\" data-sizes=\"auto\" loading=\"eager\">\n\t\t<div class=\"vp-portfolio__item-overlay\">\n\t\t\t\t\t<\/div>\n\n\t\t<\/a>\t<\/div>\n<\/div>\n\n\t\t\t<\/figure>\n\t\t\t\t\t<\/div>\n\t\t\n\t\t<div\t\tclass=\"vp-portfolio__item-wrap vp-portfolio__item-uid-730999fa\" data-vp-filter=\"\" \t\t>\n\t\t\t<template class=\"vp-portfolio__item-popup\" data-vp-popup-img=\"https:\/\/i0.wp.com\/frederiquelebrun.com\/wp-content\/uploads\/2021\/11\/2021-09-05-manif-afghans-web-2801.jpg?fit=1920%2C1920&#038;ssl=1\" data-vp-popup-img-srcset=\"https:\/\/i0.wp.com\/frederiquelebrun.com\/wp-content\/uploads\/2021\/11\/2021-09-05-manif-afghans-web-2801.jpg?w=2048&amp;ssl=1 2048w, https:\/\/i0.wp.com\/frederiquelebrun.com\/wp-content\/uploads\/2021\/11\/2021-09-05-manif-afghans-web-2801.jpg?resize=300%2C300&amp;ssl=1 300w, https:\/\/i0.wp.com\/frederiquelebrun.com\/wp-content\/uploads\/2021\/11\/2021-09-05-manif-afghans-web-2801.jpg?resize=100%2C100&amp;ssl=1 100w, https:\/\/i0.wp.com\/frederiquelebrun.com\/wp-content\/uploads\/2021\/11\/2021-09-05-manif-afghans-web-2801.jpg?resize=600%2C600&amp;ssl=1 600w\" data-vp-popup-img-size=\"1920x1920\" data-vp-popup-md-img=\"https:\/\/i0.wp.com\/frederiquelebrun.com\/wp-content\/uploads\/2021\/11\/2021-09-05-manif-afghans-web-2801.jpg?fit=800%2C800&#038;ssl=1\" data-vp-popup-md-img-size=\"800x800\" data-vp-popup-sm-img=\"https:\/\/i0.wp.com\/frederiquelebrun.com\/wp-content\/uploads\/2021\/11\/2021-09-05-manif-afghans-web-2801.jpg?fit=500%2C500&#038;ssl=1\" data-vp-popup-sm-img-size=\"500x500\">\n\t\t\t<div class=\"vp-portfolio__item-popup-description\">2021-09-05-Paris, place de la R\u00e9publique, rassemblement de soutien au peuple afghan en r\u00e9action \u00e0 la prise de pouvoir totale des talibans sur l&#8217;Afghanistan depuis le 15 ao\u00fbt et la chute de Kaboul. Photo Fr\u00e9d\u00e9rique Le Brun<\/div>\n\t\t<\/template>\n\t\t\t\t\t\t<figure class=\"vp-portfolio__item\">\n\t\t\t\t\n<div class=\"vp-portfolio__item-img-wrap\">\n\t<div class=\"vp-portfolio__item-img\">\n\t\t\t<a\n\t\thref=\"https:\/\/i0.wp.com\/frederiquelebrun.com\/wp-content\/uploads\/2021\/11\/2021-09-05-manif-afghans-web-2801.jpg?fit=1920%2C1920&#038;ssl=1\"\n\t\taria-label=\"Rassemblement pour l&#039;Afghanistan\" \t>\n\t\n\t\t<noscript><img decoding=\"async\" width=\"1920\" height=\"1920\" data-skip-lazy src=\"https:\/\/i0.wp.com\/frederiquelebrun.com\/wp-content\/uploads\/2021\/11\/2021-09-05-manif-afghans-web-2801.jpg?fit=1920%2C1920&amp;ssl=1\" class=\"wp-image-2085\" alt=\"Rassemblement pour l&#039;Afghanistan \u00e0 Paris\" srcset=\"https:\/\/i0.wp.com\/frederiquelebrun.com\/wp-content\/uploads\/2021\/11\/2021-09-05-manif-afghans-web-2801.jpg?w=2048&amp;ssl=1 2048w, https:\/\/i0.wp.com\/frederiquelebrun.com\/wp-content\/uploads\/2021\/11\/2021-09-05-manif-afghans-web-2801.jpg?resize=300%2C300&amp;ssl=1 300w, https:\/\/i0.wp.com\/frederiquelebrun.com\/wp-content\/uploads\/2021\/11\/2021-09-05-manif-afghans-web-2801.jpg?resize=100%2C100&amp;ssl=1 100w, https:\/\/i0.wp.com\/frederiquelebrun.com\/wp-content\/uploads\/2021\/11\/2021-09-05-manif-afghans-web-2801.jpg?resize=600%2C600&amp;ssl=1 600w\" sizes=\"(max-width: 1000px) 100vw, 1000px\" \/><\/noscript><img decoding=\"async\" width=\"1920\" height=\"1920\" src=\"https:\/\/i0.wp.com\/frederiquelebrun.com\/wp-content\/uploads\/2021\/11\/2021-09-05-manif-afghans-web-2801.jpg?fit=1920%2C1920&amp;ssl=1\" class=\"wp-image-2085 vp-lazyload\" alt=\"Rassemblement pour l&#039;Afghanistan \u00e0 Paris\" srcset=\"data:image\/svg+xml;base64,PHN2ZyB3aWR0aD0iMTkyMCIgaGVpZ2h0PSIxOTIwIiB2aWV3Qm94PSIwIDAgMTkyMCAxOTIwIiBmaWxsPSJub25lIiB4bWxucz0iaHR0cDovL3d3dy53My5vcmcvMjAwMC9zdmciPjwvc3ZnPg==\" data-src=\"https:\/\/i0.wp.com\/frederiquelebrun.com\/wp-content\/uploads\/2021\/11\/2021-09-05-manif-afghans-web-2801.jpg?fit=1920%2C1920&amp;ssl=1\" data-srcset=\"https:\/\/i0.wp.com\/frederiquelebrun.com\/wp-content\/uploads\/2021\/11\/2021-09-05-manif-afghans-web-2801.jpg?w=2048&amp;ssl=1 2048w, https:\/\/i0.wp.com\/frederiquelebrun.com\/wp-content\/uploads\/2021\/11\/2021-09-05-manif-afghans-web-2801.jpg?resize=300%2C300&amp;ssl=1 300w, https:\/\/i0.wp.com\/frederiquelebrun.com\/wp-content\/uploads\/2021\/11\/2021-09-05-manif-afghans-web-2801.jpg?resize=100%2C100&amp;ssl=1 100w, https:\/\/i0.wp.com\/frederiquelebrun.com\/wp-content\/uploads\/2021\/11\/2021-09-05-manif-afghans-web-2801.jpg?resize=600%2C600&amp;ssl=1 600w\" data-sizes=\"auto\" loading=\"eager\">\n\t\t<div class=\"vp-portfolio__item-overlay\">\n\t\t\t\t\t<\/div>\n\n\t\t<\/a>\t<\/div>\n<\/div>\n\n\t\t\t<\/figure>\n\t\t\t\t\t<\/div>\n\t\t\n\t\t<div\t\tclass=\"vp-portfolio__item-wrap vp-portfolio__item-uid-396e80dc\" data-vp-filter=\"\" \t\t>\n\t\t\t<template class=\"vp-portfolio__item-popup\" data-vp-popup-img=\"https:\/\/i0.wp.com\/frederiquelebrun.com\/wp-content\/uploads\/2021\/11\/2021-09-05-manif-afghans-web-2783.jpg?fit=1365%2C2048&#038;ssl=1\" data-vp-popup-img-srcset=\"https:\/\/i0.wp.com\/frederiquelebrun.com\/wp-content\/uploads\/2021\/11\/2021-09-05-manif-afghans-web-2783.jpg?w=1365&amp;ssl=1 1365w, https:\/\/i0.wp.com\/frederiquelebrun.com\/wp-content\/uploads\/2021\/11\/2021-09-05-manif-afghans-web-2783.jpg?resize=300%2C450&amp;ssl=1 300w, https:\/\/i0.wp.com\/frederiquelebrun.com\/wp-content\/uploads\/2021\/11\/2021-09-05-manif-afghans-web-2783.jpg?resize=600%2C900&amp;ssl=1 600w, https:\/\/i0.wp.com\/frederiquelebrun.com\/wp-content\/uploads\/2021\/11\/2021-09-05-manif-afghans-web-2783.jpg?resize=200%2C300&amp;ssl=1 200w, https:\/\/i0.wp.com\/frederiquelebrun.com\/wp-content\/uploads\/2021\/11\/2021-09-05-manif-afghans-web-2783.jpg?resize=683%2C1024&amp;ssl=1 683w, https:\/\/i0.wp.com\/frederiquelebrun.com\/wp-content\/uploads\/2021\/11\/2021-09-05-manif-afghans-web-2783.jpg?resize=768%2C1152&amp;ssl=1 768w, https:\/\/i0.wp.com\/frederiquelebrun.com\/wp-content\/uploads\/2021\/11\/2021-09-05-manif-afghans-web-2783.jpg?resize=1024%2C1536&amp;ssl=1 1024w, https:\/\/i0.wp.com\/frederiquelebrun.com\/wp-content\/uploads\/2021\/11\/2021-09-05-manif-afghans-web-2783.jpg?resize=8%2C12&amp;ssl=1 8w, https:\/\/i0.wp.com\/frederiquelebrun.com\/wp-content\/uploads\/2021\/11\/2021-09-05-manif-afghans-web-2783.jpg?resize=500%2C750&amp;ssl=1 500w, https:\/\/i0.wp.com\/frederiquelebrun.com\/wp-content\/uploads\/2021\/11\/2021-09-05-manif-afghans-web-2783.jpg?resize=800%2C1200&amp;ssl=1 800w, https:\/\/i0.wp.com\/frederiquelebrun.com\/wp-content\/uploads\/2021\/11\/2021-09-05-manif-afghans-web-2783.jpg?resize=1280%2C1920&amp;ssl=1 1280w\" data-vp-popup-img-size=\"1365x2048\" data-vp-popup-md-img=\"https:\/\/i0.wp.com\/frederiquelebrun.com\/wp-content\/uploads\/2021\/11\/2021-09-05-manif-afghans-web-2783.jpg?fit=800%2C1200&#038;ssl=1\" data-vp-popup-md-img-size=\"800x1200\" data-vp-popup-sm-img=\"https:\/\/i0.wp.com\/frederiquelebrun.com\/wp-content\/uploads\/2021\/11\/2021-09-05-manif-afghans-web-2783.jpg?fit=500%2C750&#038;ssl=1\" data-vp-popup-sm-img-size=\"500x750\">\n\t\t\t<div class=\"vp-portfolio__item-popup-description\">2021-09-05-Paris, place de la R\u00e9publique, rassemblement de soutien au peuple afghan en r\u00e9action \u00e0 la prise de pouvoir totale des talibans sur l&#8217;Afghanistan depuis le 15 ao\u00fbt et la chute de Kaboul. Photo Fr\u00e9d\u00e9rique Le Brun<\/div>\n\t\t<\/template>\n\t\t\t\t\t\t<figure class=\"vp-portfolio__item\">\n\t\t\t\t\n<div class=\"vp-portfolio__item-img-wrap\">\n\t<div class=\"vp-portfolio__item-img\">\n\t\t\t<a\n\t\thref=\"https:\/\/i0.wp.com\/frederiquelebrun.com\/wp-content\/uploads\/2021\/11\/2021-09-05-manif-afghans-web-2783.jpg?fit=1365%2C2048&#038;ssl=1\"\n\t\taria-label=\"Rassemblement pour l&#039;Afghanistan\" \t>\n\t\n\t\t<noscript><img loading=\"lazy\" decoding=\"async\" width=\"1365\" height=\"2048\" data-skip-lazy src=\"https:\/\/i0.wp.com\/frederiquelebrun.com\/wp-content\/uploads\/2021\/11\/2021-09-05-manif-afghans-web-2783.jpg?fit=1365%2C2048&amp;ssl=1\" class=\"wp-image-2084\" alt=\"Prise de parole de Reza Jafari Duterte, pr\u00e9sident de l&#039;association Enfants d&#039;Afghanistan et d&#039;ailleurs, lors du rassemblement pour l&#039;Afghanistan \u00e0 Paris\" srcset=\"https:\/\/i0.wp.com\/frederiquelebrun.com\/wp-content\/uploads\/2021\/11\/2021-09-05-manif-afghans-web-2783.jpg?w=1365&amp;ssl=1 1365w, https:\/\/i0.wp.com\/frederiquelebrun.com\/wp-content\/uploads\/2021\/11\/2021-09-05-manif-afghans-web-2783.jpg?resize=300%2C450&amp;ssl=1 300w, https:\/\/i0.wp.com\/frederiquelebrun.com\/wp-content\/uploads\/2021\/11\/2021-09-05-manif-afghans-web-2783.jpg?resize=600%2C900&amp;ssl=1 600w, https:\/\/i0.wp.com\/frederiquelebrun.com\/wp-content\/uploads\/2021\/11\/2021-09-05-manif-afghans-web-2783.jpg?resize=200%2C300&amp;ssl=1 200w, https:\/\/i0.wp.com\/frederiquelebrun.com\/wp-content\/uploads\/2021\/11\/2021-09-05-manif-afghans-web-2783.jpg?resize=683%2C1024&amp;ssl=1 683w, https:\/\/i0.wp.com\/frederiquelebrun.com\/wp-content\/uploads\/2021\/11\/2021-09-05-manif-afghans-web-2783.jpg?resize=768%2C1152&amp;ssl=1 768w, https:\/\/i0.wp.com\/frederiquelebrun.com\/wp-content\/uploads\/2021\/11\/2021-09-05-manif-afghans-web-2783.jpg?resize=1024%2C1536&amp;ssl=1 1024w, https:\/\/i0.wp.com\/frederiquelebrun.com\/wp-content\/uploads\/2021\/11\/2021-09-05-manif-afghans-web-2783.jpg?resize=8%2C12&amp;ssl=1 8w, https:\/\/i0.wp.com\/frederiquelebrun.com\/wp-content\/uploads\/2021\/11\/2021-09-05-manif-afghans-web-2783.jpg?resize=500%2C750&amp;ssl=1 500w, https:\/\/i0.wp.com\/frederiquelebrun.com\/wp-content\/uploads\/2021\/11\/2021-09-05-manif-afghans-web-2783.jpg?resize=800%2C1200&amp;ssl=1 800w, https:\/\/i0.wp.com\/frederiquelebrun.com\/wp-content\/uploads\/2021\/11\/2021-09-05-manif-afghans-web-2783.jpg?resize=1280%2C1920&amp;ssl=1 1280w\" sizes=\"(max-width: 1000px) 100vw, 1000px\" \/><\/noscript><img decoding=\"async\" width=\"1365\" height=\"2048\" src=\"https:\/\/i0.wp.com\/frederiquelebrun.com\/wp-content\/uploads\/2021\/11\/2021-09-05-manif-afghans-web-2783.jpg?fit=1365%2C2048&amp;ssl=1\" class=\"wp-image-2084 vp-lazyload\" alt=\"Prise de parole de Reza Jafari Duterte, pr\u00e9sident de l&#039;association Enfants d&#039;Afghanistan et d&#039;ailleurs, lors du rassemblement pour l&#039;Afghanistan \u00e0 Paris\" srcset=\"data:image\/svg+xml;base64,PHN2ZyB3aWR0aD0iMTM2NSIgaGVpZ2h0PSIyMDQ4IiB2aWV3Qm94PSIwIDAgMTM2NSAyMDQ4IiBmaWxsPSJub25lIiB4bWxucz0iaHR0cDovL3d3dy53My5vcmcvMjAwMC9zdmciPjwvc3ZnPg==\" data-src=\"https:\/\/i0.wp.com\/frederiquelebrun.com\/wp-content\/uploads\/2021\/11\/2021-09-05-manif-afghans-web-2783.jpg?fit=1365%2C2048&amp;ssl=1\" data-srcset=\"https:\/\/i0.wp.com\/frederiquelebrun.com\/wp-content\/uploads\/2021\/11\/2021-09-05-manif-afghans-web-2783.jpg?w=1365&amp;ssl=1 1365w, https:\/\/i0.wp.com\/frederiquelebrun.com\/wp-content\/uploads\/2021\/11\/2021-09-05-manif-afghans-web-2783.jpg?resize=300%2C450&amp;ssl=1 300w, https:\/\/i0.wp.com\/frederiquelebrun.com\/wp-content\/uploads\/2021\/11\/2021-09-05-manif-afghans-web-2783.jpg?resize=600%2C900&amp;ssl=1 600w, https:\/\/i0.wp.com\/frederiquelebrun.com\/wp-content\/uploads\/2021\/11\/2021-09-05-manif-afghans-web-2783.jpg?resize=200%2C300&amp;ssl=1 200w, https:\/\/i0.wp.com\/frederiquelebrun.com\/wp-content\/uploads\/2021\/11\/2021-09-05-manif-afghans-web-2783.jpg?resize=683%2C1024&amp;ssl=1 683w, https:\/\/i0.wp.com\/frederiquelebrun.com\/wp-content\/uploads\/2021\/11\/2021-09-05-manif-afghans-web-2783.jpg?resize=768%2C1152&amp;ssl=1 768w, https:\/\/i0.wp.com\/frederiquelebrun.com\/wp-content\/uploads\/2021\/11\/2021-09-05-manif-afghans-web-2783.jpg?resize=1024%2C1536&amp;ssl=1 1024w, https:\/\/i0.wp.com\/frederiquelebrun.com\/wp-content\/uploads\/2021\/11\/2021-09-05-manif-afghans-web-2783.jpg?resize=8%2C12&amp;ssl=1 8w, https:\/\/i0.wp.com\/frederiquelebrun.com\/wp-content\/uploads\/2021\/11\/2021-09-05-manif-afghans-web-2783.jpg?resize=500%2C750&amp;ssl=1 500w, https:\/\/i0.wp.com\/frederiquelebrun.com\/wp-content\/uploads\/2021\/11\/2021-09-05-manif-afghans-web-2783.jpg?resize=800%2C1200&amp;ssl=1 800w, https:\/\/i0.wp.com\/frederiquelebrun.com\/wp-content\/uploads\/2021\/11\/2021-09-05-manif-afghans-web-2783.jpg?resize=1280%2C1920&amp;ssl=1 1280w\" data-sizes=\"auto\" loading=\"eager\">\n\t\t<div class=\"vp-portfolio__item-overlay\">\n\t\t\t\t\t<\/div>\n\n\t\t<\/a>\t<\/div>\n<\/div>\n\n\t\t\t<\/figure>\n\t\t\t\t\t<\/div>\n\t\t\n\t\t<div\t\tclass=\"vp-portfolio__item-wrap vp-portfolio__item-uid-152ac96f\" data-vp-filter=\"\" \t\t>\n\t\t\t<template class=\"vp-portfolio__item-popup\" data-vp-popup-img=\"https:\/\/i0.wp.com\/frederiquelebrun.com\/wp-content\/uploads\/2021\/11\/2021-09-05-manif-afghans-web-2722.jpg?fit=1920%2C1280&#038;ssl=1\" data-vp-popup-img-srcset=\"https:\/\/i0.wp.com\/frederiquelebrun.com\/wp-content\/uploads\/2021\/11\/2021-09-05-manif-afghans-web-2722.jpg?w=2048&amp;ssl=1 2048w, https:\/\/i0.wp.com\/frederiquelebrun.com\/wp-content\/uploads\/2021\/11\/2021-09-05-manif-afghans-web-2722.jpg?resize=300%2C200&amp;ssl=1 300w, https:\/\/i0.wp.com\/frederiquelebrun.com\/wp-content\/uploads\/2021\/11\/2021-09-05-manif-afghans-web-2722.jpg?resize=600%2C400&amp;ssl=1 600w, https:\/\/i0.wp.com\/frederiquelebrun.com\/wp-content\/uploads\/2021\/11\/2021-09-05-manif-afghans-web-2722.jpg?resize=1024%2C683&amp;ssl=1 1024w, https:\/\/i0.wp.com\/frederiquelebrun.com\/wp-content\/uploads\/2021\/11\/2021-09-05-manif-afghans-web-2722.jpg?resize=768%2C512&amp;ssl=1 768w, https:\/\/i0.wp.com\/frederiquelebrun.com\/wp-content\/uploads\/2021\/11\/2021-09-05-manif-afghans-web-2722.jpg?resize=1536%2C1024&amp;ssl=1 1536w, https:\/\/i0.wp.com\/frederiquelebrun.com\/wp-content\/uploads\/2021\/11\/2021-09-05-manif-afghans-web-2722.jpg?resize=18%2C12&amp;ssl=1 18w, https:\/\/i0.wp.com\/frederiquelebrun.com\/wp-content\/uploads\/2021\/11\/2021-09-05-manif-afghans-web-2722.jpg?resize=500%2C333&amp;ssl=1 500w, https:\/\/i0.wp.com\/frederiquelebrun.com\/wp-content\/uploads\/2021\/11\/2021-09-05-manif-afghans-web-2722.jpg?resize=800%2C533&amp;ssl=1 800w, https:\/\/i0.wp.com\/frederiquelebrun.com\/wp-content\/uploads\/2021\/11\/2021-09-05-manif-afghans-web-2722.jpg?resize=1280%2C853&amp;ssl=1 1280w, https:\/\/i0.wp.com\/frederiquelebrun.com\/wp-content\/uploads\/2021\/11\/2021-09-05-manif-afghans-web-2722.jpg?resize=1920%2C1280&amp;ssl=1 1920w\" data-vp-popup-img-size=\"1920x1280\" data-vp-popup-md-img=\"https:\/\/i0.wp.com\/frederiquelebrun.com\/wp-content\/uploads\/2021\/11\/2021-09-05-manif-afghans-web-2722.jpg?fit=800%2C533&#038;ssl=1\" data-vp-popup-md-img-size=\"800x533\" data-vp-popup-sm-img=\"https:\/\/i0.wp.com\/frederiquelebrun.com\/wp-content\/uploads\/2021\/11\/2021-09-05-manif-afghans-web-2722.jpg?fit=500%2C333&#038;ssl=1\" data-vp-popup-sm-img-size=\"500x333\">\n\t\t\t<div class=\"vp-portfolio__item-popup-description\">2021-09-05-Paris, place de la R\u00e9publique, rassemblement de soutien au peuple afghan en r\u00e9action \u00e0 la prise de pouvoir totale des talibans sur l&#8217;Afghanistan depuis le 15 ao\u00fbt et la chute de Kaboul. Photo Fr\u00e9d\u00e9rique Le Brun<\/div>\n\t\t<\/template>\n\t\t\t\t\t\t<figure class=\"vp-portfolio__item\">\n\t\t\t\t\n<div class=\"vp-portfolio__item-img-wrap\">\n\t<div class=\"vp-portfolio__item-img\">\n\t\t\t<a\n\t\thref=\"https:\/\/i0.wp.com\/frederiquelebrun.com\/wp-content\/uploads\/2021\/11\/2021-09-05-manif-afghans-web-2722.jpg?fit=1920%2C1280&#038;ssl=1\"\n\t\taria-label=\"Rassemblement pour l&#039;Afghanistan\" \t>\n\t\n\t\t<noscript><img loading=\"lazy\" decoding=\"async\" width=\"1920\" height=\"1280\" data-skip-lazy src=\"https:\/\/i0.wp.com\/frederiquelebrun.com\/wp-content\/uploads\/2021\/11\/2021-09-05-manif-afghans-web-2722.jpg?fit=1920%2C1280&amp;ssl=1\" class=\"wp-image-2083\" alt=\"Rassemblement pour l&#039;Afghanistan \u00e0 Paris\" srcset=\"https:\/\/i0.wp.com\/frederiquelebrun.com\/wp-content\/uploads\/2021\/11\/2021-09-05-manif-afghans-web-2722.jpg?w=2048&amp;ssl=1 2048w, https:\/\/i0.wp.com\/frederiquelebrun.com\/wp-content\/uploads\/2021\/11\/2021-09-05-manif-afghans-web-2722.jpg?resize=300%2C200&amp;ssl=1 300w, https:\/\/i0.wp.com\/frederiquelebrun.com\/wp-content\/uploads\/2021\/11\/2021-09-05-manif-afghans-web-2722.jpg?resize=600%2C400&amp;ssl=1 600w, https:\/\/i0.wp.com\/frederiquelebrun.com\/wp-content\/uploads\/2021\/11\/2021-09-05-manif-afghans-web-2722.jpg?resize=1024%2C683&amp;ssl=1 1024w, https:\/\/i0.wp.com\/frederiquelebrun.com\/wp-content\/uploads\/2021\/11\/2021-09-05-manif-afghans-web-2722.jpg?resize=768%2C512&amp;ssl=1 768w, https:\/\/i0.wp.com\/frederiquelebrun.com\/wp-content\/uploads\/2021\/11\/2021-09-05-manif-afghans-web-2722.jpg?resize=1536%2C1024&amp;ssl=1 1536w, https:\/\/i0.wp.com\/frederiquelebrun.com\/wp-content\/uploads\/2021\/11\/2021-09-05-manif-afghans-web-2722.jpg?resize=18%2C12&amp;ssl=1 18w, https:\/\/i0.wp.com\/frederiquelebrun.com\/wp-content\/uploads\/2021\/11\/2021-09-05-manif-afghans-web-2722.jpg?resize=500%2C333&amp;ssl=1 500w, https:\/\/i0.wp.com\/frederiquelebrun.com\/wp-content\/uploads\/2021\/11\/2021-09-05-manif-afghans-web-2722.jpg?resize=800%2C533&amp;ssl=1 800w, https:\/\/i0.wp.com\/frederiquelebrun.com\/wp-content\/uploads\/2021\/11\/2021-09-05-manif-afghans-web-2722.jpg?resize=1280%2C853&amp;ssl=1 1280w, https:\/\/i0.wp.com\/frederiquelebrun.com\/wp-content\/uploads\/2021\/11\/2021-09-05-manif-afghans-web-2722.jpg?resize=1920%2C1280&amp;ssl=1 1920w\" sizes=\"(max-width: 1000px) 100vw, 1000px\" \/><\/noscript><img decoding=\"async\" width=\"1920\" height=\"1280\" src=\"https:\/\/i0.wp.com\/frederiquelebrun.com\/wp-content\/uploads\/2021\/11\/2021-09-05-manif-afghans-web-2722.jpg?fit=1920%2C1280&amp;ssl=1\" class=\"wp-image-2083 vp-lazyload\" alt=\"Rassemblement pour l&#039;Afghanistan \u00e0 Paris\" srcset=\"data:image\/svg+xml;base64,PHN2ZyB3aWR0aD0iMTkyMCIgaGVpZ2h0PSIxMjgwIiB2aWV3Qm94PSIwIDAgMTkyMCAxMjgwIiBmaWxsPSJub25lIiB4bWxucz0iaHR0cDovL3d3dy53My5vcmcvMjAwMC9zdmciPjwvc3ZnPg==\" data-src=\"https:\/\/i0.wp.com\/frederiquelebrun.com\/wp-content\/uploads\/2021\/11\/2021-09-05-manif-afghans-web-2722.jpg?fit=1920%2C1280&amp;ssl=1\" data-srcset=\"https:\/\/i0.wp.com\/frederiquelebrun.com\/wp-content\/uploads\/2021\/11\/2021-09-05-manif-afghans-web-2722.jpg?w=2048&amp;ssl=1 2048w, https:\/\/i0.wp.com\/frederiquelebrun.com\/wp-content\/uploads\/2021\/11\/2021-09-05-manif-afghans-web-2722.jpg?resize=300%2C200&amp;ssl=1 300w, https:\/\/i0.wp.com\/frederiquelebrun.com\/wp-content\/uploads\/2021\/11\/2021-09-05-manif-afghans-web-2722.jpg?resize=600%2C400&amp;ssl=1 600w, https:\/\/i0.wp.com\/frederiquelebrun.com\/wp-content\/uploads\/2021\/11\/2021-09-05-manif-afghans-web-2722.jpg?resize=1024%2C683&amp;ssl=1 1024w, https:\/\/i0.wp.com\/frederiquelebrun.com\/wp-content\/uploads\/2021\/11\/2021-09-05-manif-afghans-web-2722.jpg?resize=768%2C512&amp;ssl=1 768w, https:\/\/i0.wp.com\/frederiquelebrun.com\/wp-content\/uploads\/2021\/11\/2021-09-05-manif-afghans-web-2722.jpg?resize=1536%2C1024&amp;ssl=1 1536w, https:\/\/i0.wp.com\/frederiquelebrun.com\/wp-content\/uploads\/2021\/11\/2021-09-05-manif-afghans-web-2722.jpg?resize=18%2C12&amp;ssl=1 18w, https:\/\/i0.wp.com\/frederiquelebrun.com\/wp-content\/uploads\/2021\/11\/2021-09-05-manif-afghans-web-2722.jpg?resize=500%2C333&amp;ssl=1 500w, https:\/\/i0.wp.com\/frederiquelebrun.com\/wp-content\/uploads\/2021\/11\/2021-09-05-manif-afghans-web-2722.jpg?resize=800%2C533&amp;ssl=1 800w, https:\/\/i0.wp.com\/frederiquelebrun.com\/wp-content\/uploads\/2021\/11\/2021-09-05-manif-afghans-web-2722.jpg?resize=1280%2C853&amp;ssl=1 1280w, https:\/\/i0.wp.com\/frederiquelebrun.com\/wp-content\/uploads\/2021\/11\/2021-09-05-manif-afghans-web-2722.jpg?resize=1920%2C1280&amp;ssl=1 1920w\" data-sizes=\"auto\" loading=\"eager\">\n\t\t<div class=\"vp-portfolio__item-overlay\">\n\t\t\t\t\t<\/div>\n\n\t\t<\/a>\t<\/div>\n<\/div>\n\n\t\t\t<\/figure>\n\t\t\t\t\t<\/div>\n\t\t\n\t\t<div\t\tclass=\"vp-portfolio__item-wrap vp-portfolio__item-uid-5f4dd049\" data-vp-filter=\"\" \t\t>\n\t\t\t<template class=\"vp-portfolio__item-popup\" data-vp-popup-img=\"https:\/\/i0.wp.com\/frederiquelebrun.com\/wp-content\/uploads\/2021\/11\/2021-09-05-manif-afghans-web-2670.jpg?fit=1920%2C1280&#038;ssl=1\" data-vp-popup-img-srcset=\"https:\/\/i0.wp.com\/frederiquelebrun.com\/wp-content\/uploads\/2021\/11\/2021-09-05-manif-afghans-web-2670.jpg?w=2048&amp;ssl=1 2048w, https:\/\/i0.wp.com\/frederiquelebrun.com\/wp-content\/uploads\/2021\/11\/2021-09-05-manif-afghans-web-2670.jpg?resize=300%2C200&amp;ssl=1 300w, https:\/\/i0.wp.com\/frederiquelebrun.com\/wp-content\/uploads\/2021\/11\/2021-09-05-manif-afghans-web-2670.jpg?resize=600%2C400&amp;ssl=1 600w, https:\/\/i0.wp.com\/frederiquelebrun.com\/wp-content\/uploads\/2021\/11\/2021-09-05-manif-afghans-web-2670.jpg?resize=1024%2C683&amp;ssl=1 1024w, https:\/\/i0.wp.com\/frederiquelebrun.com\/wp-content\/uploads\/2021\/11\/2021-09-05-manif-afghans-web-2670.jpg?resize=768%2C512&amp;ssl=1 768w, https:\/\/i0.wp.com\/frederiquelebrun.com\/wp-content\/uploads\/2021\/11\/2021-09-05-manif-afghans-web-2670.jpg?resize=1536%2C1024&amp;ssl=1 1536w, https:\/\/i0.wp.com\/frederiquelebrun.com\/wp-content\/uploads\/2021\/11\/2021-09-05-manif-afghans-web-2670.jpg?resize=18%2C12&amp;ssl=1 18w, https:\/\/i0.wp.com\/frederiquelebrun.com\/wp-content\/uploads\/2021\/11\/2021-09-05-manif-afghans-web-2670.jpg?resize=500%2C333&amp;ssl=1 500w, https:\/\/i0.wp.com\/frederiquelebrun.com\/wp-content\/uploads\/2021\/11\/2021-09-05-manif-afghans-web-2670.jpg?resize=800%2C533&amp;ssl=1 800w, https:\/\/i0.wp.com\/frederiquelebrun.com\/wp-content\/uploads\/2021\/11\/2021-09-05-manif-afghans-web-2670.jpg?resize=1280%2C853&amp;ssl=1 1280w, https:\/\/i0.wp.com\/frederiquelebrun.com\/wp-content\/uploads\/2021\/11\/2021-09-05-manif-afghans-web-2670.jpg?resize=1920%2C1280&amp;ssl=1 1920w\" data-vp-popup-img-size=\"1920x1280\" data-vp-popup-md-img=\"https:\/\/i0.wp.com\/frederiquelebrun.com\/wp-content\/uploads\/2021\/11\/2021-09-05-manif-afghans-web-2670.jpg?fit=800%2C533&#038;ssl=1\" data-vp-popup-md-img-size=\"800x533\" data-vp-popup-sm-img=\"https:\/\/i0.wp.com\/frederiquelebrun.com\/wp-content\/uploads\/2021\/11\/2021-09-05-manif-afghans-web-2670.jpg?fit=500%2C333&#038;ssl=1\" data-vp-popup-sm-img-size=\"500x333\">\n\t\t\t<div class=\"vp-portfolio__item-popup-description\">2021-09-05-Paris, place de la R\u00e9publique, rassemblement de soutien au peuple afghan en r\u00e9action \u00e0 la prise de pouvoir totale des talibans sur l&#8217;Afghanistan depuis le 15 ao\u00fbt et la chute de Kaboul. Photo Fr\u00e9d\u00e9rique Le Brun<\/div>\n\t\t<\/template>\n\t\t\t\t\t\t<figure class=\"vp-portfolio__item\">\n\t\t\t\t\n<div class=\"vp-portfolio__item-img-wrap\">\n\t<div class=\"vp-portfolio__item-img\">\n\t\t\t<a\n\t\thref=\"https:\/\/i0.wp.com\/frederiquelebrun.com\/wp-content\/uploads\/2021\/11\/2021-09-05-manif-afghans-web-2670.jpg?fit=1920%2C1280&#038;ssl=1\"\n\t\taria-label=\"Rassemblement pour l&#039;Afghanistan\" \t>\n\t\n\t\t<noscript><img loading=\"lazy\" decoding=\"async\" width=\"1920\" height=\"1280\" data-skip-lazy src=\"https:\/\/i0.wp.com\/frederiquelebrun.com\/wp-content\/uploads\/2021\/11\/2021-09-05-manif-afghans-web-2670.jpg?fit=1920%2C1280&amp;ssl=1\" class=\"wp-image-2082\" alt=\"Rassemblement pour l&#039;Afghanistan \u00e0 Paris\" srcset=\"https:\/\/i0.wp.com\/frederiquelebrun.com\/wp-content\/uploads\/2021\/11\/2021-09-05-manif-afghans-web-2670.jpg?w=2048&amp;ssl=1 2048w, https:\/\/i0.wp.com\/frederiquelebrun.com\/wp-content\/uploads\/2021\/11\/2021-09-05-manif-afghans-web-2670.jpg?resize=300%2C200&amp;ssl=1 300w, https:\/\/i0.wp.com\/frederiquelebrun.com\/wp-content\/uploads\/2021\/11\/2021-09-05-manif-afghans-web-2670.jpg?resize=600%2C400&amp;ssl=1 600w, https:\/\/i0.wp.com\/frederiquelebrun.com\/wp-content\/uploads\/2021\/11\/2021-09-05-manif-afghans-web-2670.jpg?resize=1024%2C683&amp;ssl=1 1024w, https:\/\/i0.wp.com\/frederiquelebrun.com\/wp-content\/uploads\/2021\/11\/2021-09-05-manif-afghans-web-2670.jpg?resize=768%2C512&amp;ssl=1 768w, https:\/\/i0.wp.com\/frederiquelebrun.com\/wp-content\/uploads\/2021\/11\/2021-09-05-manif-afghans-web-2670.jpg?resize=1536%2C1024&amp;ssl=1 1536w, https:\/\/i0.wp.com\/frederiquelebrun.com\/wp-content\/uploads\/2021\/11\/2021-09-05-manif-afghans-web-2670.jpg?resize=18%2C12&amp;ssl=1 18w, https:\/\/i0.wp.com\/frederiquelebrun.com\/wp-content\/uploads\/2021\/11\/2021-09-05-manif-afghans-web-2670.jpg?resize=500%2C333&amp;ssl=1 500w, https:\/\/i0.wp.com\/frederiquelebrun.com\/wp-content\/uploads\/2021\/11\/2021-09-05-manif-afghans-web-2670.jpg?resize=800%2C533&amp;ssl=1 800w, https:\/\/i0.wp.com\/frederiquelebrun.com\/wp-content\/uploads\/2021\/11\/2021-09-05-manif-afghans-web-2670.jpg?resize=1280%2C853&amp;ssl=1 1280w, https:\/\/i0.wp.com\/frederiquelebrun.com\/wp-content\/uploads\/2021\/11\/2021-09-05-manif-afghans-web-2670.jpg?resize=1920%2C1280&amp;ssl=1 1920w\" sizes=\"(max-width: 1000px) 100vw, 1000px\" \/><\/noscript><img decoding=\"async\" width=\"1920\" height=\"1280\" src=\"https:\/\/i0.wp.com\/frederiquelebrun.com\/wp-content\/uploads\/2021\/11\/2021-09-05-manif-afghans-web-2670.jpg?fit=1920%2C1280&amp;ssl=1\" class=\"wp-image-2082 vp-lazyload\" alt=\"Rassemblement pour l&#039;Afghanistan \u00e0 Paris\" srcset=\"data:image\/svg+xml;base64,PHN2ZyB3aWR0aD0iMTkyMCIgaGVpZ2h0PSIxMjgwIiB2aWV3Qm94PSIwIDAgMTkyMCAxMjgwIiBmaWxsPSJub25lIiB4bWxucz0iaHR0cDovL3d3dy53My5vcmcvMjAwMC9zdmciPjwvc3ZnPg==\" data-src=\"https:\/\/i0.wp.com\/frederiquelebrun.com\/wp-content\/uploads\/2021\/11\/2021-09-05-manif-afghans-web-2670.jpg?fit=1920%2C1280&amp;ssl=1\" data-srcset=\"https:\/\/i0.wp.com\/frederiquelebrun.com\/wp-content\/uploads\/2021\/11\/2021-09-05-manif-afghans-web-2670.jpg?w=2048&amp;ssl=1 2048w, https:\/\/i0.wp.com\/frederiquelebrun.com\/wp-content\/uploads\/2021\/11\/2021-09-05-manif-afghans-web-2670.jpg?resize=300%2C200&amp;ssl=1 300w, https:\/\/i0.wp.com\/frederiquelebrun.com\/wp-content\/uploads\/2021\/11\/2021-09-05-manif-afghans-web-2670.jpg?resize=600%2C400&amp;ssl=1 600w, https:\/\/i0.wp.com\/frederiquelebrun.com\/wp-content\/uploads\/2021\/11\/2021-09-05-manif-afghans-web-2670.jpg?resize=1024%2C683&amp;ssl=1 1024w, https:\/\/i0.wp.com\/frederiquelebrun.com\/wp-content\/uploads\/2021\/11\/2021-09-05-manif-afghans-web-2670.jpg?resize=768%2C512&amp;ssl=1 768w, https:\/\/i0.wp.com\/frederiquelebrun.com\/wp-content\/uploads\/2021\/11\/2021-09-05-manif-afghans-web-2670.jpg?resize=1536%2C1024&amp;ssl=1 1536w, https:\/\/i0.wp.com\/frederiquelebrun.com\/wp-content\/uploads\/2021\/11\/2021-09-05-manif-afghans-web-2670.jpg?resize=18%2C12&amp;ssl=1 18w, https:\/\/i0.wp.com\/frederiquelebrun.com\/wp-content\/uploads\/2021\/11\/2021-09-05-manif-afghans-web-2670.jpg?resize=500%2C333&amp;ssl=1 500w, https:\/\/i0.wp.com\/frederiquelebrun.com\/wp-content\/uploads\/2021\/11\/2021-09-05-manif-afghans-web-2670.jpg?resize=800%2C533&amp;ssl=1 800w, https:\/\/i0.wp.com\/frederiquelebrun.com\/wp-content\/uploads\/2021\/11\/2021-09-05-manif-afghans-web-2670.jpg?resize=1280%2C853&amp;ssl=1 1280w, https:\/\/i0.wp.com\/frederiquelebrun.com\/wp-content\/uploads\/2021\/11\/2021-09-05-manif-afghans-web-2670.jpg?resize=1920%2C1280&amp;ssl=1 1920w\" data-sizes=\"auto\" loading=\"eager\">\n\t\t<div class=\"vp-portfolio__item-overlay\">\n\t\t\t\t\t<\/div>\n\n\t\t<\/a>\t<\/div>\n<\/div>\n\n\t\t\t<\/figure>\n\t\t\t\t\t<\/div>\n\t\t\n\t\t<div\t\tclass=\"vp-portfolio__item-wrap vp-portfolio__item-uid-8f3f7311\" data-vp-filter=\"\" \t\t>\n\t\t\t<template class=\"vp-portfolio__item-popup\" data-vp-popup-img=\"https:\/\/i0.wp.com\/frederiquelebrun.com\/wp-content\/uploads\/2021\/11\/2021-09-05-manif-afghans-web-2901.jpg?fit=1920%2C1280&#038;ssl=1\" data-vp-popup-img-srcset=\"https:\/\/i0.wp.com\/frederiquelebrun.com\/wp-content\/uploads\/2021\/11\/2021-09-05-manif-afghans-web-2901.jpg?w=2048&amp;ssl=1 2048w, https:\/\/i0.wp.com\/frederiquelebrun.com\/wp-content\/uploads\/2021\/11\/2021-09-05-manif-afghans-web-2901.jpg?resize=300%2C200&amp;ssl=1 300w, https:\/\/i0.wp.com\/frederiquelebrun.com\/wp-content\/uploads\/2021\/11\/2021-09-05-manif-afghans-web-2901.jpg?resize=600%2C400&amp;ssl=1 600w, https:\/\/i0.wp.com\/frederiquelebrun.com\/wp-content\/uploads\/2021\/11\/2021-09-05-manif-afghans-web-2901.jpg?resize=1024%2C683&amp;ssl=1 1024w, https:\/\/i0.wp.com\/frederiquelebrun.com\/wp-content\/uploads\/2021\/11\/2021-09-05-manif-afghans-web-2901.jpg?resize=768%2C512&amp;ssl=1 768w, https:\/\/i0.wp.com\/frederiquelebrun.com\/wp-content\/uploads\/2021\/11\/2021-09-05-manif-afghans-web-2901.jpg?resize=1536%2C1024&amp;ssl=1 1536w, https:\/\/i0.wp.com\/frederiquelebrun.com\/wp-content\/uploads\/2021\/11\/2021-09-05-manif-afghans-web-2901.jpg?resize=18%2C12&amp;ssl=1 18w, https:\/\/i0.wp.com\/frederiquelebrun.com\/wp-content\/uploads\/2021\/11\/2021-09-05-manif-afghans-web-2901.jpg?resize=500%2C333&amp;ssl=1 500w, https:\/\/i0.wp.com\/frederiquelebrun.com\/wp-content\/uploads\/2021\/11\/2021-09-05-manif-afghans-web-2901.jpg?resize=800%2C533&amp;ssl=1 800w, https:\/\/i0.wp.com\/frederiquelebrun.com\/wp-content\/uploads\/2021\/11\/2021-09-05-manif-afghans-web-2901.jpg?resize=1280%2C853&amp;ssl=1 1280w, https:\/\/i0.wp.com\/frederiquelebrun.com\/wp-content\/uploads\/2021\/11\/2021-09-05-manif-afghans-web-2901.jpg?resize=1920%2C1280&amp;ssl=1 1920w\" data-vp-popup-img-size=\"1920x1280\" data-vp-popup-md-img=\"https:\/\/i0.wp.com\/frederiquelebrun.com\/wp-content\/uploads\/2021\/11\/2021-09-05-manif-afghans-web-2901.jpg?fit=800%2C533&#038;ssl=1\" data-vp-popup-md-img-size=\"800x533\" data-vp-popup-sm-img=\"https:\/\/i0.wp.com\/frederiquelebrun.com\/wp-content\/uploads\/2021\/11\/2021-09-05-manif-afghans-web-2901.jpg?fit=500%2C333&#038;ssl=1\" data-vp-popup-sm-img-size=\"500x333\">\n\t\t\t<div class=\"vp-portfolio__item-popup-description\">2021-09-05-Paris, place de la R\u00e9publique, rassemblement de soutien au peuple afghan en r\u00e9action \u00e0 la prise de pouvoir totale des talibans sur l&#8217;Afghanistan depuis le 15 ao\u00fbt et la chute de Kaboul. Photo Fr\u00e9d\u00e9rique Le Brun<\/div>\n\t\t<\/template>\n\t\t\t\t\t\t<figure class=\"vp-portfolio__item\">\n\t\t\t\t\n<div class=\"vp-portfolio__item-img-wrap\">\n\t<div class=\"vp-portfolio__item-img\">\n\t\t\t<a\n\t\thref=\"https:\/\/i0.wp.com\/frederiquelebrun.com\/wp-content\/uploads\/2021\/11\/2021-09-05-manif-afghans-web-2901.jpg?fit=1920%2C1280&#038;ssl=1\"\n\t\taria-label=\"Rassemblement pour l&#039;Afghanistan\" \t>\n\t\n\t\t<noscript><img loading=\"lazy\" decoding=\"async\" width=\"1920\" height=\"1280\" data-skip-lazy src=\"https:\/\/i0.wp.com\/frederiquelebrun.com\/wp-content\/uploads\/2021\/11\/2021-09-05-manif-afghans-web-2901.jpg?fit=1920%2C1280&amp;ssl=1\" class=\"wp-image-2089\" alt=\"Rassemblement pour l&#039;Afghanistan \u00e0 Paris\" srcset=\"https:\/\/i0.wp.com\/frederiquelebrun.com\/wp-content\/uploads\/2021\/11\/2021-09-05-manif-afghans-web-2901.jpg?w=2048&amp;ssl=1 2048w, https:\/\/i0.wp.com\/frederiquelebrun.com\/wp-content\/uploads\/2021\/11\/2021-09-05-manif-afghans-web-2901.jpg?resize=300%2C200&amp;ssl=1 300w, https:\/\/i0.wp.com\/frederiquelebrun.com\/wp-content\/uploads\/2021\/11\/2021-09-05-manif-afghans-web-2901.jpg?resize=600%2C400&amp;ssl=1 600w, https:\/\/i0.wp.com\/frederiquelebrun.com\/wp-content\/uploads\/2021\/11\/2021-09-05-manif-afghans-web-2901.jpg?resize=1024%2C683&amp;ssl=1 1024w, https:\/\/i0.wp.com\/frederiquelebrun.com\/wp-content\/uploads\/2021\/11\/2021-09-05-manif-afghans-web-2901.jpg?resize=768%2C512&amp;ssl=1 768w, https:\/\/i0.wp.com\/frederiquelebrun.com\/wp-content\/uploads\/2021\/11\/2021-09-05-manif-afghans-web-2901.jpg?resize=1536%2C1024&amp;ssl=1 1536w, https:\/\/i0.wp.com\/frederiquelebrun.com\/wp-content\/uploads\/2021\/11\/2021-09-05-manif-afghans-web-2901.jpg?resize=18%2C12&amp;ssl=1 18w, https:\/\/i0.wp.com\/frederiquelebrun.com\/wp-content\/uploads\/2021\/11\/2021-09-05-manif-afghans-web-2901.jpg?resize=500%2C333&amp;ssl=1 500w, https:\/\/i0.wp.com\/frederiquelebrun.com\/wp-content\/uploads\/2021\/11\/2021-09-05-manif-afghans-web-2901.jpg?resize=800%2C533&amp;ssl=1 800w, https:\/\/i0.wp.com\/frederiquelebrun.com\/wp-content\/uploads\/2021\/11\/2021-09-05-manif-afghans-web-2901.jpg?resize=1280%2C853&amp;ssl=1 1280w, https:\/\/i0.wp.com\/frederiquelebrun.com\/wp-content\/uploads\/2021\/11\/2021-09-05-manif-afghans-web-2901.jpg?resize=1920%2C1280&amp;ssl=1 1920w\" sizes=\"(max-width: 1000px) 100vw, 1000px\" \/><\/noscript><img decoding=\"async\" width=\"1920\" height=\"1280\" src=\"https:\/\/i0.wp.com\/frederiquelebrun.com\/wp-content\/uploads\/2021\/11\/2021-09-05-manif-afghans-web-2901.jpg?fit=1920%2C1280&amp;ssl=1\" class=\"wp-image-2089 vp-lazyload\" alt=\"Rassemblement pour l&#039;Afghanistan \u00e0 Paris\" srcset=\"data:image\/svg+xml;base64,PHN2ZyB3aWR0aD0iMTkyMCIgaGVpZ2h0PSIxMjgwIiB2aWV3Qm94PSIwIDAgMTkyMCAxMjgwIiBmaWxsPSJub25lIiB4bWxucz0iaHR0cDovL3d3dy53My5vcmcvMjAwMC9zdmciPjwvc3ZnPg==\" data-src=\"https:\/\/i0.wp.com\/frederiquelebrun.com\/wp-content\/uploads\/2021\/11\/2021-09-05-manif-afghans-web-2901.jpg?fit=1920%2C1280&amp;ssl=1\" data-srcset=\"https:\/\/i0.wp.com\/frederiquelebrun.com\/wp-content\/uploads\/2021\/11\/2021-09-05-manif-afghans-web-2901.jpg?w=2048&amp;ssl=1 2048w, https:\/\/i0.wp.com\/frederiquelebrun.com\/wp-content\/uploads\/2021\/11\/2021-09-05-manif-afghans-web-2901.jpg?resize=300%2C200&amp;ssl=1 300w, https:\/\/i0.wp.com\/frederiquelebrun.com\/wp-content\/uploads\/2021\/11\/2021-09-05-manif-afghans-web-2901.jpg?resize=600%2C400&amp;ssl=1 600w, https:\/\/i0.wp.com\/frederiquelebrun.com\/wp-content\/uploads\/2021\/11\/2021-09-05-manif-afghans-web-2901.jpg?resize=1024%2C683&amp;ssl=1 1024w, https:\/\/i0.wp.com\/frederiquelebrun.com\/wp-content\/uploads\/2021\/11\/2021-09-05-manif-afghans-web-2901.jpg?resize=768%2C512&amp;ssl=1 768w, https:\/\/i0.wp.com\/frederiquelebrun.com\/wp-content\/uploads\/2021\/11\/2021-09-05-manif-afghans-web-2901.jpg?resize=1536%2C1024&amp;ssl=1 1536w, https:\/\/i0.wp.com\/frederiquelebrun.com\/wp-content\/uploads\/2021\/11\/2021-09-05-manif-afghans-web-2901.jpg?resize=18%2C12&amp;ssl=1 18w, https:\/\/i0.wp.com\/frederiquelebrun.com\/wp-content\/uploads\/2021\/11\/2021-09-05-manif-afghans-web-2901.jpg?resize=500%2C333&amp;ssl=1 500w, https:\/\/i0.wp.com\/frederiquelebrun.com\/wp-content\/uploads\/2021\/11\/2021-09-05-manif-afghans-web-2901.jpg?resize=800%2C533&amp;ssl=1 800w, https:\/\/i0.wp.com\/frederiquelebrun.com\/wp-content\/uploads\/2021\/11\/2021-09-05-manif-afghans-web-2901.jpg?resize=1280%2C853&amp;ssl=1 1280w, https:\/\/i0.wp.com\/frederiquelebrun.com\/wp-content\/uploads\/2021\/11\/2021-09-05-manif-afghans-web-2901.jpg?resize=1920%2C1280&amp;ssl=1 1920w\" data-sizes=\"auto\" loading=\"eager\">\n\t\t<div class=\"vp-portfolio__item-overlay\">\n\t\t\t\t\t<\/div>\n\n\t\t<\/a>\t<\/div>\n<\/div>\n\n\t\t\t<\/figure>\n\t\t\t\t\t<\/div>\n\t\t\n\t\t<div\t\tclass=\"vp-portfolio__item-wrap vp-portfolio__item-uid-22e04730\" data-vp-filter=\"\" \t\t>\n\t\t\t<template class=\"vp-portfolio__item-popup\" data-vp-popup-img=\"https:\/\/i0.wp.com\/frederiquelebrun.com\/wp-content\/uploads\/2021\/11\/2021-09-05-manif-afghans-web-2836.jpg?fit=1920%2C1278&#038;ssl=1\" data-vp-popup-img-srcset=\"https:\/\/i0.wp.com\/frederiquelebrun.com\/wp-content\/uploads\/2021\/11\/2021-09-05-manif-afghans-web-2836.jpg?w=2048&amp;ssl=1 2048w, https:\/\/i0.wp.com\/frederiquelebrun.com\/wp-content\/uploads\/2021\/11\/2021-09-05-manif-afghans-web-2836.jpg?resize=300%2C200&amp;ssl=1 300w, https:\/\/i0.wp.com\/frederiquelebrun.com\/wp-content\/uploads\/2021\/11\/2021-09-05-manif-afghans-web-2836.jpg?resize=600%2C399&amp;ssl=1 600w, https:\/\/i0.wp.com\/frederiquelebrun.com\/wp-content\/uploads\/2021\/11\/2021-09-05-manif-afghans-web-2836.jpg?resize=1024%2C682&amp;ssl=1 1024w, https:\/\/i0.wp.com\/frederiquelebrun.com\/wp-content\/uploads\/2021\/11\/2021-09-05-manif-afghans-web-2836.jpg?resize=768%2C511&amp;ssl=1 768w, https:\/\/i0.wp.com\/frederiquelebrun.com\/wp-content\/uploads\/2021\/11\/2021-09-05-manif-afghans-web-2836.jpg?resize=1536%2C1022&amp;ssl=1 1536w, https:\/\/i0.wp.com\/frederiquelebrun.com\/wp-content\/uploads\/2021\/11\/2021-09-05-manif-afghans-web-2836.jpg?resize=18%2C12&amp;ssl=1 18w, https:\/\/i0.wp.com\/frederiquelebrun.com\/wp-content\/uploads\/2021\/11\/2021-09-05-manif-afghans-web-2836.jpg?resize=500%2C333&amp;ssl=1 500w, https:\/\/i0.wp.com\/frederiquelebrun.com\/wp-content\/uploads\/2021\/11\/2021-09-05-manif-afghans-web-2836.jpg?resize=800%2C532&amp;ssl=1 800w, https:\/\/i0.wp.com\/frederiquelebrun.com\/wp-content\/uploads\/2021\/11\/2021-09-05-manif-afghans-web-2836.jpg?resize=1280%2C852&amp;ssl=1 1280w, https:\/\/i0.wp.com\/frederiquelebrun.com\/wp-content\/uploads\/2021\/11\/2021-09-05-manif-afghans-web-2836.jpg?resize=1920%2C1278&amp;ssl=1 1920w\" data-vp-popup-img-size=\"1920x1278\" data-vp-popup-md-img=\"https:\/\/i0.wp.com\/frederiquelebrun.com\/wp-content\/uploads\/2021\/11\/2021-09-05-manif-afghans-web-2836.jpg?fit=800%2C532&#038;ssl=1\" data-vp-popup-md-img-size=\"800x532\" data-vp-popup-sm-img=\"https:\/\/i0.wp.com\/frederiquelebrun.com\/wp-content\/uploads\/2021\/11\/2021-09-05-manif-afghans-web-2836.jpg?fit=500%2C333&#038;ssl=1\" data-vp-popup-sm-img-size=\"500x333\">\n\t\t\t<div class=\"vp-portfolio__item-popup-description\">2021-09-05-Paris, place de la R\u00e9publique, rassemblement de soutien au peuple afghan en r\u00e9action \u00e0 la prise de pouvoir totale des talibans sur l&#8217;Afghanistan depuis le 15 ao\u00fbt et la chute de Kaboul. Photo Fr\u00e9d\u00e9rique Le Brun<\/div>\n\t\t<\/template>\n\t\t\t\t\t\t<figure class=\"vp-portfolio__item\">\n\t\t\t\t\n<div class=\"vp-portfolio__item-img-wrap\">\n\t<div class=\"vp-portfolio__item-img\">\n\t\t\t<a\n\t\thref=\"https:\/\/i0.wp.com\/frederiquelebrun.com\/wp-content\/uploads\/2021\/11\/2021-09-05-manif-afghans-web-2836.jpg?fit=1920%2C1278&#038;ssl=1\"\n\t\taria-label=\"Rassemblement pour l&#039;Afghanistan\" \t>\n\t\n\t\t<noscript><img loading=\"lazy\" decoding=\"async\" width=\"1920\" height=\"1278\" data-skip-lazy src=\"https:\/\/i0.wp.com\/frederiquelebrun.com\/wp-content\/uploads\/2021\/11\/2021-09-05-manif-afghans-web-2836.jpg?fit=1920%2C1278&amp;ssl=1\" class=\"wp-image-2086\" alt=\"Rassemblement pour l&#039;Afghanistan \u00e0 Paris\" srcset=\"https:\/\/i0.wp.com\/frederiquelebrun.com\/wp-content\/uploads\/2021\/11\/2021-09-05-manif-afghans-web-2836.jpg?w=2048&amp;ssl=1 2048w, https:\/\/i0.wp.com\/frederiquelebrun.com\/wp-content\/uploads\/2021\/11\/2021-09-05-manif-afghans-web-2836.jpg?resize=300%2C200&amp;ssl=1 300w, https:\/\/i0.wp.com\/frederiquelebrun.com\/wp-content\/uploads\/2021\/11\/2021-09-05-manif-afghans-web-2836.jpg?resize=600%2C399&amp;ssl=1 600w, https:\/\/i0.wp.com\/frederiquelebrun.com\/wp-content\/uploads\/2021\/11\/2021-09-05-manif-afghans-web-2836.jpg?resize=1024%2C682&amp;ssl=1 1024w, https:\/\/i0.wp.com\/frederiquelebrun.com\/wp-content\/uploads\/2021\/11\/2021-09-05-manif-afghans-web-2836.jpg?resize=768%2C511&amp;ssl=1 768w, https:\/\/i0.wp.com\/frederiquelebrun.com\/wp-content\/uploads\/2021\/11\/2021-09-05-manif-afghans-web-2836.jpg?resize=1536%2C1022&amp;ssl=1 1536w, https:\/\/i0.wp.com\/frederiquelebrun.com\/wp-content\/uploads\/2021\/11\/2021-09-05-manif-afghans-web-2836.jpg?resize=18%2C12&amp;ssl=1 18w, https:\/\/i0.wp.com\/frederiquelebrun.com\/wp-content\/uploads\/2021\/11\/2021-09-05-manif-afghans-web-2836.jpg?resize=500%2C333&amp;ssl=1 500w, https:\/\/i0.wp.com\/frederiquelebrun.com\/wp-content\/uploads\/2021\/11\/2021-09-05-manif-afghans-web-2836.jpg?resize=800%2C532&amp;ssl=1 800w, https:\/\/i0.wp.com\/frederiquelebrun.com\/wp-content\/uploads\/2021\/11\/2021-09-05-manif-afghans-web-2836.jpg?resize=1280%2C852&amp;ssl=1 1280w, https:\/\/i0.wp.com\/frederiquelebrun.com\/wp-content\/uploads\/2021\/11\/2021-09-05-manif-afghans-web-2836.jpg?resize=1920%2C1278&amp;ssl=1 1920w\" sizes=\"(max-width: 1000px) 100vw, 1000px\" \/><\/noscript><img decoding=\"async\" width=\"1920\" height=\"1278\" src=\"https:\/\/i0.wp.com\/frederiquelebrun.com\/wp-content\/uploads\/2021\/11\/2021-09-05-manif-afghans-web-2836.jpg?fit=1920%2C1278&amp;ssl=1\" class=\"wp-image-2086 vp-lazyload\" alt=\"Rassemblement pour l&#039;Afghanistan \u00e0 Paris\" srcset=\"data:image\/svg+xml;base64,PHN2ZyB3aWR0aD0iMTkyMCIgaGVpZ2h0PSIxMjc4IiB2aWV3Qm94PSIwIDAgMTkyMCAxMjc4IiBmaWxsPSJub25lIiB4bWxucz0iaHR0cDovL3d3dy53My5vcmcvMjAwMC9zdmciPjwvc3ZnPg==\" data-src=\"https:\/\/i0.wp.com\/frederiquelebrun.com\/wp-content\/uploads\/2021\/11\/2021-09-05-manif-afghans-web-2836.jpg?fit=1920%2C1278&amp;ssl=1\" data-srcset=\"https:\/\/i0.wp.com\/frederiquelebrun.com\/wp-content\/uploads\/2021\/11\/2021-09-05-manif-afghans-web-2836.jpg?w=2048&amp;ssl=1 2048w, https:\/\/i0.wp.com\/frederiquelebrun.com\/wp-content\/uploads\/2021\/11\/2021-09-05-manif-afghans-web-2836.jpg?resize=300%2C200&amp;ssl=1 300w, https:\/\/i0.wp.com\/frederiquelebrun.com\/wp-content\/uploads\/2021\/11\/2021-09-05-manif-afghans-web-2836.jpg?resize=600%2C399&amp;ssl=1 600w, https:\/\/i0.wp.com\/frederiquelebrun.com\/wp-content\/uploads\/2021\/11\/2021-09-05-manif-afghans-web-2836.jpg?resize=1024%2C682&amp;ssl=1 1024w, https:\/\/i0.wp.com\/frederiquelebrun.com\/wp-content\/uploads\/2021\/11\/2021-09-05-manif-afghans-web-2836.jpg?resize=768%2C511&amp;ssl=1 768w, https:\/\/i0.wp.com\/frederiquelebrun.com\/wp-content\/uploads\/2021\/11\/2021-09-05-manif-afghans-web-2836.jpg?resize=1536%2C1022&amp;ssl=1 1536w, https:\/\/i0.wp.com\/frederiquelebrun.com\/wp-content\/uploads\/2021\/11\/2021-09-05-manif-afghans-web-2836.jpg?resize=18%2C12&amp;ssl=1 18w, https:\/\/i0.wp.com\/frederiquelebrun.com\/wp-content\/uploads\/2021\/11\/2021-09-05-manif-afghans-web-2836.jpg?resize=500%2C333&amp;ssl=1 500w, https:\/\/i0.wp.com\/frederiquelebrun.com\/wp-content\/uploads\/2021\/11\/2021-09-05-manif-afghans-web-2836.jpg?resize=800%2C532&amp;ssl=1 800w, https:\/\/i0.wp.com\/frederiquelebrun.com\/wp-content\/uploads\/2021\/11\/2021-09-05-manif-afghans-web-2836.jpg?resize=1280%2C852&amp;ssl=1 1280w, https:\/\/i0.wp.com\/frederiquelebrun.com\/wp-content\/uploads\/2021\/11\/2021-09-05-manif-afghans-web-2836.jpg?resize=1920%2C1278&amp;ssl=1 1920w\" data-sizes=\"auto\" loading=\"eager\">\n\t\t<div class=\"vp-portfolio__item-overlay\">\n\t\t\t\t\t<\/div>\n\n\t\t<\/a>\t<\/div>\n<\/div>\n\n\t\t\t<\/figure>\n\t\t\t\t\t<\/div>\n\t\t\n<\/div>\n\t\t<\/div>\n\t\t\n<\/div>\n<\/div>","protected":false},"excerpt":{"rendered":"<p>\u00c0 la suite de la prise de Kaboul par les talibans le 15 ao\u00fbt 2021, les Afghans de France, inquiets, se mobilisent et appellent \u00e0 la solidarit\u00e9 internationale. <\/p>","protected":false},"author":3,"featured_media":2085,"comment_status":"closed","ping_status":"open","sticky":false,"template":"","format":"standard","meta":{"_uag_custom_page_level_css":"","site-sidebar-layout":"default","site-content-layout":"","ast-site-content-layout":"default","site-content-style":"default","site-sidebar-style":"default","ast-global-header-display":"","ast-banner-title-visibility":"","ast-main-header-display":"","ast-hfb-above-header-display":"","ast-hfb-below-header-display":"","ast-hfb-mobile-header-display":"","site-post-title":"","ast-breadcrumbs-content":null,"ast-featured-img":"","footer-sml-layout":"","ast-disable-related-posts":"","theme-transparent-header-meta":"","adv-header-id-meta":"","stick-header-meta":"","header-above-stick-meta":"","header-main-stick-meta":"","header-below-stick-meta":"","astra-migrate-meta-layouts":"default","ast-page-background-enabled":"default","ast-page-background-meta":{"desktop":{"background-color":"var(--ast-global-color-4)","background-image":"","background-repeat":"repeat","background-position":"center center","background-size":"auto","background-attachment":"scroll","background-type":"","background-media":"","overlay-type":"","overlay-color":"","overlay-opacity":"","overlay-gradient":""},"tablet":{"background-color":"","background-image":"","background-repeat":"repeat","background-position":"center center","background-size":"auto","background-attachment":"scroll","background-type":"","background-media":"","overlay-type":"","overlay-color":"","overlay-opacity":"","overlay-gradient":""},"mobile":{"background-color":"","background-image":"","background-repeat":"repeat","background-position":"center center","background-size":"auto","background-attachment":"scroll","background-type":"","background-media":"","overlay-type":"","overlay-color":"","overlay-opacity":"","overlay-gradient":""}},"ast-content-background-meta":{"desktop":{"background-color":"var(--ast-global-color-5)","background-image":"","background-repeat":"repeat","background-position":"center center","background-size":"auto","background-attachment":"scroll","background-type":"","background-media":"","overlay-type":"","overlay-color":"","overlay-opacity":"","overlay-gradient":""},"tablet":{"background-color":"var(--ast-global-color-5)","background-image":"","background-repeat":"repeat","background-position":"center center","background-size":"auto","background-attachment":"scroll","background-type":"","background-media":"","overlay-type":"","overlay-color":"","overlay-opacity":"","overlay-gradient":""},"mobile":{"background-color":"var(--ast-global-color-5)","background-image":"","background-repeat":"repeat","background-position":"center center","background-size":"auto","background-attachment":"scroll","background-type":"","background-media":"","overlay-type":"","overlay-color":"","overlay-opacity":"","overlay-gradient":""}},"_vp_format_video_url":"","_vp_image_focal_point":[],"_jetpack_memberships_contains_paid_content":false,"footnotes":""},"categories":[1],"tags":[368,274,176,211,296,372,343,179,269,180,31,185,367,182,365,181,370,184,183,268,375,54,373,187,37,186,347,202,374,361,188,190,173,348,195,178,376,271,295,366,371],"class_list":["post-2073","post","type-post","status-publish","format-standard","has-post-thumbnail","hentry","category-news","tag-afghan-woman","tag-afghane","tag-afghanistan","tag-afghans","tag-ashraf-ghani","tag-day","tag-demonstration","tag-drapeau","tag-droit-des-femmes","tag-droits-des-femmes","tag-evacuation","tag-famille","tag-family","tag-femme-afghane","tag-flag","tag-humanitaire","tag-humanitarian","tag-jeunes","tag-jour","tag-kaboul","tag-kabul","tag-manifestation","tag-obscurantism","tag-obscurantisme","tag-paris","tag-place-de-la-republique","tag-rally","tag-rassemblement","tag-refugee","tag-refugees","tag-refugie","tag-refugies","tag-repression","tag-republic","tag-republique","tag-reza-jafari","tag-sos-racism","tag-sos-racisme","tag-taliban","tag-womens-rights","tag-young-people"],"yoast_head":"<!-- This site is optimized with the Yoast SEO plugin v27.5 - https:\/\/yoast.com\/product\/yoast-seo-wordpress\/ -->\n<title>Manifestation de soutien aux Afghans - Fr\u00e9d\u00e9rique Le Brun<\/title>\n<meta name=\"description\" content=\"5 septembre 2021, Paris, rassemblement de soutien au peuple afghan \u00e0 la suite de la prise de Kaboul par les talibans le 15 ao\u00fbt.\" \/>\n<meta name=\"robots\" content=\"index, follow, max-snippet:-1, max-image-preview:large, max-video-preview:-1\" \/>\n<link rel=\"canonical\" href=\"https:\/\/frederiquelebrun.com\/en\/manifestation-de-soutien-aux-afghans\/\" \/>\n<meta property=\"og:locale\" content=\"en_US\" \/>\n<meta property=\"og:type\" content=\"article\" \/>\n<meta property=\"og:title\" content=\"Manifestation de soutien aux Afghans - Fr\u00e9d\u00e9rique Le Brun\" \/>\n<meta property=\"og:description\" content=\"5 septembre 2021, Paris, rassemblement de soutien au peuple afghan \u00e0 la suite de la prise de Kaboul par les talibans le 15 ao\u00fbt.\" \/>\n<meta property=\"og:url\" content=\"https:\/\/frederiquelebrun.com\/en\/manifestation-de-soutien-aux-afghans\/\" \/>\n<meta property=\"og:site_name\" content=\"Fr\u00e9d\u00e9rique Le Brun\" \/>\n<meta property=\"article:published_time\" content=\"2021-09-05T11:42:00+00:00\" \/>\n<meta property=\"article:modified_time\" content=\"2021-12-23T10:42:37+00:00\" \/>\n<meta property=\"og:image\" content=\"https:\/\/frederiquelebrun.com\/wp-content\/uploads\/2021\/11\/2021-09-05-manif-afghans-web-2801.jpg\" \/>\n\t<meta property=\"og:image:width\" content=\"2048\" \/>\n\t<meta property=\"og:image:height\" content=\"2048\" \/>\n\t<meta property=\"og:image:type\" content=\"image\/jpeg\" \/>\n<meta name=\"author\" content=\"Fr\u00e9d\u00e9rique Le Brun\" \/>\n<meta name=\"twitter:label1\" content=\"Written by\" \/>\n\t<meta name=\"twitter:data1\" content=\"Fr\u00e9d\u00e9rique Le Brun\" \/>\n\t<meta name=\"twitter:label2\" content=\"Est. reading time\" \/>\n\t<meta name=\"twitter:data2\" content=\"1 minute\" \/>\n<script type=\"application\/ld+json\" class=\"yoast-schema-graph\">{\"@context\":\"https:\\\/\\\/schema.org\",\"@graph\":[{\"@type\":\"Article\",\"@id\":\"https:\\\/\\\/frederiquelebrun.com\\\/manifestation-de-soutien-aux-afghans\\\/#article\",\"isPartOf\":{\"@id\":\"https:\\\/\\\/frederiquelebrun.com\\\/manifestation-de-soutien-aux-afghans\\\/\"},\"author\":{\"name\":\"Fr\u00e9d\u00e9rique Le Brun\",\"@id\":\"https:\\\/\\\/frederiquelebrun.com\\\/#\\\/schema\\\/person\\\/c1aa93888d5ef1b626ec0ff9332f8cb9\"},\"headline\":\"Manifestation de soutien aux Afghans\",\"datePublished\":\"2021-09-05T11:42:00+00:00\",\"dateModified\":\"2021-12-23T10:42:37+00:00\",\"mainEntityOfPage\":{\"@id\":\"https:\\\/\\\/frederiquelebrun.com\\\/manifestation-de-soutien-aux-afghans\\\/\"},\"wordCount\":150,\"publisher\":{\"@id\":\"https:\\\/\\\/frederiquelebrun.com\\\/#\\\/schema\\\/person\\\/8fd7f23683bc30ddd1a0def83e0aa245\"},\"image\":{\"@id\":\"https:\\\/\\\/frederiquelebrun.com\\\/manifestation-de-soutien-aux-afghans\\\/#primaryimage\"},\"thumbnailUrl\":\"https:\\\/\\\/i0.wp.com\\\/frederiquelebrun.com\\\/wp-content\\\/uploads\\\/2021\\\/11\\\/2021-09-05-manif-afghans-web-2801.jpg?fit=2048%2C2048&ssl=1\",\"keywords\":[\"Afghan woman\",\"Afghane\",\"Afghanistan\",\"Afghans\",\"Ashraf Ghani\",\"day\",\"demonstration\",\"drapeau\",\"droit des femmes\",\"droits des femmes\",\"\u00e9vacuation\",\"famille\",\"family\",\"femme afghane\",\"flag\",\"humanitaire\",\"humanitarian\",\"jeunes\",\"jour\",\"Kaboul\",\"Kabul\",\"manifestation\",\"obscurantism\",\"obscurantisme\",\"paris\",\"place de la R\u00e9publique\",\"rally\",\"rassemblement\",\"refugee\",\"refugees\",\"r\u00e9fugi\u00e9\",\"r\u00e9fugi\u00e9s\",\"r\u00e9pression\",\"Republic\",\"R\u00e9publique\",\"Reza Jafari\",\"SOS Racism\",\"SOS Racisme\",\"taliban\",\"women's rights\",\"young people\"],\"articleSection\":[\"Actu\"],\"inLanguage\":\"en-US\"},{\"@type\":\"WebPage\",\"@id\":\"https:\\\/\\\/frederiquelebrun.com\\\/manifestation-de-soutien-aux-afghans\\\/\",\"url\":\"https:\\\/\\\/frederiquelebrun.com\\\/manifestation-de-soutien-aux-afghans\\\/\",\"name\":\"Manifestation de soutien aux Afghans - Fr\u00e9d\u00e9rique Le Brun\",\"isPartOf\":{\"@id\":\"https:\\\/\\\/frederiquelebrun.com\\\/#website\"},\"primaryImageOfPage\":{\"@id\":\"https:\\\/\\\/frederiquelebrun.com\\\/manifestation-de-soutien-aux-afghans\\\/#primaryimage\"},\"image\":{\"@id\":\"https:\\\/\\\/frederiquelebrun.com\\\/manifestation-de-soutien-aux-afghans\\\/#primaryimage\"},\"thumbnailUrl\":\"https:\\\/\\\/i0.wp.com\\\/frederiquelebrun.com\\\/wp-content\\\/uploads\\\/2021\\\/11\\\/2021-09-05-manif-afghans-web-2801.jpg?fit=2048%2C2048&ssl=1\",\"datePublished\":\"2021-09-05T11:42:00+00:00\",\"dateModified\":\"2021-12-23T10:42:37+00:00\",\"description\":\"5 septembre 2021, Paris, rassemblement de soutien au peuple afghan \u00e0 la suite de la prise de Kaboul par les talibans le 15 ao\u00fbt.\",\"inLanguage\":\"en-US\",\"potentialAction\":[{\"@type\":\"ReadAction\",\"target\":[\"https:\\\/\\\/frederiquelebrun.com\\\/manifestation-de-soutien-aux-afghans\\\/\"]}]},{\"@type\":\"ImageObject\",\"inLanguage\":\"en-US\",\"@id\":\"https:\\\/\\\/frederiquelebrun.com\\\/manifestation-de-soutien-aux-afghans\\\/#primaryimage\",\"url\":\"https:\\\/\\\/i0.wp.com\\\/frederiquelebrun.com\\\/wp-content\\\/uploads\\\/2021\\\/11\\\/2021-09-05-manif-afghans-web-2801.jpg?fit=2048%2C2048&ssl=1\",\"contentUrl\":\"https:\\\/\\\/i0.wp.com\\\/frederiquelebrun.com\\\/wp-content\\\/uploads\\\/2021\\\/11\\\/2021-09-05-manif-afghans-web-2801.jpg?fit=2048%2C2048&ssl=1\",\"width\":2048,\"height\":2048,\"caption\":\"2021-09-05-Paris, place de la R\u00e9publique, rassemblement de soutien au peuple afghan en r\u00e9action \u00e0 la prise de pouvoir totale des talibans sur l'Afghanistan depuis le 15 ao\u00fbt et la chute de Kaboul. Photo Fr\u00e9d\u00e9rique Le Brun\"},{\"@type\":\"WebSite\",\"@id\":\"https:\\\/\\\/frederiquelebrun.com\\\/#website\",\"url\":\"https:\\\/\\\/frederiquelebrun.com\\\/\",\"name\":\"Fr\u00e9d\u00e9rique Le Brun\",\"description\":\"Photojournaliste\",\"publisher\":{\"@id\":\"https:\\\/\\\/frederiquelebrun.com\\\/#\\\/schema\\\/person\\\/8fd7f23683bc30ddd1a0def83e0aa245\"},\"potentialAction\":[{\"@type\":\"SearchAction\",\"target\":{\"@type\":\"EntryPoint\",\"urlTemplate\":\"https:\\\/\\\/frederiquelebrun.com\\\/?s={search_term_string}\"},\"query-input\":{\"@type\":\"PropertyValueSpecification\",\"valueRequired\":true,\"valueName\":\"search_term_string\"}}],\"inLanguage\":\"en-US\"},{\"@type\":[\"Person\",\"Organization\"],\"@id\":\"https:\\\/\\\/frederiquelebrun.com\\\/#\\\/schema\\\/person\\\/8fd7f23683bc30ddd1a0def83e0aa245\",\"name\":\"Fr\u00e9d\u00e9rique Le Brun\",\"image\":{\"@type\":\"ImageObject\",\"inLanguage\":\"en-US\",\"@id\":\"https:\\\/\\\/i0.wp.com\\\/frederiquelebrun.com\\\/wp-content\\\/uploads\\\/2021\\\/11\\\/FLB-parc-teheran-3b.jpg?fit=960%2C720&ssl=1\",\"url\":\"https:\\\/\\\/i0.wp.com\\\/frederiquelebrun.com\\\/wp-content\\\/uploads\\\/2021\\\/11\\\/FLB-parc-teheran-3b.jpg?fit=960%2C720&ssl=1\",\"contentUrl\":\"https:\\\/\\\/i0.wp.com\\\/frederiquelebrun.com\\\/wp-content\\\/uploads\\\/2021\\\/11\\\/FLB-parc-teheran-3b.jpg?fit=960%2C720&ssl=1\",\"width\":960,\"height\":720,\"caption\":\"Fr\u00e9d\u00e9rique Le Brun\"},\"logo\":{\"@id\":\"https:\\\/\\\/i0.wp.com\\\/frederiquelebrun.com\\\/wp-content\\\/uploads\\\/2021\\\/11\\\/FLB-parc-teheran-3b.jpg?fit=960%2C720&ssl=1\"}},{\"@type\":\"Person\",\"@id\":\"https:\\\/\\\/frederiquelebrun.com\\\/#\\\/schema\\\/person\\\/c1aa93888d5ef1b626ec0ff9332f8cb9\",\"name\":\"Fr\u00e9d\u00e9rique Le Brun\",\"image\":{\"@type\":\"ImageObject\",\"inLanguage\":\"en-US\",\"@id\":\"https:\\\/\\\/secure.gravatar.com\\\/avatar\\\/17c86eb636863fb107011b32c8b907d1f3bac971b90df6c5ff54a1d059182a2a?s=96&d=mm&r=g\",\"url\":\"https:\\\/\\\/secure.gravatar.com\\\/avatar\\\/17c86eb636863fb107011b32c8b907d1f3bac971b90df6c5ff54a1d059182a2a?s=96&d=mm&r=g\",\"contentUrl\":\"https:\\\/\\\/secure.gravatar.com\\\/avatar\\\/17c86eb636863fb107011b32c8b907d1f3bac971b90df6c5ff54a1d059182a2a?s=96&d=mm&r=g\",\"caption\":\"Fr\u00e9d\u00e9rique Le Brun\"}}]}<\/script>\n<!-- \/ Yoast SEO plugin. -->","yoast_head_json":{"title":"Manifestation de soutien aux Afghans - Fr\u00e9d\u00e9rique Le Brun","description":"5 septembre 2021, Paris, rassemblement de soutien au peuple afghan \u00e0 la suite de la prise de Kaboul par les talibans le 15 ao\u00fbt.","robots":{"index":"index","follow":"follow","max-snippet":"max-snippet:-1","max-image-preview":"max-image-preview:large","max-video-preview":"max-video-preview:-1"},"canonical":"https:\/\/frederiquelebrun.com\/en\/manifestation-de-soutien-aux-afghans\/","og_locale":"en_US","og_type":"article","og_title":"Manifestation de soutien aux Afghans - Fr\u00e9d\u00e9rique Le Brun","og_description":"5 septembre 2021, Paris, rassemblement de soutien au peuple afghan \u00e0 la suite de la prise de Kaboul par les talibans le 15 ao\u00fbt.","og_url":"https:\/\/frederiquelebrun.com\/en\/manifestation-de-soutien-aux-afghans\/","og_site_name":"Fr\u00e9d\u00e9rique Le Brun","article_published_time":"2021-09-05T11:42:00+00:00","article_modified_time":"2021-12-23T10:42:37+00:00","og_image":[{"width":2048,"height":2048,"url":"https:\/\/frederiquelebrun.com\/wp-content\/uploads\/2021\/11\/2021-09-05-manif-afghans-web-2801.jpg","type":"image\/jpeg"}],"author":"Fr\u00e9d\u00e9rique Le Brun","twitter_misc":{"Written by":"Fr\u00e9d\u00e9rique Le Brun","Est. reading time":"1 minute"},"schema":{"@context":"https:\/\/schema.org","@graph":[{"@type":"Article","@id":"https:\/\/frederiquelebrun.com\/manifestation-de-soutien-aux-afghans\/#article","isPartOf":{"@id":"https:\/\/frederiquelebrun.com\/manifestation-de-soutien-aux-afghans\/"},"author":{"name":"Fr\u00e9d\u00e9rique Le Brun","@id":"https:\/\/frederiquelebrun.com\/#\/schema\/person\/c1aa93888d5ef1b626ec0ff9332f8cb9"},"headline":"Manifestation de soutien aux Afghans","datePublished":"2021-09-05T11:42:00+00:00","dateModified":"2021-12-23T10:42:37+00:00","mainEntityOfPage":{"@id":"https:\/\/frederiquelebrun.com\/manifestation-de-soutien-aux-afghans\/"},"wordCount":150,"publisher":{"@id":"https:\/\/frederiquelebrun.com\/#\/schema\/person\/8fd7f23683bc30ddd1a0def83e0aa245"},"image":{"@id":"https:\/\/frederiquelebrun.com\/manifestation-de-soutien-aux-afghans\/#primaryimage"},"thumbnailUrl":"https:\/\/i0.wp.com\/frederiquelebrun.com\/wp-content\/uploads\/2021\/11\/2021-09-05-manif-afghans-web-2801.jpg?fit=2048%2C2048&ssl=1","keywords":["Afghan woman","Afghane","Afghanistan","Afghans","Ashraf Ghani","day","demonstration","drapeau","droit des femmes","droits des femmes","\u00e9vacuation","famille","family","femme afghane","flag","humanitaire","humanitarian","jeunes","jour","Kaboul","Kabul","manifestation","obscurantism","obscurantisme","paris","place de la R\u00e9publique","rally","rassemblement","refugee","refugees","r\u00e9fugi\u00e9","r\u00e9fugi\u00e9s","r\u00e9pression","Republic","R\u00e9publique","Reza Jafari","SOS Racism","SOS Racisme","taliban","women's rights","young people"],"articleSection":["Actu"],"inLanguage":"en-US"},{"@type":"WebPage","@id":"https:\/\/frederiquelebrun.com\/manifestation-de-soutien-aux-afghans\/","url":"https:\/\/frederiquelebrun.com\/manifestation-de-soutien-aux-afghans\/","name":"Manifestation de soutien aux Afghans - Fr\u00e9d\u00e9rique Le Brun","isPartOf":{"@id":"https:\/\/frederiquelebrun.com\/#website"},"primaryImageOfPage":{"@id":"https:\/\/frederiquelebrun.com\/manifestation-de-soutien-aux-afghans\/#primaryimage"},"image":{"@id":"https:\/\/frederiquelebrun.com\/manifestation-de-soutien-aux-afghans\/#primaryimage"},"thumbnailUrl":"https:\/\/i0.wp.com\/frederiquelebrun.com\/wp-content\/uploads\/2021\/11\/2021-09-05-manif-afghans-web-2801.jpg?fit=2048%2C2048&ssl=1","datePublished":"2021-09-05T11:42:00+00:00","dateModified":"2021-12-23T10:42:37+00:00","description":"5 septembre 2021, Paris, rassemblement de soutien au peuple afghan \u00e0 la suite de la prise de Kaboul par les talibans le 15 ao\u00fbt.","inLanguage":"en-US","potentialAction":[{"@type":"ReadAction","target":["https:\/\/frederiquelebrun.com\/manifestation-de-soutien-aux-afghans\/"]}]},{"@type":"ImageObject","inLanguage":"en-US","@id":"https:\/\/frederiquelebrun.com\/manifestation-de-soutien-aux-afghans\/#primaryimage","url":"https:\/\/i0.wp.com\/frederiquelebrun.com\/wp-content\/uploads\/2021\/11\/2021-09-05-manif-afghans-web-2801.jpg?fit=2048%2C2048&ssl=1","contentUrl":"https:\/\/i0.wp.com\/frederiquelebrun.com\/wp-content\/uploads\/2021\/11\/2021-09-05-manif-afghans-web-2801.jpg?fit=2048%2C2048&ssl=1","width":2048,"height":2048,"caption":"2021-09-05-Paris, place de la R\u00e9publique, rassemblement de soutien au peuple afghan en r\u00e9action \u00e0 la prise de pouvoir totale des talibans sur l'Afghanistan depuis le 15 ao\u00fbt et la chute de Kaboul. Photo Fr\u00e9d\u00e9rique Le Brun"},{"@type":"WebSite","@id":"https:\/\/frederiquelebrun.com\/#website","url":"https:\/\/frederiquelebrun.com\/","name":"Fr\u00e9d\u00e9rique Le Brun","description":"Photojournalist","publisher":{"@id":"https:\/\/frederiquelebrun.com\/#\/schema\/person\/8fd7f23683bc30ddd1a0def83e0aa245"},"potentialAction":[{"@type":"SearchAction","target":{"@type":"EntryPoint","urlTemplate":"https:\/\/frederiquelebrun.com\/?s={search_term_string}"},"query-input":{"@type":"PropertyValueSpecification","valueRequired":true,"valueName":"search_term_string"}}],"inLanguage":"en-US"},{"@type":["Person","Organization"],"@id":"https:\/\/frederiquelebrun.com\/#\/schema\/person\/8fd7f23683bc30ddd1a0def83e0aa245","name":"Fr\u00e9d\u00e9rique Le Brun","image":{"@type":"ImageObject","inLanguage":"en-US","@id":"https:\/\/i0.wp.com\/frederiquelebrun.com\/wp-content\/uploads\/2021\/11\/FLB-parc-teheran-3b.jpg?fit=960%2C720&ssl=1","url":"https:\/\/i0.wp.com\/frederiquelebrun.com\/wp-content\/uploads\/2021\/11\/FLB-parc-teheran-3b.jpg?fit=960%2C720&ssl=1","contentUrl":"https:\/\/i0.wp.com\/frederiquelebrun.com\/wp-content\/uploads\/2021\/11\/FLB-parc-teheran-3b.jpg?fit=960%2C720&ssl=1","width":960,"height":720,"caption":"Fr\u00e9d\u00e9rique Le Brun"},"logo":{"@id":"https:\/\/i0.wp.com\/frederiquelebrun.com\/wp-content\/uploads\/2021\/11\/FLB-parc-teheran-3b.jpg?fit=960%2C720&ssl=1"}},{"@type":"Person","@id":"https:\/\/frederiquelebrun.com\/#\/schema\/person\/c1aa93888d5ef1b626ec0ff9332f8cb9","name":"Fr\u00e9d\u00e9rique Le Brun","image":{"@type":"ImageObject","inLanguage":"en-US","@id":"https:\/\/secure.gravatar.com\/avatar\/17c86eb636863fb107011b32c8b907d1f3bac971b90df6c5ff54a1d059182a2a?s=96&d=mm&r=g","url":"https:\/\/secure.gravatar.com\/avatar\/17c86eb636863fb107011b32c8b907d1f3bac971b90df6c5ff54a1d059182a2a?s=96&d=mm&r=g","contentUrl":"https:\/\/secure.gravatar.com\/avatar\/17c86eb636863fb107011b32c8b907d1f3bac971b90df6c5ff54a1d059182a2a?s=96&d=mm&r=g","caption":"Fr\u00e9d\u00e9rique Le Brun"}}]}},"jetpack_featured_media_url":"https:\/\/i0.wp.com\/frederiquelebrun.com\/wp-content\/uploads\/2021\/11\/2021-09-05-manif-afghans-web-2801.jpg?fit=2048%2C2048&ssl=1","uagb_featured_image_src":{"full":["https:\/\/i0.wp.com\/frederiquelebrun.com\/wp-content\/uploads\/2021\/11\/2021-09-05-manif-afghans-web-2801.jpg?fit=2048%2C2048&ssl=1",2048,2048,false],"thumbnail":["https:\/\/i0.wp.com\/frederiquelebrun.com\/wp-content\/uploads\/2021\/11\/2021-09-05-manif-afghans-web-2801.jpg?resize=150%2C150&ssl=1",150,150,true],"medium":["https:\/\/i0.wp.com\/frederiquelebrun.com\/wp-content\/uploads\/2021\/11\/2021-09-05-manif-afghans-web-2801.jpg?fit=300%2C300&ssl=1",300,300,true],"medium_large":["https:\/\/i0.wp.com\/frederiquelebrun.com\/wp-content\/uploads\/2021\/11\/2021-09-05-manif-afghans-web-2801.jpg?fit=768%2C768&ssl=1",768,768,true],"large":["https:\/\/i0.wp.com\/frederiquelebrun.com\/wp-content\/uploads\/2021\/11\/2021-09-05-manif-afghans-web-2801.jpg?fit=1024%2C1024&ssl=1",1024,1024,true],"1536x1536":["https:\/\/i0.wp.com\/frederiquelebrun.com\/wp-content\/uploads\/2021\/11\/2021-09-05-manif-afghans-web-2801.jpg?fit=1536%2C1536&ssl=1",1536,1536,true],"2048x2048":["https:\/\/i0.wp.com\/frederiquelebrun.com\/wp-content\/uploads\/2021\/11\/2021-09-05-manif-afghans-web-2801.jpg?fit=2048%2C2048&ssl=1",2048,2048,true],"trp-custom-language-flag":["https:\/\/i0.wp.com\/frederiquelebrun.com\/wp-content\/uploads\/2021\/11\/2021-09-05-manif-afghans-web-2801.jpg?fit=12%2C12&ssl=1",12,12,true],"travelersmap-thumb":["https:\/\/i0.wp.com\/frederiquelebrun.com\/wp-content\/uploads\/2021\/11\/2021-09-05-manif-afghans-web-2801.jpg?resize=300%2C200&ssl=1",300,200,true],"vp_sm":["https:\/\/i0.wp.com\/frederiquelebrun.com\/wp-content\/uploads\/2021\/11\/2021-09-05-manif-afghans-web-2801.jpg?fit=500%2C500&ssl=1",500,500,true],"vp_md":["https:\/\/i0.wp.com\/frederiquelebrun.com\/wp-content\/uploads\/2021\/11\/2021-09-05-manif-afghans-web-2801.jpg?fit=800%2C800&ssl=1",800,800,true],"vp_lg":["https:\/\/i0.wp.com\/frederiquelebrun.com\/wp-content\/uploads\/2021\/11\/2021-09-05-manif-afghans-web-2801.jpg?fit=1280%2C1280&ssl=1",1280,1280,true],"vp_xl":["https:\/\/i0.wp.com\/frederiquelebrun.com\/wp-content\/uploads\/2021\/11\/2021-09-05-manif-afghans-web-2801.jpg?fit=1920%2C1920&ssl=1",1920,1920,true],"vp_sm_popup":["https:\/\/i0.wp.com\/frederiquelebrun.com\/wp-content\/uploads\/2021\/11\/2021-09-05-manif-afghans-web-2801.jpg?fit=500%2C500&ssl=1",500,500,true],"vp_md_popup":["https:\/\/i0.wp.com\/frederiquelebrun.com\/wp-content\/uploads\/2021\/11\/2021-09-05-manif-afghans-web-2801.jpg?fit=800%2C800&ssl=1",800,800,true],"vp_xl_popup":["https:\/\/i0.wp.com\/frederiquelebrun.com\/wp-content\/uploads\/2021\/11\/2021-09-05-manif-afghans-web-2801.jpg?fit=1920%2C1920&ssl=1",1920,1920,true],"woocommerce_thumbnail":["https:\/\/i0.wp.com\/frederiquelebrun.com\/wp-content\/uploads\/2021\/11\/2021-09-05-manif-afghans-web-2801.jpg?fit=300%2C300&ssl=1",300,300,true],"woocommerce_single":["https:\/\/i0.wp.com\/frederiquelebrun.com\/wp-content\/uploads\/2021\/11\/2021-09-05-manif-afghans-web-2801.jpg?fit=600%2C600&ssl=1",600,600,true],"woocommerce_gallery_thumbnail":["https:\/\/i0.wp.com\/frederiquelebrun.com\/wp-content\/uploads\/2021\/11\/2021-09-05-manif-afghans-web-2801.jpg?resize=100%2C100&ssl=1",100,100,true]},"uagb_author_info":{"display_name":"Fr\u00e9d\u00e9rique Le Brun","author_link":"https:\/\/frederiquelebrun.com\/en\/author\/fred\/"},"uagb_comment_info":0,"uagb_excerpt":"\u00c0 la suite de la prise de Kaboul par les talibans le 15 ao\u00fbt 2021, les Afghans de France, inquiets, se mobilisent et appellent \u00e0 la solidarit\u00e9 internationale.","jetpack_sharing_enabled":true,"jetpack-related-posts":[{"id":1794,"url":"https:\/\/frederiquelebrun.com\/en\/afghans-de-paris-contre-les-talibans\/","url_meta":{"origin":2073,"position":0},"title":"Afghans of Paris against talibans","author":"Fr\u00e9d\u00e9rique Le Brun","date":"22 August 2021","format":false,"excerpt":"2021-08-22-Paris, place de la R\u00e9publique, rassemblement de soutien au peuple afghan en r\u00e9action \u00e0 la prise de pouvoir totale des talibans sur l'Afghanistan depuis le 15 ao\u00fbt et la chute de Kaboul. Photo Fr\u00e9d\u00e9rique Le Brun","rel":"","context":"In &quot;Actu&quot;","block_context":{"text":"Actu","link":"https:\/\/frederiquelebrun.com\/en\/category\/news\/"},"img":{"alt_text":"Manifestant en soutien \u00e0 l'Afghanistan, \u00e0 Paris","src":"https:\/\/i0.wp.com\/frederiquelebrun.com\/wp-content\/uploads\/2021\/11\/2021-08-22-manif-afghanistan-18-_MG_2231-1-scaled.jpg?fit=1200%2C800&ssl=1&resize=350%2C200","width":350,"height":200,"srcset":"https:\/\/i0.wp.com\/frederiquelebrun.com\/wp-content\/uploads\/2021\/11\/2021-08-22-manif-afghanistan-18-_MG_2231-1-scaled.jpg?fit=1200%2C800&ssl=1&resize=350%2C200 1x, https:\/\/i0.wp.com\/frederiquelebrun.com\/wp-content\/uploads\/2021\/11\/2021-08-22-manif-afghanistan-18-_MG_2231-1-scaled.jpg?fit=1200%2C800&ssl=1&resize=525%2C300 1.5x, https:\/\/i0.wp.com\/frederiquelebrun.com\/wp-content\/uploads\/2021\/11\/2021-08-22-manif-afghanistan-18-_MG_2231-1-scaled.jpg?fit=1200%2C800&ssl=1&resize=700%2C400 2x, https:\/\/i0.wp.com\/frederiquelebrun.com\/wp-content\/uploads\/2021\/11\/2021-08-22-manif-afghanistan-18-_MG_2231-1-scaled.jpg?fit=1200%2C800&ssl=1&resize=1050%2C600 3x"},"classes":[]},{"id":1838,"url":"https:\/\/frederiquelebrun.com\/en\/manifestation-pour-les-droits-des-femmes-afghanes\/","url_meta":{"origin":2073,"position":1},"title":"Demonstration for the rights of Afghan women","author":"Fr\u00e9d\u00e9rique Le Brun","date":"19 September 2021","format":false,"excerpt":"2021-09-19. Paris, manifestation, de la Place de la R\u00e9publique \u00e0 H\u00f4tel de ville, en soutien aux femmes afghanes, organis\u00e9e \u00e0 l'appel de nombreuses associations f\u00e9ministes. La manifestation a rassembl\u00e9 plusieurs milliers de personnes, dont de nombreux partisans d'Ahmad Massoud, fils du moudjahidine Ahmad Shad Massoud. Ceux-ci portent le drapeau noir-blanc-vert\u2026","rel":"","context":"In &quot;Actu&quot;","block_context":{"text":"Actu","link":"https:\/\/frederiquelebrun.com\/en\/category\/news\/"},"img":{"alt_text":"Manifestation De Soutien Aux Femmes Afghanes","src":"https:\/\/i0.wp.com\/frederiquelebrun.com\/wp-content\/uploads\/2021\/11\/2021-09-19-manif-femmes-afghanes-07-_MG_4446-scaled.jpg?fit=1200%2C800&ssl=1&resize=350%2C200","width":350,"height":200,"srcset":"https:\/\/i0.wp.com\/frederiquelebrun.com\/wp-content\/uploads\/2021\/11\/2021-09-19-manif-femmes-afghanes-07-_MG_4446-scaled.jpg?fit=1200%2C800&ssl=1&resize=350%2C200 1x, https:\/\/i0.wp.com\/frederiquelebrun.com\/wp-content\/uploads\/2021\/11\/2021-09-19-manif-femmes-afghanes-07-_MG_4446-scaled.jpg?fit=1200%2C800&ssl=1&resize=525%2C300 1.5x, https:\/\/i0.wp.com\/frederiquelebrun.com\/wp-content\/uploads\/2021\/11\/2021-09-19-manif-femmes-afghanes-07-_MG_4446-scaled.jpg?fit=1200%2C800&ssl=1&resize=700%2C400 2x, https:\/\/i0.wp.com\/frederiquelebrun.com\/wp-content\/uploads\/2021\/11\/2021-09-19-manif-femmes-afghanes-07-_MG_4446-scaled.jpg?fit=1200%2C800&ssl=1&resize=1050%2C600 3x"},"classes":[]},{"id":3155,"url":"https:\/\/frederiquelebrun.com\/en\/journee-internationale-des-migrants\/","url_meta":{"origin":2073,"position":2},"title":"Solidarity March - International Migrants Day","author":"Fr\u00e9d\u00e9rique Le Brun","date":"22 December 2021","format":false,"excerpt":"Paris \u2013 18 d\u00e9cembre 2021 \u00c0 l'occasion de la Journ\u00e9e internationale des migrants, avait lieu \u00e0 Paris, entre la Place Clichy et Stalingrad, la marche des solidarit\u00e9s. Elle a rassembl\u00e9 des milliers de manifestants, 10000 selon les organisateurs. Divers collectifs de travailleurs sans-papiers, le collectif collages-refugees-paris, le NPA, le RESF,\u2026","rel":"","context":"In &quot;Actu&quot;","block_context":{"text":"Actu","link":"https:\/\/frederiquelebrun.com\/en\/category\/news\/"},"img":{"alt_text":"","src":"https:\/\/i0.wp.com\/frederiquelebrun.com\/wp-content\/uploads\/2021\/12\/2021-12-18-marche-solidarites-25-7507.jpg?fit=1200%2C800&ssl=1&resize=350%2C200","width":350,"height":200,"srcset":"https:\/\/i0.wp.com\/frederiquelebrun.com\/wp-content\/uploads\/2021\/12\/2021-12-18-marche-solidarites-25-7507.jpg?fit=1200%2C800&ssl=1&resize=350%2C200 1x, https:\/\/i0.wp.com\/frederiquelebrun.com\/wp-content\/uploads\/2021\/12\/2021-12-18-marche-solidarites-25-7507.jpg?fit=1200%2C800&ssl=1&resize=525%2C300 1.5x, https:\/\/i0.wp.com\/frederiquelebrun.com\/wp-content\/uploads\/2021\/12\/2021-12-18-marche-solidarites-25-7507.jpg?fit=1200%2C800&ssl=1&resize=700%2C400 2x, https:\/\/i0.wp.com\/frederiquelebrun.com\/wp-content\/uploads\/2021\/12\/2021-12-18-marche-solidarites-25-7507.jpg?fit=1200%2C800&ssl=1&resize=1050%2C600 3x"},"classes":[]},{"id":1826,"url":"https:\/\/frederiquelebrun.com\/en\/manifestation-contre-le-coup-detat-au-soudan\/","url_meta":{"origin":2073,"position":3},"title":"Demonstration against coup in Sudan","author":"Fr\u00e9d\u00e9rique Le Brun","date":"30 October 2021","format":false,"excerpt":"Quelques jours apr\u00e8s le coup d\u2019\u00e9tat militaire du 25 octobre au Soudan, \u00e0 la suite duquel le g\u00e9n\u00e9ral Abdel Fattah Al-Bourhane a dissous les institutions soudanaises et arr\u00eat\u00e9 la plupart des dirigeants civils, l'opposition s'est mobilis\u00e9e au Soudan, mais aussi \u00e0 l\u2019\u00e9tranger, comme ici, \u00e0 Paris, place de la R\u00e9publique,\u2026","rel":"","context":"In &quot;Actu&quot;","block_context":{"text":"Actu","link":"https:\/\/frederiquelebrun.com\/en\/category\/news\/"},"img":{"alt_text":"Manifestation Contre Le Coup D'Etat Au Soudan","src":"https:\/\/i0.wp.com\/frederiquelebrun.com\/wp-content\/uploads\/2021\/11\/2021-10-30-manif-soudan-republique-19-_MG_6127.jpg?fit=1200%2C800&ssl=1&resize=350%2C200","width":350,"height":200,"srcset":"https:\/\/i0.wp.com\/frederiquelebrun.com\/wp-content\/uploads\/2021\/11\/2021-10-30-manif-soudan-republique-19-_MG_6127.jpg?fit=1200%2C800&ssl=1&resize=350%2C200 1x, https:\/\/i0.wp.com\/frederiquelebrun.com\/wp-content\/uploads\/2021\/11\/2021-10-30-manif-soudan-republique-19-_MG_6127.jpg?fit=1200%2C800&ssl=1&resize=525%2C300 1.5x, https:\/\/i0.wp.com\/frederiquelebrun.com\/wp-content\/uploads\/2021\/11\/2021-10-30-manif-soudan-republique-19-_MG_6127.jpg?fit=1200%2C800&ssl=1&resize=700%2C400 2x, https:\/\/i0.wp.com\/frederiquelebrun.com\/wp-content\/uploads\/2021\/11\/2021-10-30-manif-soudan-republique-19-_MG_6127.jpg?fit=1200%2C800&ssl=1&resize=1050%2C600 3x"},"classes":[]},{"id":1303,"url":"https:\/\/frederiquelebrun.com\/en\/manif-alep-beaubourg\/","url_meta":{"origin":2073,"position":4},"title":"Manif Alep Beaubourg","author":"Fr\u00e9d\u00e9rique Le Brun","date":"14 December 2016","format":false,"excerpt":"Manifestation de soutien \u00e0 Alep, depuis beaubourg \u00e0 Paris.","rel":"","context":"In &quot;Actu&quot;","block_context":{"text":"Actu","link":"https:\/\/frederiquelebrun.com\/en\/category\/news\/"},"img":{"alt_text":"Rassemblement Pour Alep","src":"https:\/\/i0.wp.com\/frederiquelebrun.com\/wp-content\/uploads\/2021\/11\/2016-12-14-manif-alep-beaubourg-02-scaled.jpg?fit=1200%2C800&ssl=1&resize=350%2C200","width":350,"height":200,"srcset":"https:\/\/i0.wp.com\/frederiquelebrun.com\/wp-content\/uploads\/2021\/11\/2016-12-14-manif-alep-beaubourg-02-scaled.jpg?fit=1200%2C800&ssl=1&resize=350%2C200 1x, https:\/\/i0.wp.com\/frederiquelebrun.com\/wp-content\/uploads\/2021\/11\/2016-12-14-manif-alep-beaubourg-02-scaled.jpg?fit=1200%2C800&ssl=1&resize=525%2C300 1.5x, https:\/\/i0.wp.com\/frederiquelebrun.com\/wp-content\/uploads\/2021\/11\/2016-12-14-manif-alep-beaubourg-02-scaled.jpg?fit=1200%2C800&ssl=1&resize=700%2C400 2x, https:\/\/i0.wp.com\/frederiquelebrun.com\/wp-content\/uploads\/2021\/11\/2016-12-14-manif-alep-beaubourg-02-scaled.jpg?fit=1200%2C800&ssl=1&resize=1050%2C600 3x"},"classes":[]},{"id":1796,"url":"https:\/\/frederiquelebrun.com\/en\/commemoration-du-17-octobre-1961\/","url_meta":{"origin":2073,"position":5},"title":"Commemoration of October 17, 1961","author":"Fr\u00e9d\u00e9rique Le Brun","date":"18 October 2021","format":false,"excerpt":"2021-10-17- Paris. Aujourd'hui avait lieu entre Bonne-Nouvelle (devant le cin\u00e9ma Rex) et la place du Chatelet \u00e0 Paris, une manifestation de comm\u00e9moration du 17 octobre 1961, jour o\u00f9 avait eu lieu sur ce m\u00eame trajet \u00e0 peu pr\u00e8s une manifestation en faveur de l'ind\u00e9pendance de l'Alg\u00e9rie, manifestation au cours de\u2026","rel":"","context":"In &quot;Actu&quot;","block_context":{"text":"Actu","link":"https:\/\/frederiquelebrun.com\/en\/category\/news\/"},"img":{"alt_text":"Comm\u00e9moration Du 17 Octobre 1961","src":"https:\/\/i0.wp.com\/frederiquelebrun.com\/wp-content\/uploads\/2021\/11\/2021-10-17-manif-17oct61-18-_MG_5873.jpg?fit=1200%2C800&ssl=1&resize=350%2C200","width":350,"height":200,"srcset":"https:\/\/i0.wp.com\/frederiquelebrun.com\/wp-content\/uploads\/2021\/11\/2021-10-17-manif-17oct61-18-_MG_5873.jpg?fit=1200%2C800&ssl=1&resize=350%2C200 1x, https:\/\/i0.wp.com\/frederiquelebrun.com\/wp-content\/uploads\/2021\/11\/2021-10-17-manif-17oct61-18-_MG_5873.jpg?fit=1200%2C800&ssl=1&resize=525%2C300 1.5x, https:\/\/i0.wp.com\/frederiquelebrun.com\/wp-content\/uploads\/2021\/11\/2021-10-17-manif-17oct61-18-_MG_5873.jpg?fit=1200%2C800&ssl=1&resize=700%2C400 2x, https:\/\/i0.wp.com\/frederiquelebrun.com\/wp-content\/uploads\/2021\/11\/2021-10-17-manif-17oct61-18-_MG_5873.jpg?fit=1200%2C800&ssl=1&resize=1050%2C600 3x"},"classes":[]}],"_links":{"self":[{"href":"https:\/\/frederiquelebrun.com\/en\/wp-json\/wp\/v2\/posts\/2073","targetHints":{"allow":["GET"]}}],"collection":[{"href":"https:\/\/frederiquelebrun.com\/en\/wp-json\/wp\/v2\/posts"}],"about":[{"href":"https:\/\/frederiquelebrun.com\/en\/wp-json\/wp\/v2\/types\/post"}],"author":[{"embeddable":true,"href":"https:\/\/frederiquelebrun.com\/en\/wp-json\/wp\/v2\/users\/3"}],"replies":[{"embeddable":true,"href":"https:\/\/frederiquelebrun.com\/en\/wp-json\/wp\/v2\/comments?post=2073"}],"version-history":[{"count":0,"href":"https:\/\/frederiquelebrun.com\/en\/wp-json\/wp\/v2\/posts\/2073\/revisions"}],"wp:featuredmedia":[{"embeddable":true,"href":"https:\/\/frederiquelebrun.com\/en\/wp-json\/wp\/v2\/media\/2085"}],"wp:attachment":[{"href":"https:\/\/frederiquelebrun.com\/en\/wp-json\/wp\/v2\/media?parent=2073"}],"wp:term":[{"taxonomy":"category","embeddable":true,"href":"https:\/\/frederiquelebrun.com\/en\/wp-json\/wp\/v2\/categories?post=2073"},{"taxonomy":"post_tag","embeddable":true,"href":"https:\/\/frederiquelebrun.com\/en\/wp-json\/wp\/v2\/tags?post=2073"}],"curies":[{"name":"wp","href":"https:\/\/api.w.org\/{rel}","templated":true}]}}