{"id":731,"date":"2020-11-24T11:09:34","date_gmt":"2020-11-24T10:09:34","guid":{"rendered":"https:\/\/frederiquelebrun.com\/?p=731"},"modified":"2021-12-23T11:42:11","modified_gmt":"2021-12-23T10:42:11","slug":"exiles-campement-de-saint-denis","status":"publish","type":"post","link":"https:\/\/frederiquelebrun.com\/en\/exiles-campement-de-saint-denis\/","title":{"rendered":"Exiles at the Saint-Denis camp"},"content":{"rendered":"<div class=\"wp-block-columns is-layout-flex wp-container-core-columns-is-layout-28f84493 wp-block-columns-is-layout-flex\">\n<div class=\"wp-block-column is-layout-flow wp-block-column-is-layout-flow\" style=\"flex-basis:100%\">\n<p class=\"has-medium-font-size\">Paris - August-November 2020<\/p>\n<\/div>\n<\/div>\n\n\n\n<div class=\"wp-block-columns is-layout-flex wp-container-core-columns-is-layout-28f84493 wp-block-columns-is-layout-flex\">\n<div class=\"wp-block-column is-layout-flow wp-block-column-is-layout-flow\" style=\"flex-basis:100%\">\n<p style=\"font-size:17px\">Saint-Denis, Porte de Paris (Seine-Saint-Denis). In recent weeks, dozens of exiles (Afghans, but also Somalis, Sudanese, Bangladeshis ...) have settled in a camp under the A1 motorway slip road in Saint-Denis, 100 m from the Stade de France. Without toilets, with only one point of drinking water at the start, the young men live in very harsh conditions. Some don't even have a tent for shelter at night. They depend on food distributions for their meals.<\/p>\n\n\n\n<p style=\"font-size:17px\">Victims of assaults, theft, and incursions by the police who sometimes spray them with tear gas, they express their fatigue and their anger about the reception conditions of asylum seekers in France. Exiles spend a lot of time on their mobile phones trying to reach OFII (French Office for Immigration and Integration). They try to get an appointment to officially declare their arrival in France. The association Solidarit\u00e9 Migrants Wilson, which bring meals to the camp, estimated their number at 800 on September 9, and more than 2,000 in early November. They were 33 in mid-August ...<\/p>\n<\/div>\n<\/div>\n\n\n<div class=\"wp-block-visual-portfolio\">\n<div class=\"vp-portfolio vp-uid-232a4bcd vp-id-IU4Nv\"\n\tdata-vp-layout=\"masonry\" data-vp-content-source=\"images\" data-vp-items-style=\"default\" data-vp-items-click-action=\"popup_gallery\" data-vp-items-gap=\"15\" data-vp-items-gap-vertical=\"\" data-vp-pagination=\"load-more\" data-vp-next-page-url=\"\" data-vp-masonry-columns=\"3\" >\n\t<div class=\"vp-portfolio__preloader-wrap\">\n\t\t<div class=\"vp-portfolio__preloader\">\n\t\t\t<img decoding=\"async\" loading=\"eager\" src=\"https:\/\/frederiquelebrun.com\/wp-content\/plugins\/visual-portfolio\/assets\/images\/logo-dark.svg\" alt=\"Visual Portfolio, Posts &amp; Image Gallery for WordPress\" width=\"20\" height=\"20\" data-skip-lazy>\n\t\t<\/div>\n\t<\/div>\n\t\t<div class=\"vp-portfolio__items-wrap\">\n\t\t\t\n<div class=\"vp-portfolio__items vp-portfolio__items-style-default vp-portfolio__items-show-overlay-hover\">\n\n\t\t<div\t\tclass=\"vp-portfolio__item-wrap vp-portfolio__item-uid-b42c2954\" data-vp-filter=\"\" \t\t>\n\t\t\t<template class=\"vp-portfolio__item-popup\" data-vp-popup-img=\"https:\/\/i0.wp.com\/frederiquelebrun.com\/wp-content\/uploads\/2021\/10\/01-2020-08-25-WP-FLB-camp-saint-denis-IMG_5578.jpg?fit=1920%2C1280&#038;ssl=1\" data-vp-popup-img-srcset=\"https:\/\/i0.wp.com\/frederiquelebrun.com\/wp-content\/uploads\/2021\/10\/01-2020-08-25-WP-FLB-camp-saint-denis-IMG_5578.jpg?w=2048&amp;ssl=1 2048w, https:\/\/i0.wp.com\/frederiquelebrun.com\/wp-content\/uploads\/2021\/10\/01-2020-08-25-WP-FLB-camp-saint-denis-IMG_5578.jpg?resize=300%2C200&amp;ssl=1 300w, https:\/\/i0.wp.com\/frederiquelebrun.com\/wp-content\/uploads\/2021\/10\/01-2020-08-25-WP-FLB-camp-saint-denis-IMG_5578.jpg?resize=600%2C400&amp;ssl=1 600w, https:\/\/i0.wp.com\/frederiquelebrun.com\/wp-content\/uploads\/2021\/10\/01-2020-08-25-WP-FLB-camp-saint-denis-IMG_5578.jpg?resize=1024%2C683&amp;ssl=1 1024w, https:\/\/i0.wp.com\/frederiquelebrun.com\/wp-content\/uploads\/2021\/10\/01-2020-08-25-WP-FLB-camp-saint-denis-IMG_5578.jpg?resize=768%2C512&amp;ssl=1 768w, https:\/\/i0.wp.com\/frederiquelebrun.com\/wp-content\/uploads\/2021\/10\/01-2020-08-25-WP-FLB-camp-saint-denis-IMG_5578.jpg?resize=1536%2C1024&amp;ssl=1 1536w\" data-vp-popup-img-size=\"1920x1280\" data-vp-popup-md-img=\"https:\/\/i0.wp.com\/frederiquelebrun.com\/wp-content\/uploads\/2021\/10\/01-2020-08-25-WP-FLB-camp-saint-denis-IMG_5578.jpg?fit=800%2C533&#038;ssl=1\" data-vp-popup-md-img-size=\"800x533\" data-vp-popup-sm-img=\"https:\/\/i0.wp.com\/frederiquelebrun.com\/wp-content\/uploads\/2021\/10\/01-2020-08-25-WP-FLB-camp-saint-denis-IMG_5578.jpg?fit=500%2C333&#038;ssl=1\" data-vp-popup-sm-img-size=\"500x333\">\n\t\t\t<div class=\"vp-portfolio__item-popup-description\">2020-08 et 2020-09. Saint-Denis, Porte de Paris (Seine-Saint-Denis). Depuis quelques semaines, des dizaines de r\u00e9fugi\u00e9s de diverses nationalit\u00e9s (en majorit\u00e9 des Afghans, mais aussi des Somaliens, Bangladais, Kurdes d&#8217;Iran\u2026) se sont install\u00e9s \u00e0 la Porte de Paris (Saint-Denis), sous une bretelle de l\u2019autoroute A1, \u00e0 100 m du stade de France. Sans toilettes, avec un seul point d\u2019eau potable, d\u00e9pendant des maraudes associatives pour leur repas, les jeunes hommes (la plupart ont moins de 30 ans) vivent dans des conditions difficiles, certains n&#8217;ayant m\u00eame pas de tente pour s&#8217;abriter la nuit. Victime d&#8217;agressions, de vol, et d\u2019incursions r\u00e9p\u00e9titives de la police qui parfois les asperge de gaz lacrymog\u00e8ne, ils expriment leur d\u00e9sarroi, leur \u00e9tonnement face aux conditions d&#8217;accueil des demandeurs d&#8217;asile par l\u2019\u00c9tat fran\u00e7ais. Pendant la journ\u00e9e, les r\u00e9fugi\u00e9s passent beaucoup de temps sur leur t\u00e9l\u00e9phone, surtout pour essayer\u00a0 de joindre l&#8217;OFII (Office fran\u00e7ais de l&#8217;immigration et de l&#8217;int\u00e9gration) pour d\u00e9crocher un rendez-vous afin de d\u00e9clarer officiellement leur arriv\u00e9e en France. Alors qu&#8217;ils \u00e9taient environ 33 \u00e0 la mi-ao\u00fbt, l&#8217;association Solidarit\u00e9 Migrants Wilson, qui effectue des maraudes pour apporter des repas sur le campement estimait leur nombre \u00e0 800 le 9 septembre. Photo : Fr\u00e9d\u00e9rique Le Brun<\/div>\n\t\t<\/template>\n\t\t\t\t\t\t<figure class=\"vp-portfolio__item\">\n\t\t\t\t\n<div class=\"vp-portfolio__item-img-wrap\">\n\t<div class=\"vp-portfolio__item-img\">\n\t\t\t<a\n\t\thref=\"https:\/\/i0.wp.com\/frederiquelebrun.com\/wp-content\/uploads\/2021\/10\/01-2020-08-25-WP-FLB-camp-saint-denis-IMG_5578.jpg?fit=1920%2C1280&#038;ssl=1\"\n\t\taria-label=\"\u00c9T\u00c9 2020-Campement migrants-Saint-Denis-Porte de Paris\" \t>\n\t\n\t\t<noscript><img fetchpriority=\"high\" decoding=\"async\" width=\"1920\" height=\"1280\" data-skip-lazy src=\"https:\/\/i0.wp.com\/frederiquelebrun.com\/wp-content\/uploads\/2021\/10\/01-2020-08-25-WP-FLB-camp-saint-denis-IMG_5578.jpg?fit=1920%2C1280&amp;ssl=1\" class=\"wp-image-470\" alt=\"Campement migrants Saint-Denis \u00e9vacutation\" srcset=\"https:\/\/i0.wp.com\/frederiquelebrun.com\/wp-content\/uploads\/2021\/10\/01-2020-08-25-WP-FLB-camp-saint-denis-IMG_5578.jpg?w=2048&amp;ssl=1 2048w, https:\/\/i0.wp.com\/frederiquelebrun.com\/wp-content\/uploads\/2021\/10\/01-2020-08-25-WP-FLB-camp-saint-denis-IMG_5578.jpg?resize=300%2C200&amp;ssl=1 300w, https:\/\/i0.wp.com\/frederiquelebrun.com\/wp-content\/uploads\/2021\/10\/01-2020-08-25-WP-FLB-camp-saint-denis-IMG_5578.jpg?resize=600%2C400&amp;ssl=1 600w, https:\/\/i0.wp.com\/frederiquelebrun.com\/wp-content\/uploads\/2021\/10\/01-2020-08-25-WP-FLB-camp-saint-denis-IMG_5578.jpg?resize=1024%2C683&amp;ssl=1 1024w, https:\/\/i0.wp.com\/frederiquelebrun.com\/wp-content\/uploads\/2021\/10\/01-2020-08-25-WP-FLB-camp-saint-denis-IMG_5578.jpg?resize=768%2C512&amp;ssl=1 768w, https:\/\/i0.wp.com\/frederiquelebrun.com\/wp-content\/uploads\/2021\/10\/01-2020-08-25-WP-FLB-camp-saint-denis-IMG_5578.jpg?resize=1536%2C1024&amp;ssl=1 1536w\" sizes=\"(max-width: 1000px) 100vw, 1000px\" \/><\/noscript><img decoding=\"async\" width=\"1920\" height=\"1280\" src=\"https:\/\/i0.wp.com\/frederiquelebrun.com\/wp-content\/uploads\/2021\/10\/01-2020-08-25-WP-FLB-camp-saint-denis-IMG_5578.jpg?fit=1920%2C1280&amp;ssl=1\" class=\"wp-image-470 vp-lazyload\" alt=\"Campement migrants Saint-Denis \u00e9vacutation\" srcset=\"data:image\/svg+xml;base64,PHN2ZyB3aWR0aD0iMTkyMCIgaGVpZ2h0PSIxMjgwIiB2aWV3Qm94PSIwIDAgMTkyMCAxMjgwIiBmaWxsPSJub25lIiB4bWxucz0iaHR0cDovL3d3dy53My5vcmcvMjAwMC9zdmciPjwvc3ZnPg==\" data-src=\"https:\/\/i0.wp.com\/frederiquelebrun.com\/wp-content\/uploads\/2021\/10\/01-2020-08-25-WP-FLB-camp-saint-denis-IMG_5578.jpg?fit=1920%2C1280&amp;ssl=1\" data-srcset=\"https:\/\/i0.wp.com\/frederiquelebrun.com\/wp-content\/uploads\/2021\/10\/01-2020-08-25-WP-FLB-camp-saint-denis-IMG_5578.jpg?w=2048&amp;ssl=1 2048w, https:\/\/i0.wp.com\/frederiquelebrun.com\/wp-content\/uploads\/2021\/10\/01-2020-08-25-WP-FLB-camp-saint-denis-IMG_5578.jpg?resize=300%2C200&amp;ssl=1 300w, https:\/\/i0.wp.com\/frederiquelebrun.com\/wp-content\/uploads\/2021\/10\/01-2020-08-25-WP-FLB-camp-saint-denis-IMG_5578.jpg?resize=600%2C400&amp;ssl=1 600w, https:\/\/i0.wp.com\/frederiquelebrun.com\/wp-content\/uploads\/2021\/10\/01-2020-08-25-WP-FLB-camp-saint-denis-IMG_5578.jpg?resize=1024%2C683&amp;ssl=1 1024w, https:\/\/i0.wp.com\/frederiquelebrun.com\/wp-content\/uploads\/2021\/10\/01-2020-08-25-WP-FLB-camp-saint-denis-IMG_5578.jpg?resize=768%2C512&amp;ssl=1 768w, https:\/\/i0.wp.com\/frederiquelebrun.com\/wp-content\/uploads\/2021\/10\/01-2020-08-25-WP-FLB-camp-saint-denis-IMG_5578.jpg?resize=1536%2C1024&amp;ssl=1 1536w\" data-sizes=\"auto\" loading=\"eager\">\n\t\t<div class=\"vp-portfolio__item-overlay\">\n\t\t\t\t\t<\/div>\n\n\t\t<\/a>\t<\/div>\n<\/div>\n\n\t\t\t<\/figure>\n\t\t\t\t\t<\/div>\n\t\t\n\t\t<div\t\tclass=\"vp-portfolio__item-wrap vp-portfolio__item-uid-7b977ea7\" data-vp-filter=\"\" \t\t>\n\t\t\t<template class=\"vp-portfolio__item-popup\" data-vp-popup-img=\"https:\/\/i0.wp.com\/frederiquelebrun.com\/wp-content\/uploads\/2021\/10\/02-2020-08-25-WP-FLB-camp-saint-denis-IMG_5813.jpg?fit=1920%2C1280&#038;ssl=1\" data-vp-popup-img-srcset=\"https:\/\/i0.wp.com\/frederiquelebrun.com\/wp-content\/uploads\/2021\/10\/02-2020-08-25-WP-FLB-camp-saint-denis-IMG_5813.jpg?w=2048&amp;ssl=1 2048w, https:\/\/i0.wp.com\/frederiquelebrun.com\/wp-content\/uploads\/2021\/10\/02-2020-08-25-WP-FLB-camp-saint-denis-IMG_5813.jpg?resize=300%2C200&amp;ssl=1 300w, https:\/\/i0.wp.com\/frederiquelebrun.com\/wp-content\/uploads\/2021\/10\/02-2020-08-25-WP-FLB-camp-saint-denis-IMG_5813.jpg?resize=600%2C400&amp;ssl=1 600w\" data-vp-popup-img-size=\"1920x1280\" data-vp-popup-md-img=\"https:\/\/i0.wp.com\/frederiquelebrun.com\/wp-content\/uploads\/2021\/10\/02-2020-08-25-WP-FLB-camp-saint-denis-IMG_5813.jpg?fit=800%2C533&#038;ssl=1\" data-vp-popup-md-img-size=\"800x533\" data-vp-popup-sm-img=\"https:\/\/i0.wp.com\/frederiquelebrun.com\/wp-content\/uploads\/2021\/10\/02-2020-08-25-WP-FLB-camp-saint-denis-IMG_5813.jpg?fit=500%2C333&#038;ssl=1\" data-vp-popup-sm-img-size=\"500x333\">\n\t\t\t<div class=\"vp-portfolio__item-popup-description\">2020-08 et 2020-09. Saint-Denis, Porte de Paris (Seine-Saint-Denis). Depuis quelques semaines, des dizaines de r\u00e9fugi\u00e9s de diverses nationalit\u00e9s (en majorit\u00e9 des Afghans, mais aussi des Somaliens, Bangladais, Kurdes d&#8217;Iran\u2026) se sont install\u00e9s \u00e0 la Porte de Paris (Saint-Denis), sous une bretelle de l\u2019autoroute A1, \u00e0 100 m du stade de France. Sans toilettes, avec un seul point d\u2019eau potable, d\u00e9pendant des maraudes associatives pour leur repas, les jeunes hommes (la plupart ont moins de 30 ans) vivent dans des conditions difficiles, certains n&#8217;ayant m\u00eame pas de tente pour s&#8217;abriter la nuit. Victime d&#8217;agressions, de vol, et d\u2019incursions r\u00e9p\u00e9titives de la police qui parfois les asperge de gaz lacrymog\u00e8ne, ils expriment leur d\u00e9sarroi, leur \u00e9tonnement face aux conditions d&#8217;accueil des demandeurs d&#8217;asile par l\u2019\u00c9tat fran\u00e7ais. Pendant la journ\u00e9e, les r\u00e9fugi\u00e9s passent beaucoup de temps sur leur t\u00e9l\u00e9phone, surtout pour essayer\u00a0 de joindre l&#8217;OFII (Office fran\u00e7ais de l&#8217;immigration et de l&#8217;int\u00e9gration) pour d\u00e9crocher un rendez-vous afin de d\u00e9clarer officiellement leur arriv\u00e9e en France. Alors qu&#8217;ils \u00e9taient environ 33 \u00e0 la mi-ao\u00fbt, l&#8217;association Solidarit\u00e9 Migrants Wilson, qui effectue des maraudes pour apporter des repas sur le campement estimait leur nombre \u00e0 800 le 9 septembre. Photo : Fr\u00e9d\u00e9rique Le Brun<\/div>\n\t\t<\/template>\n\t\t\t\t\t\t<figure class=\"vp-portfolio__item\">\n\t\t\t\t\n<div class=\"vp-portfolio__item-img-wrap\">\n\t<div class=\"vp-portfolio__item-img\">\n\t\t\t<a\n\t\thref=\"https:\/\/i0.wp.com\/frederiquelebrun.com\/wp-content\/uploads\/2021\/10\/02-2020-08-25-WP-FLB-camp-saint-denis-IMG_5813.jpg?fit=1920%2C1280&#038;ssl=1\"\n\t\taria-label=\"\u00c9T\u00c9 2020-Campement migrants-Saint-Denis-Porte de Paris\" \t>\n\t\n\t\t<noscript><img decoding=\"async\" width=\"1920\" height=\"1280\" data-skip-lazy src=\"https:\/\/i0.wp.com\/frederiquelebrun.com\/wp-content\/uploads\/2021\/10\/02-2020-08-25-WP-FLB-camp-saint-denis-IMG_5813.jpg?fit=1920%2C1280&amp;ssl=1\" class=\"wp-image-471\" alt=\"Campement migrants Saint-Denis \u00e9vacutation\" srcset=\"https:\/\/i0.wp.com\/frederiquelebrun.com\/wp-content\/uploads\/2021\/10\/02-2020-08-25-WP-FLB-camp-saint-denis-IMG_5813.jpg?w=2048&amp;ssl=1 2048w, https:\/\/i0.wp.com\/frederiquelebrun.com\/wp-content\/uploads\/2021\/10\/02-2020-08-25-WP-FLB-camp-saint-denis-IMG_5813.jpg?resize=300%2C200&amp;ssl=1 300w, https:\/\/i0.wp.com\/frederiquelebrun.com\/wp-content\/uploads\/2021\/10\/02-2020-08-25-WP-FLB-camp-saint-denis-IMG_5813.jpg?resize=600%2C400&amp;ssl=1 600w\" sizes=\"(max-width: 1000px) 100vw, 1000px\" \/><\/noscript><img decoding=\"async\" width=\"1920\" height=\"1280\" src=\"https:\/\/i0.wp.com\/frederiquelebrun.com\/wp-content\/uploads\/2021\/10\/02-2020-08-25-WP-FLB-camp-saint-denis-IMG_5813.jpg?fit=1920%2C1280&amp;ssl=1\" class=\"wp-image-471 vp-lazyload\" alt=\"Campement migrants Saint-Denis \u00e9vacutation\" srcset=\"data:image\/svg+xml;base64,PHN2ZyB3aWR0aD0iMTkyMCIgaGVpZ2h0PSIxMjgwIiB2aWV3Qm94PSIwIDAgMTkyMCAxMjgwIiBmaWxsPSJub25lIiB4bWxucz0iaHR0cDovL3d3dy53My5vcmcvMjAwMC9zdmciPjwvc3ZnPg==\" data-src=\"https:\/\/i0.wp.com\/frederiquelebrun.com\/wp-content\/uploads\/2021\/10\/02-2020-08-25-WP-FLB-camp-saint-denis-IMG_5813.jpg?fit=1920%2C1280&amp;ssl=1\" data-srcset=\"https:\/\/i0.wp.com\/frederiquelebrun.com\/wp-content\/uploads\/2021\/10\/02-2020-08-25-WP-FLB-camp-saint-denis-IMG_5813.jpg?w=2048&amp;ssl=1 2048w, https:\/\/i0.wp.com\/frederiquelebrun.com\/wp-content\/uploads\/2021\/10\/02-2020-08-25-WP-FLB-camp-saint-denis-IMG_5813.jpg?resize=300%2C200&amp;ssl=1 300w, https:\/\/i0.wp.com\/frederiquelebrun.com\/wp-content\/uploads\/2021\/10\/02-2020-08-25-WP-FLB-camp-saint-denis-IMG_5813.jpg?resize=600%2C400&amp;ssl=1 600w\" data-sizes=\"auto\" loading=\"eager\">\n\t\t<div class=\"vp-portfolio__item-overlay\">\n\t\t\t\t\t<\/div>\n\n\t\t<\/a>\t<\/div>\n<\/div>\n\n\t\t\t<\/figure>\n\t\t\t\t\t<\/div>\n\t\t\n\t\t<div\t\tclass=\"vp-portfolio__item-wrap vp-portfolio__item-uid-f02b80f3\" data-vp-filter=\"\" \t\t>\n\t\t\t<template class=\"vp-portfolio__item-popup\" data-vp-popup-img=\"https:\/\/i0.wp.com\/frederiquelebrun.com\/wp-content\/uploads\/2021\/10\/03-2020-08-27-WP-FLB-camp-saint-denis-IMG_6214.jpg?fit=1920%2C1280&#038;ssl=1\" data-vp-popup-img-srcset=\"https:\/\/i0.wp.com\/frederiquelebrun.com\/wp-content\/uploads\/2021\/10\/03-2020-08-27-WP-FLB-camp-saint-denis-IMG_6214.jpg?w=2048&amp;ssl=1 2048w, https:\/\/i0.wp.com\/frederiquelebrun.com\/wp-content\/uploads\/2021\/10\/03-2020-08-27-WP-FLB-camp-saint-denis-IMG_6214.jpg?resize=300%2C200&amp;ssl=1 300w, https:\/\/i0.wp.com\/frederiquelebrun.com\/wp-content\/uploads\/2021\/10\/03-2020-08-27-WP-FLB-camp-saint-denis-IMG_6214.jpg?resize=600%2C400&amp;ssl=1 600w, https:\/\/i0.wp.com\/frederiquelebrun.com\/wp-content\/uploads\/2021\/10\/03-2020-08-27-WP-FLB-camp-saint-denis-IMG_6214.jpg?resize=1024%2C683&amp;ssl=1 1024w, https:\/\/i0.wp.com\/frederiquelebrun.com\/wp-content\/uploads\/2021\/10\/03-2020-08-27-WP-FLB-camp-saint-denis-IMG_6214.jpg?resize=768%2C512&amp;ssl=1 768w, https:\/\/i0.wp.com\/frederiquelebrun.com\/wp-content\/uploads\/2021\/10\/03-2020-08-27-WP-FLB-camp-saint-denis-IMG_6214.jpg?resize=1536%2C1024&amp;ssl=1 1536w\" data-vp-popup-img-size=\"1920x1280\" data-vp-popup-md-img=\"https:\/\/i0.wp.com\/frederiquelebrun.com\/wp-content\/uploads\/2021\/10\/03-2020-08-27-WP-FLB-camp-saint-denis-IMG_6214.jpg?fit=800%2C533&#038;ssl=1\" data-vp-popup-md-img-size=\"800x533\" data-vp-popup-sm-img=\"https:\/\/i0.wp.com\/frederiquelebrun.com\/wp-content\/uploads\/2021\/10\/03-2020-08-27-WP-FLB-camp-saint-denis-IMG_6214.jpg?fit=500%2C333&#038;ssl=1\" data-vp-popup-sm-img-size=\"500x333\">\n\t\t\t<div class=\"vp-portfolio__item-popup-description\">2020-08 et 2020-09. Saint-Denis, Porte de Paris (Seine-Saint-Denis). Depuis quelques semaines, des dizaines de r\u00e9fugi\u00e9s de diverses nationalit\u00e9s (en majorit\u00e9 des Afghans, mais aussi des Somaliens, Bangladais, Kurdes d&#8217;Iran\u2026) se sont install\u00e9s \u00e0 la Porte de Paris (Saint-Denis), sous une bretelle de l\u2019autoroute A1, \u00e0 100 m du stade de France. Sans toilettes, avec un seul point d\u2019eau potable, d\u00e9pendant des maraudes associatives pour leur repas, les jeunes hommes (la plupart ont moins de 30 ans) vivent dans des conditions difficiles, certains n&#8217;ayant m\u00eame pas de tente pour s&#8217;abriter la nuit. Victime d&#8217;agressions, de vol, et d\u2019incursions r\u00e9p\u00e9titives de la police qui parfois les asperge de gaz lacrymog\u00e8ne, ils expriment leur d\u00e9sarroi, leur \u00e9tonnement face aux conditions d&#8217;accueil des demandeurs d&#8217;asile par l\u2019\u00c9tat fran\u00e7ais. Pendant la journ\u00e9e, les r\u00e9fugi\u00e9s passent beaucoup de temps sur leur t\u00e9l\u00e9phone, surtout pour essayer\u00a0 de joindre l&#8217;OFII (Office fran\u00e7ais de l&#8217;immigration et de l&#8217;int\u00e9gration) pour d\u00e9crocher un rendez-vous afin de d\u00e9clarer officiellement leur arriv\u00e9e en France. Alors qu&#8217;ils \u00e9taient environ 300 \u00e0 la mi-ao\u00fbt, l&#8217;association Solidarit\u00e9 Migrants Wilson, qui effectue des maraudes pour apporter des repas sur le campement estimait leur nombre \u00e0 800 le 9 septembre. Sur cette photo: le 27 ao\u00fbt, la Police municpale d\u00e9loge ceux qui se sont install\u00e9s sur le terre-plein et leur demande de mettre les tentes uniquement sur le c\u00f4t\u00e9. Photo : Fr\u00e9d\u00e9rique Le Brun<\/div>\n\t\t<\/template>\n\t\t\t\t\t\t<figure class=\"vp-portfolio__item\">\n\t\t\t\t\n<div class=\"vp-portfolio__item-img-wrap\">\n\t<div class=\"vp-portfolio__item-img\">\n\t\t\t<a\n\t\thref=\"https:\/\/i0.wp.com\/frederiquelebrun.com\/wp-content\/uploads\/2021\/10\/03-2020-08-27-WP-FLB-camp-saint-denis-IMG_6214.jpg?fit=1920%2C1280&#038;ssl=1\"\n\t\taria-label=\"\u00c9T\u00c9 2020-Campement migrants-Saint-Denis-Porte de Paris\" \t>\n\t\n\t\t<noscript><img decoding=\"async\" width=\"1920\" height=\"1280\" data-skip-lazy src=\"https:\/\/i0.wp.com\/frederiquelebrun.com\/wp-content\/uploads\/2021\/10\/03-2020-08-27-WP-FLB-camp-saint-denis-IMG_6214.jpg?fit=1920%2C1280&amp;ssl=1\" class=\"wp-image-472\" alt=\"Campement migrants Saint-Denis \u00e9vacutation\" srcset=\"https:\/\/i0.wp.com\/frederiquelebrun.com\/wp-content\/uploads\/2021\/10\/03-2020-08-27-WP-FLB-camp-saint-denis-IMG_6214.jpg?w=2048&amp;ssl=1 2048w, https:\/\/i0.wp.com\/frederiquelebrun.com\/wp-content\/uploads\/2021\/10\/03-2020-08-27-WP-FLB-camp-saint-denis-IMG_6214.jpg?resize=300%2C200&amp;ssl=1 300w, https:\/\/i0.wp.com\/frederiquelebrun.com\/wp-content\/uploads\/2021\/10\/03-2020-08-27-WP-FLB-camp-saint-denis-IMG_6214.jpg?resize=600%2C400&amp;ssl=1 600w, https:\/\/i0.wp.com\/frederiquelebrun.com\/wp-content\/uploads\/2021\/10\/03-2020-08-27-WP-FLB-camp-saint-denis-IMG_6214.jpg?resize=1024%2C683&amp;ssl=1 1024w, https:\/\/i0.wp.com\/frederiquelebrun.com\/wp-content\/uploads\/2021\/10\/03-2020-08-27-WP-FLB-camp-saint-denis-IMG_6214.jpg?resize=768%2C512&amp;ssl=1 768w, https:\/\/i0.wp.com\/frederiquelebrun.com\/wp-content\/uploads\/2021\/10\/03-2020-08-27-WP-FLB-camp-saint-denis-IMG_6214.jpg?resize=1536%2C1024&amp;ssl=1 1536w\" sizes=\"(max-width: 1000px) 100vw, 1000px\" \/><\/noscript><img decoding=\"async\" width=\"1920\" height=\"1280\" src=\"https:\/\/i0.wp.com\/frederiquelebrun.com\/wp-content\/uploads\/2021\/10\/03-2020-08-27-WP-FLB-camp-saint-denis-IMG_6214.jpg?fit=1920%2C1280&amp;ssl=1\" class=\"wp-image-472 vp-lazyload\" alt=\"Campement migrants Saint-Denis \u00e9vacutation\" srcset=\"data:image\/svg+xml;base64,PHN2ZyB3aWR0aD0iMTkyMCIgaGVpZ2h0PSIxMjgwIiB2aWV3Qm94PSIwIDAgMTkyMCAxMjgwIiBmaWxsPSJub25lIiB4bWxucz0iaHR0cDovL3d3dy53My5vcmcvMjAwMC9zdmciPjwvc3ZnPg==\" data-src=\"https:\/\/i0.wp.com\/frederiquelebrun.com\/wp-content\/uploads\/2021\/10\/03-2020-08-27-WP-FLB-camp-saint-denis-IMG_6214.jpg?fit=1920%2C1280&amp;ssl=1\" data-srcset=\"https:\/\/i0.wp.com\/frederiquelebrun.com\/wp-content\/uploads\/2021\/10\/03-2020-08-27-WP-FLB-camp-saint-denis-IMG_6214.jpg?w=2048&amp;ssl=1 2048w, https:\/\/i0.wp.com\/frederiquelebrun.com\/wp-content\/uploads\/2021\/10\/03-2020-08-27-WP-FLB-camp-saint-denis-IMG_6214.jpg?resize=300%2C200&amp;ssl=1 300w, https:\/\/i0.wp.com\/frederiquelebrun.com\/wp-content\/uploads\/2021\/10\/03-2020-08-27-WP-FLB-camp-saint-denis-IMG_6214.jpg?resize=600%2C400&amp;ssl=1 600w, https:\/\/i0.wp.com\/frederiquelebrun.com\/wp-content\/uploads\/2021\/10\/03-2020-08-27-WP-FLB-camp-saint-denis-IMG_6214.jpg?resize=1024%2C683&amp;ssl=1 1024w, https:\/\/i0.wp.com\/frederiquelebrun.com\/wp-content\/uploads\/2021\/10\/03-2020-08-27-WP-FLB-camp-saint-denis-IMG_6214.jpg?resize=768%2C512&amp;ssl=1 768w, https:\/\/i0.wp.com\/frederiquelebrun.com\/wp-content\/uploads\/2021\/10\/03-2020-08-27-WP-FLB-camp-saint-denis-IMG_6214.jpg?resize=1536%2C1024&amp;ssl=1 1536w\" data-sizes=\"auto\" loading=\"eager\">\n\t\t<div class=\"vp-portfolio__item-overlay\">\n\t\t\t\t\t<\/div>\n\n\t\t<\/a>\t<\/div>\n<\/div>\n\n\t\t\t<\/figure>\n\t\t\t\t\t<\/div>\n\t\t\n\t\t<div\t\tclass=\"vp-portfolio__item-wrap vp-portfolio__item-uid-3f90d700\" data-vp-filter=\"\" \t\t>\n\t\t\t<template class=\"vp-portfolio__item-popup\" data-vp-popup-img=\"https:\/\/i0.wp.com\/frederiquelebrun.com\/wp-content\/uploads\/2021\/10\/04-2020-09-28-WP-FLB-camp-saint-denis-_MG_8665.jpg?fit=1920%2C1280&#038;ssl=1\" data-vp-popup-img-srcset=\"https:\/\/i0.wp.com\/frederiquelebrun.com\/wp-content\/uploads\/2021\/10\/04-2020-09-28-WP-FLB-camp-saint-denis-_MG_8665.jpg?w=2048&amp;ssl=1 2048w, https:\/\/i0.wp.com\/frederiquelebrun.com\/wp-content\/uploads\/2021\/10\/04-2020-09-28-WP-FLB-camp-saint-denis-_MG_8665.jpg?resize=300%2C200&amp;ssl=1 300w, https:\/\/i0.wp.com\/frederiquelebrun.com\/wp-content\/uploads\/2021\/10\/04-2020-09-28-WP-FLB-camp-saint-denis-_MG_8665.jpg?resize=600%2C400&amp;ssl=1 600w, https:\/\/i0.wp.com\/frederiquelebrun.com\/wp-content\/uploads\/2021\/10\/04-2020-09-28-WP-FLB-camp-saint-denis-_MG_8665.jpg?resize=1024%2C683&amp;ssl=1 1024w, https:\/\/i0.wp.com\/frederiquelebrun.com\/wp-content\/uploads\/2021\/10\/04-2020-09-28-WP-FLB-camp-saint-denis-_MG_8665.jpg?resize=768%2C512&amp;ssl=1 768w, https:\/\/i0.wp.com\/frederiquelebrun.com\/wp-content\/uploads\/2021\/10\/04-2020-09-28-WP-FLB-camp-saint-denis-_MG_8665.jpg?resize=1536%2C1024&amp;ssl=1 1536w\" data-vp-popup-img-size=\"1920x1280\" data-vp-popup-md-img=\"https:\/\/i0.wp.com\/frederiquelebrun.com\/wp-content\/uploads\/2021\/10\/04-2020-09-28-WP-FLB-camp-saint-denis-_MG_8665.jpg?fit=800%2C533&#038;ssl=1\" data-vp-popup-md-img-size=\"800x533\" data-vp-popup-sm-img=\"https:\/\/i0.wp.com\/frederiquelebrun.com\/wp-content\/uploads\/2021\/10\/04-2020-09-28-WP-FLB-camp-saint-denis-_MG_8665.jpg?fit=500%2C333&#038;ssl=1\" data-vp-popup-sm-img-size=\"500x333\">\n\t\t\t<div class=\"vp-portfolio__item-popup-description\">2020-09-28. Saint-Denis, Porte de Paris (Seine-Saint-Denis). Depuis quelques semaines, des dizaines de r\u00e9fugi\u00e9s de diverses nationalit\u00e9s (en majorit\u00e9 des Afghans) se sont install\u00e9s \u00e0 la Porte de Paris (Saint-Denis), sous une bretelle de l\u2019autoroute A1, \u00e0 100 m du stade de France. Sans toilettes, avec un seul point d\u2019eau potable, d\u00e9pendant des maraudes associatives pour leur repas, les jeunes hommes (la plupart ont moins de 30 ans) vivent dans des conditions difficiles, certains n&#8217;ayant m\u00eame pas de tente pour s&#8217;abriter la nuit. Pendant la journ\u00e9e, les r\u00e9fugi\u00e9s passent beaucoup de temps sur leur t\u00e9l\u00e9phone, surtout pour essayer\u00a0 de joindre l&#8217;OFII (Office fran\u00e7ais de l&#8217;immigration et de l&#8217;int\u00e9gration) pour d\u00e9crocher un rendez-vous afin de d\u00e9clarer officiellement leur arriv\u00e9e en France. Maintenant que l&#8217;automne arrive, il s&#8217;agit de renforcer les tentes, de faire du feu, de se r\u00e9chauffer, de pr\u00e9parer les nuits pour ne pas que la pluie inonde les tentes. Photo : Fr\u00e9d\u00e9rique Le Brun<\/div>\n\t\t<\/template>\n\t\t\t\t\t\t<figure class=\"vp-portfolio__item\">\n\t\t\t\t\n<div class=\"vp-portfolio__item-img-wrap\">\n\t<div class=\"vp-portfolio__item-img\">\n\t\t\t<a\n\t\thref=\"https:\/\/i0.wp.com\/frederiquelebrun.com\/wp-content\/uploads\/2021\/10\/04-2020-09-28-WP-FLB-camp-saint-denis-_MG_8665.jpg?fit=1920%2C1280&#038;ssl=1\"\n\t\taria-label=\"Campement Saint-Denis\" \t>\n\t\n\t\t<noscript><img loading=\"lazy\" decoding=\"async\" width=\"1920\" height=\"1280\" data-skip-lazy src=\"https:\/\/i0.wp.com\/frederiquelebrun.com\/wp-content\/uploads\/2021\/10\/04-2020-09-28-WP-FLB-camp-saint-denis-_MG_8665.jpg?fit=1920%2C1280&amp;ssl=1\" class=\"wp-image-473\" alt=\"Campement migrants Saint-Denis \u00e9vacutation\" srcset=\"https:\/\/i0.wp.com\/frederiquelebrun.com\/wp-content\/uploads\/2021\/10\/04-2020-09-28-WP-FLB-camp-saint-denis-_MG_8665.jpg?w=2048&amp;ssl=1 2048w, https:\/\/i0.wp.com\/frederiquelebrun.com\/wp-content\/uploads\/2021\/10\/04-2020-09-28-WP-FLB-camp-saint-denis-_MG_8665.jpg?resize=300%2C200&amp;ssl=1 300w, https:\/\/i0.wp.com\/frederiquelebrun.com\/wp-content\/uploads\/2021\/10\/04-2020-09-28-WP-FLB-camp-saint-denis-_MG_8665.jpg?resize=600%2C400&amp;ssl=1 600w, https:\/\/i0.wp.com\/frederiquelebrun.com\/wp-content\/uploads\/2021\/10\/04-2020-09-28-WP-FLB-camp-saint-denis-_MG_8665.jpg?resize=1024%2C683&amp;ssl=1 1024w, https:\/\/i0.wp.com\/frederiquelebrun.com\/wp-content\/uploads\/2021\/10\/04-2020-09-28-WP-FLB-camp-saint-denis-_MG_8665.jpg?resize=768%2C512&amp;ssl=1 768w, https:\/\/i0.wp.com\/frederiquelebrun.com\/wp-content\/uploads\/2021\/10\/04-2020-09-28-WP-FLB-camp-saint-denis-_MG_8665.jpg?resize=1536%2C1024&amp;ssl=1 1536w\" sizes=\"(max-width: 1000px) 100vw, 1000px\" \/><\/noscript><img decoding=\"async\" width=\"1920\" height=\"1280\" src=\"https:\/\/i0.wp.com\/frederiquelebrun.com\/wp-content\/uploads\/2021\/10\/04-2020-09-28-WP-FLB-camp-saint-denis-_MG_8665.jpg?fit=1920%2C1280&amp;ssl=1\" class=\"wp-image-473 vp-lazyload\" alt=\"Campement migrants Saint-Denis \u00e9vacutation\" srcset=\"data:image\/svg+xml;base64,PHN2ZyB3aWR0aD0iMTkyMCIgaGVpZ2h0PSIxMjgwIiB2aWV3Qm94PSIwIDAgMTkyMCAxMjgwIiBmaWxsPSJub25lIiB4bWxucz0iaHR0cDovL3d3dy53My5vcmcvMjAwMC9zdmciPjwvc3ZnPg==\" data-src=\"https:\/\/i0.wp.com\/frederiquelebrun.com\/wp-content\/uploads\/2021\/10\/04-2020-09-28-WP-FLB-camp-saint-denis-_MG_8665.jpg?fit=1920%2C1280&amp;ssl=1\" data-srcset=\"https:\/\/i0.wp.com\/frederiquelebrun.com\/wp-content\/uploads\/2021\/10\/04-2020-09-28-WP-FLB-camp-saint-denis-_MG_8665.jpg?w=2048&amp;ssl=1 2048w, https:\/\/i0.wp.com\/frederiquelebrun.com\/wp-content\/uploads\/2021\/10\/04-2020-09-28-WP-FLB-camp-saint-denis-_MG_8665.jpg?resize=300%2C200&amp;ssl=1 300w, https:\/\/i0.wp.com\/frederiquelebrun.com\/wp-content\/uploads\/2021\/10\/04-2020-09-28-WP-FLB-camp-saint-denis-_MG_8665.jpg?resize=600%2C400&amp;ssl=1 600w, https:\/\/i0.wp.com\/frederiquelebrun.com\/wp-content\/uploads\/2021\/10\/04-2020-09-28-WP-FLB-camp-saint-denis-_MG_8665.jpg?resize=1024%2C683&amp;ssl=1 1024w, https:\/\/i0.wp.com\/frederiquelebrun.com\/wp-content\/uploads\/2021\/10\/04-2020-09-28-WP-FLB-camp-saint-denis-_MG_8665.jpg?resize=768%2C512&amp;ssl=1 768w, https:\/\/i0.wp.com\/frederiquelebrun.com\/wp-content\/uploads\/2021\/10\/04-2020-09-28-WP-FLB-camp-saint-denis-_MG_8665.jpg?resize=1536%2C1024&amp;ssl=1 1536w\" data-sizes=\"auto\" loading=\"eager\">\n\t\t<div class=\"vp-portfolio__item-overlay\">\n\t\t\t\t\t<\/div>\n\n\t\t<\/a>\t<\/div>\n<\/div>\n\n\t\t\t<\/figure>\n\t\t\t\t\t<\/div>\n\t\t\n\t\t<div\t\tclass=\"vp-portfolio__item-wrap vp-portfolio__item-uid-3c237a1a\" data-vp-filter=\"\" \t\t>\n\t\t\t<template class=\"vp-portfolio__item-popup\" data-vp-popup-img=\"https:\/\/i0.wp.com\/frederiquelebrun.com\/wp-content\/uploads\/2021\/10\/05-2020-09-08-WP-FLB-camp-saint-denis-_MG_6808.jpg?fit=1920%2C1280&#038;ssl=1\" data-vp-popup-img-srcset=\"https:\/\/i0.wp.com\/frederiquelebrun.com\/wp-content\/uploads\/2021\/10\/05-2020-09-08-WP-FLB-camp-saint-denis-_MG_6808.jpg?w=2048&amp;ssl=1 2048w, https:\/\/i0.wp.com\/frederiquelebrun.com\/wp-content\/uploads\/2021\/10\/05-2020-09-08-WP-FLB-camp-saint-denis-_MG_6808.jpg?resize=300%2C200&amp;ssl=1 300w, https:\/\/i0.wp.com\/frederiquelebrun.com\/wp-content\/uploads\/2021\/10\/05-2020-09-08-WP-FLB-camp-saint-denis-_MG_6808.jpg?resize=600%2C400&amp;ssl=1 600w, https:\/\/i0.wp.com\/frederiquelebrun.com\/wp-content\/uploads\/2021\/10\/05-2020-09-08-WP-FLB-camp-saint-denis-_MG_6808.jpg?resize=1024%2C683&amp;ssl=1 1024w, https:\/\/i0.wp.com\/frederiquelebrun.com\/wp-content\/uploads\/2021\/10\/05-2020-09-08-WP-FLB-camp-saint-denis-_MG_6808.jpg?resize=768%2C512&amp;ssl=1 768w, https:\/\/i0.wp.com\/frederiquelebrun.com\/wp-content\/uploads\/2021\/10\/05-2020-09-08-WP-FLB-camp-saint-denis-_MG_6808.jpg?resize=1536%2C1024&amp;ssl=1 1536w\" data-vp-popup-img-size=\"1920x1280\" data-vp-popup-md-img=\"https:\/\/i0.wp.com\/frederiquelebrun.com\/wp-content\/uploads\/2021\/10\/05-2020-09-08-WP-FLB-camp-saint-denis-_MG_6808.jpg?fit=800%2C533&#038;ssl=1\" data-vp-popup-md-img-size=\"800x533\" data-vp-popup-sm-img=\"https:\/\/i0.wp.com\/frederiquelebrun.com\/wp-content\/uploads\/2021\/10\/05-2020-09-08-WP-FLB-camp-saint-denis-_MG_6808.jpg?fit=500%2C333&#038;ssl=1\" data-vp-popup-sm-img-size=\"500x333\">\n\t\t\t<div class=\"vp-portfolio__item-popup-description\">2020-08 et 2020-09. Saint-Denis, Porte de Paris (Seine-Saint-Denis). Depuis quelques semaines, des dizaines de r\u00e9fugi\u00e9s de diverses nationalit\u00e9s (en majorit\u00e9 des Afghans, mais aussi des Somaliens, Bangladais, Kurdes d&#8217;Iran\u2026) se sont install\u00e9s \u00e0 la Porte de Paris (Saint-Denis), sous une bretelle de l\u2019autoroute A1, \u00e0 100 m du stade de France. Sans toilettes, avec un seul point d\u2019eau potable, d\u00e9pendant des maraudes associatives pour leur repas, les jeunes hommes (la plupart ont moins de 30 ans) vivent dans des conditions difficiles, certains n&#8217;ayant m\u00eame pas de tente pour s&#8217;abriter la nuit. Victime d&#8217;agressions, de vol, et d\u2019incursions r\u00e9p\u00e9titives de la police qui parfois les asperge de gaz lacrymog\u00e8ne, ils expriment leur d\u00e9sarroi, leur \u00e9tonnement face aux conditions d&#8217;accueil des demandeurs d&#8217;asile par l\u2019\u00c9tat fran\u00e7ais. Pendant la journ\u00e9e, les r\u00e9fugi\u00e9s passent beaucoup de temps sur leur t\u00e9l\u00e9phone, surtout pour essayer\u00a0 de joindre l&#8217;OFII (Office fran\u00e7ais de l&#8217;immigration et de l&#8217;int\u00e9gration) pour d\u00e9crocher un rendez-vous afin de d\u00e9clarer officiellement leur arriv\u00e9e en France. Alors qu&#8217;ils \u00e9taient environ 300 \u00e0 la mi-ao\u00fbt, l&#8217;association Solidarit\u00e9 Migrants Wilson, qui effectue des maraudes pour apporter des repas sur le campement estimait leur nombre \u00e0 800 le 9 septembre. Photo : Fr\u00e9d\u00e9rique Le Brun<\/div>\n\t\t<\/template>\n\t\t\t\t\t\t<figure class=\"vp-portfolio__item\">\n\t\t\t\t\n<div class=\"vp-portfolio__item-img-wrap\">\n\t<div class=\"vp-portfolio__item-img\">\n\t\t\t<a\n\t\thref=\"https:\/\/i0.wp.com\/frederiquelebrun.com\/wp-content\/uploads\/2021\/10\/05-2020-09-08-WP-FLB-camp-saint-denis-_MG_6808.jpg?fit=1920%2C1280&#038;ssl=1\"\n\t\taria-label=\"\u00c9T\u00c9 2020-Campement migrants-Saint-Denis-Porte de Paris\" \t>\n\t\n\t\t<noscript><img loading=\"lazy\" decoding=\"async\" width=\"1920\" height=\"1280\" data-skip-lazy src=\"https:\/\/i0.wp.com\/frederiquelebrun.com\/wp-content\/uploads\/2021\/10\/05-2020-09-08-WP-FLB-camp-saint-denis-_MG_6808.jpg?fit=1920%2C1280&amp;ssl=1\" class=\"wp-image-474\" alt=\"Campement migrants Saint-Denis \u00e9vacutation\" srcset=\"https:\/\/i0.wp.com\/frederiquelebrun.com\/wp-content\/uploads\/2021\/10\/05-2020-09-08-WP-FLB-camp-saint-denis-_MG_6808.jpg?w=2048&amp;ssl=1 2048w, https:\/\/i0.wp.com\/frederiquelebrun.com\/wp-content\/uploads\/2021\/10\/05-2020-09-08-WP-FLB-camp-saint-denis-_MG_6808.jpg?resize=300%2C200&amp;ssl=1 300w, https:\/\/i0.wp.com\/frederiquelebrun.com\/wp-content\/uploads\/2021\/10\/05-2020-09-08-WP-FLB-camp-saint-denis-_MG_6808.jpg?resize=600%2C400&amp;ssl=1 600w, https:\/\/i0.wp.com\/frederiquelebrun.com\/wp-content\/uploads\/2021\/10\/05-2020-09-08-WP-FLB-camp-saint-denis-_MG_6808.jpg?resize=1024%2C683&amp;ssl=1 1024w, https:\/\/i0.wp.com\/frederiquelebrun.com\/wp-content\/uploads\/2021\/10\/05-2020-09-08-WP-FLB-camp-saint-denis-_MG_6808.jpg?resize=768%2C512&amp;ssl=1 768w, https:\/\/i0.wp.com\/frederiquelebrun.com\/wp-content\/uploads\/2021\/10\/05-2020-09-08-WP-FLB-camp-saint-denis-_MG_6808.jpg?resize=1536%2C1024&amp;ssl=1 1536w\" sizes=\"(max-width: 1000px) 100vw, 1000px\" \/><\/noscript><img decoding=\"async\" width=\"1920\" height=\"1280\" src=\"https:\/\/i0.wp.com\/frederiquelebrun.com\/wp-content\/uploads\/2021\/10\/05-2020-09-08-WP-FLB-camp-saint-denis-_MG_6808.jpg?fit=1920%2C1280&amp;ssl=1\" class=\"wp-image-474 vp-lazyload\" alt=\"Campement migrants Saint-Denis \u00e9vacutation\" srcset=\"data:image\/svg+xml;base64,PHN2ZyB3aWR0aD0iMTkyMCIgaGVpZ2h0PSIxMjgwIiB2aWV3Qm94PSIwIDAgMTkyMCAxMjgwIiBmaWxsPSJub25lIiB4bWxucz0iaHR0cDovL3d3dy53My5vcmcvMjAwMC9zdmciPjwvc3ZnPg==\" data-src=\"https:\/\/i0.wp.com\/frederiquelebrun.com\/wp-content\/uploads\/2021\/10\/05-2020-09-08-WP-FLB-camp-saint-denis-_MG_6808.jpg?fit=1920%2C1280&amp;ssl=1\" data-srcset=\"https:\/\/i0.wp.com\/frederiquelebrun.com\/wp-content\/uploads\/2021\/10\/05-2020-09-08-WP-FLB-camp-saint-denis-_MG_6808.jpg?w=2048&amp;ssl=1 2048w, https:\/\/i0.wp.com\/frederiquelebrun.com\/wp-content\/uploads\/2021\/10\/05-2020-09-08-WP-FLB-camp-saint-denis-_MG_6808.jpg?resize=300%2C200&amp;ssl=1 300w, https:\/\/i0.wp.com\/frederiquelebrun.com\/wp-content\/uploads\/2021\/10\/05-2020-09-08-WP-FLB-camp-saint-denis-_MG_6808.jpg?resize=600%2C400&amp;ssl=1 600w, https:\/\/i0.wp.com\/frederiquelebrun.com\/wp-content\/uploads\/2021\/10\/05-2020-09-08-WP-FLB-camp-saint-denis-_MG_6808.jpg?resize=1024%2C683&amp;ssl=1 1024w, https:\/\/i0.wp.com\/frederiquelebrun.com\/wp-content\/uploads\/2021\/10\/05-2020-09-08-WP-FLB-camp-saint-denis-_MG_6808.jpg?resize=768%2C512&amp;ssl=1 768w, https:\/\/i0.wp.com\/frederiquelebrun.com\/wp-content\/uploads\/2021\/10\/05-2020-09-08-WP-FLB-camp-saint-denis-_MG_6808.jpg?resize=1536%2C1024&amp;ssl=1 1536w\" data-sizes=\"auto\" loading=\"eager\">\n\t\t<div class=\"vp-portfolio__item-overlay\">\n\t\t\t\t\t<\/div>\n\n\t\t<\/a>\t<\/div>\n<\/div>\n\n\t\t\t<\/figure>\n\t\t\t\t\t<\/div>\n\t\t\n\t\t<div\t\tclass=\"vp-portfolio__item-wrap vp-portfolio__item-uid-f3982de9\" data-vp-filter=\"\" \t\t>\n\t\t\t<template class=\"vp-portfolio__item-popup\" data-vp-popup-img=\"https:\/\/i0.wp.com\/frederiquelebrun.com\/wp-content\/uploads\/2021\/10\/06-2020-09-28-WP-FLB-camp-saint-denis-_MG_8599.jpg?fit=1920%2C1280&#038;ssl=1\" data-vp-popup-img-srcset=\"https:\/\/i0.wp.com\/frederiquelebrun.com\/wp-content\/uploads\/2021\/10\/06-2020-09-28-WP-FLB-camp-saint-denis-_MG_8599.jpg?w=2048&amp;ssl=1 2048w, https:\/\/i0.wp.com\/frederiquelebrun.com\/wp-content\/uploads\/2021\/10\/06-2020-09-28-WP-FLB-camp-saint-denis-_MG_8599.jpg?resize=300%2C200&amp;ssl=1 300w, https:\/\/i0.wp.com\/frederiquelebrun.com\/wp-content\/uploads\/2021\/10\/06-2020-09-28-WP-FLB-camp-saint-denis-_MG_8599.jpg?resize=600%2C400&amp;ssl=1 600w, https:\/\/i0.wp.com\/frederiquelebrun.com\/wp-content\/uploads\/2021\/10\/06-2020-09-28-WP-FLB-camp-saint-denis-_MG_8599.jpg?resize=1024%2C683&amp;ssl=1 1024w, https:\/\/i0.wp.com\/frederiquelebrun.com\/wp-content\/uploads\/2021\/10\/06-2020-09-28-WP-FLB-camp-saint-denis-_MG_8599.jpg?resize=768%2C512&amp;ssl=1 768w, https:\/\/i0.wp.com\/frederiquelebrun.com\/wp-content\/uploads\/2021\/10\/06-2020-09-28-WP-FLB-camp-saint-denis-_MG_8599.jpg?resize=1536%2C1024&amp;ssl=1 1536w\" data-vp-popup-img-size=\"1920x1280\" data-vp-popup-md-img=\"https:\/\/i0.wp.com\/frederiquelebrun.com\/wp-content\/uploads\/2021\/10\/06-2020-09-28-WP-FLB-camp-saint-denis-_MG_8599.jpg?fit=800%2C533&#038;ssl=1\" data-vp-popup-md-img-size=\"800x533\" data-vp-popup-sm-img=\"https:\/\/i0.wp.com\/frederiquelebrun.com\/wp-content\/uploads\/2021\/10\/06-2020-09-28-WP-FLB-camp-saint-denis-_MG_8599.jpg?fit=500%2C333&#038;ssl=1\" data-vp-popup-sm-img-size=\"500x333\">\n\t\t\t<div class=\"vp-portfolio__item-popup-description\">2020-09-28. Saint-Denis, Porte de Paris (Seine-Saint-Denis). Depuis quelques semaines, des dizaines de r\u00e9fugi\u00e9s de diverses nationalit\u00e9s (en majorit\u00e9 des Afghans) se sont install\u00e9s \u00e0 la Porte de Paris (Saint-Denis), sous une bretelle de l\u2019autoroute A1, \u00e0 100 m du stade de France. Sans toilettes, avec un seul point d\u2019eau potable, d\u00e9pendant des maraudes associatives pour leur repas, les jeunes hommes (la plupart ont moins de 30 ans) vivent dans des conditions difficiles, certains n&#8217;ayant m\u00eame pas de tente pour s&#8217;abriter la nuit. Pendant la journ\u00e9e, les r\u00e9fugi\u00e9s passent beaucoup de temps sur leur t\u00e9l\u00e9phone, surtout pour essayer\u00a0 de joindre l&#8217;OFII (Office fran\u00e7ais de l&#8217;immigration et de l&#8217;int\u00e9gration) pour d\u00e9crocher un rendez-vous afin de d\u00e9clarer officiellement leur arriv\u00e9e en France. Maintenant que l&#8217;automne arrive, il s&#8217;agit de renforcer les tentes, de faire du feu, de se r\u00e9chauffer, de pr\u00e9parer les nuits pour ne pas que la pluie inonde les tentes. Un coiffeur professionnel vient couper les cheveux de quelques r\u00e9fugi\u00e9s. Il dit que c&#8217;est sa fa\u00e7on d&#8217;aider. Photo : Fr\u00e9d\u00e9rique Le Brun<\/div>\n\t\t<\/template>\n\t\t\t\t\t\t<figure class=\"vp-portfolio__item\">\n\t\t\t\t\n<div class=\"vp-portfolio__item-img-wrap\">\n\t<div class=\"vp-portfolio__item-img\">\n\t\t\t<a\n\t\thref=\"https:\/\/i0.wp.com\/frederiquelebrun.com\/wp-content\/uploads\/2021\/10\/06-2020-09-28-WP-FLB-camp-saint-denis-_MG_8599.jpg?fit=1920%2C1280&#038;ssl=1\"\n\t\taria-label=\"Campement Saint-Denis\" \t>\n\t\n\t\t<noscript><img loading=\"lazy\" decoding=\"async\" width=\"1920\" height=\"1280\" data-skip-lazy src=\"https:\/\/i0.wp.com\/frederiquelebrun.com\/wp-content\/uploads\/2021\/10\/06-2020-09-28-WP-FLB-camp-saint-denis-_MG_8599.jpg?fit=1920%2C1280&amp;ssl=1\" class=\"wp-image-475\" alt=\"Campement migrants Saint-Denis \u00e9vacutation\" srcset=\"https:\/\/i0.wp.com\/frederiquelebrun.com\/wp-content\/uploads\/2021\/10\/06-2020-09-28-WP-FLB-camp-saint-denis-_MG_8599.jpg?w=2048&amp;ssl=1 2048w, https:\/\/i0.wp.com\/frederiquelebrun.com\/wp-content\/uploads\/2021\/10\/06-2020-09-28-WP-FLB-camp-saint-denis-_MG_8599.jpg?resize=300%2C200&amp;ssl=1 300w, https:\/\/i0.wp.com\/frederiquelebrun.com\/wp-content\/uploads\/2021\/10\/06-2020-09-28-WP-FLB-camp-saint-denis-_MG_8599.jpg?resize=600%2C400&amp;ssl=1 600w, https:\/\/i0.wp.com\/frederiquelebrun.com\/wp-content\/uploads\/2021\/10\/06-2020-09-28-WP-FLB-camp-saint-denis-_MG_8599.jpg?resize=1024%2C683&amp;ssl=1 1024w, https:\/\/i0.wp.com\/frederiquelebrun.com\/wp-content\/uploads\/2021\/10\/06-2020-09-28-WP-FLB-camp-saint-denis-_MG_8599.jpg?resize=768%2C512&amp;ssl=1 768w, https:\/\/i0.wp.com\/frederiquelebrun.com\/wp-content\/uploads\/2021\/10\/06-2020-09-28-WP-FLB-camp-saint-denis-_MG_8599.jpg?resize=1536%2C1024&amp;ssl=1 1536w\" sizes=\"(max-width: 1000px) 100vw, 1000px\" \/><\/noscript><img decoding=\"async\" width=\"1920\" height=\"1280\" src=\"https:\/\/i0.wp.com\/frederiquelebrun.com\/wp-content\/uploads\/2021\/10\/06-2020-09-28-WP-FLB-camp-saint-denis-_MG_8599.jpg?fit=1920%2C1280&amp;ssl=1\" class=\"wp-image-475 vp-lazyload\" alt=\"Campement migrants Saint-Denis \u00e9vacutation\" srcset=\"data:image\/svg+xml;base64,PHN2ZyB3aWR0aD0iMTkyMCIgaGVpZ2h0PSIxMjgwIiB2aWV3Qm94PSIwIDAgMTkyMCAxMjgwIiBmaWxsPSJub25lIiB4bWxucz0iaHR0cDovL3d3dy53My5vcmcvMjAwMC9zdmciPjwvc3ZnPg==\" data-src=\"https:\/\/i0.wp.com\/frederiquelebrun.com\/wp-content\/uploads\/2021\/10\/06-2020-09-28-WP-FLB-camp-saint-denis-_MG_8599.jpg?fit=1920%2C1280&amp;ssl=1\" data-srcset=\"https:\/\/i0.wp.com\/frederiquelebrun.com\/wp-content\/uploads\/2021\/10\/06-2020-09-28-WP-FLB-camp-saint-denis-_MG_8599.jpg?w=2048&amp;ssl=1 2048w, https:\/\/i0.wp.com\/frederiquelebrun.com\/wp-content\/uploads\/2021\/10\/06-2020-09-28-WP-FLB-camp-saint-denis-_MG_8599.jpg?resize=300%2C200&amp;ssl=1 300w, https:\/\/i0.wp.com\/frederiquelebrun.com\/wp-content\/uploads\/2021\/10\/06-2020-09-28-WP-FLB-camp-saint-denis-_MG_8599.jpg?resize=600%2C400&amp;ssl=1 600w, https:\/\/i0.wp.com\/frederiquelebrun.com\/wp-content\/uploads\/2021\/10\/06-2020-09-28-WP-FLB-camp-saint-denis-_MG_8599.jpg?resize=1024%2C683&amp;ssl=1 1024w, https:\/\/i0.wp.com\/frederiquelebrun.com\/wp-content\/uploads\/2021\/10\/06-2020-09-28-WP-FLB-camp-saint-denis-_MG_8599.jpg?resize=768%2C512&amp;ssl=1 768w, https:\/\/i0.wp.com\/frederiquelebrun.com\/wp-content\/uploads\/2021\/10\/06-2020-09-28-WP-FLB-camp-saint-denis-_MG_8599.jpg?resize=1536%2C1024&amp;ssl=1 1536w\" data-sizes=\"auto\" loading=\"eager\">\n\t\t<div class=\"vp-portfolio__item-overlay\">\n\t\t\t\t\t<\/div>\n\n\t\t<\/a>\t<\/div>\n<\/div>\n\n\t\t\t<\/figure>\n\t\t\t\t\t<\/div>\n\t\t\n\t\t<div\t\tclass=\"vp-portfolio__item-wrap vp-portfolio__item-uid-7824d3bd\" data-vp-filter=\"\" \t\t>\n\t\t\t<template class=\"vp-portfolio__item-popup\" data-vp-popup-img=\"https:\/\/i0.wp.com\/frederiquelebrun.com\/wp-content\/uploads\/2021\/10\/07-2020-09-22-WP-FLB-camp-saint-denis-_MG_7778.jpg?fit=1920%2C1280&#038;ssl=1\" data-vp-popup-img-srcset=\"https:\/\/i0.wp.com\/frederiquelebrun.com\/wp-content\/uploads\/2021\/10\/07-2020-09-22-WP-FLB-camp-saint-denis-_MG_7778.jpg?w=2048&amp;ssl=1 2048w, https:\/\/i0.wp.com\/frederiquelebrun.com\/wp-content\/uploads\/2021\/10\/07-2020-09-22-WP-FLB-camp-saint-denis-_MG_7778.jpg?resize=300%2C200&amp;ssl=1 300w, https:\/\/i0.wp.com\/frederiquelebrun.com\/wp-content\/uploads\/2021\/10\/07-2020-09-22-WP-FLB-camp-saint-denis-_MG_7778.jpg?resize=600%2C400&amp;ssl=1 600w, https:\/\/i0.wp.com\/frederiquelebrun.com\/wp-content\/uploads\/2021\/10\/07-2020-09-22-WP-FLB-camp-saint-denis-_MG_7778.jpg?resize=1024%2C683&amp;ssl=1 1024w, https:\/\/i0.wp.com\/frederiquelebrun.com\/wp-content\/uploads\/2021\/10\/07-2020-09-22-WP-FLB-camp-saint-denis-_MG_7778.jpg?resize=768%2C512&amp;ssl=1 768w, https:\/\/i0.wp.com\/frederiquelebrun.com\/wp-content\/uploads\/2021\/10\/07-2020-09-22-WP-FLB-camp-saint-denis-_MG_7778.jpg?resize=1536%2C1024&amp;ssl=1 1536w\" data-vp-popup-img-size=\"1920x1280\" data-vp-popup-md-img=\"https:\/\/i0.wp.com\/frederiquelebrun.com\/wp-content\/uploads\/2021\/10\/07-2020-09-22-WP-FLB-camp-saint-denis-_MG_7778.jpg?fit=800%2C533&#038;ssl=1\" data-vp-popup-md-img-size=\"800x533\" data-vp-popup-sm-img=\"https:\/\/i0.wp.com\/frederiquelebrun.com\/wp-content\/uploads\/2021\/10\/07-2020-09-22-WP-FLB-camp-saint-denis-_MG_7778.jpg?fit=500%2C333&#038;ssl=1\" data-vp-popup-sm-img-size=\"500x333\">\n\t\t\t<div class=\"vp-portfolio__item-popup-description\">2020-09-22. Saint-Denis, Porte de Paris (Seine-Saint-Denis). Depuis quelques semaines, des dizaines de r\u00e9fugi\u00e9s de diverses nationalit\u00e9s (en majorit\u00e9 des Afghans) se sont install\u00e9s \u00e0 la Porte de Paris (Saint-Denis), sous une bretelle de l\u2019autoroute A1, \u00e0 100 m du stade de France. Sans toilettes, avec un seul point d\u2019eau potable, d\u00e9pendant des maraudes associatives pour leur repas, les jeunes hommes (la plupart ont moins de 30 ans) vivent dans des conditions difficiles, certains n&#8217;ayant m\u00eame pas de tente pour s&#8217;abriter la nuit. Pendant la journ\u00e9e, les r\u00e9fugi\u00e9s passent beaucoup de temps sur leur t\u00e9l\u00e9phone, surtout pour essayer\u00a0 de joindre l&#8217;OFII (Office fran\u00e7ais de l&#8217;immigration et de l&#8217;int\u00e9gration) pour d\u00e9crocher un rendez-vous afin de d\u00e9clarer officiellement leur arriv\u00e9e en France. Nasser et Nour vont tous les mardis \u00e0 La belle Etoile (qui abrite la compagnie Jolie M\u00f4me) , \u00e0 la Plaine-Saint-Denis, aider les b\u00e9n\u00e9voles du collectif Solidarit\u00e9 Migrants Wilson \u00e0 pr\u00e9parer les repas qui seront distribu\u00e9s le soir sur le campement. Ce mardi, pr\u00e8s de 600 repas seront distribu\u00e9s, mais \u00e7a ne suffira pas pour tous les exil\u00e9s pr\u00e9sents sur le camp \u00e0 l&#8217;heure de la distributions. Photo : Fr\u00e9d\u00e9rique Le Brun<\/div>\n\t\t<\/template>\n\t\t\t\t\t\t<figure class=\"vp-portfolio__item\">\n\t\t\t\t\n<div class=\"vp-portfolio__item-img-wrap\">\n\t<div class=\"vp-portfolio__item-img\">\n\t\t\t<a\n\t\thref=\"https:\/\/i0.wp.com\/frederiquelebrun.com\/wp-content\/uploads\/2021\/10\/07-2020-09-22-WP-FLB-camp-saint-denis-_MG_7778.jpg?fit=1920%2C1280&#038;ssl=1\"\n\t\taria-label=\"07-2020-09-22-WP-FLB-camp-saint-denis-_MG_7778\" \t>\n\t\n\t\t<noscript><img loading=\"lazy\" decoding=\"async\" width=\"1920\" height=\"1280\" data-skip-lazy src=\"https:\/\/i0.wp.com\/frederiquelebrun.com\/wp-content\/uploads\/2021\/10\/07-2020-09-22-WP-FLB-camp-saint-denis-_MG_7778.jpg?fit=1920%2C1280&amp;ssl=1\" class=\"wp-image-476\" alt=\"Campement migrants Saint-Denis \u00e9vacutation\" srcset=\"https:\/\/i0.wp.com\/frederiquelebrun.com\/wp-content\/uploads\/2021\/10\/07-2020-09-22-WP-FLB-camp-saint-denis-_MG_7778.jpg?w=2048&amp;ssl=1 2048w, https:\/\/i0.wp.com\/frederiquelebrun.com\/wp-content\/uploads\/2021\/10\/07-2020-09-22-WP-FLB-camp-saint-denis-_MG_7778.jpg?resize=300%2C200&amp;ssl=1 300w, https:\/\/i0.wp.com\/frederiquelebrun.com\/wp-content\/uploads\/2021\/10\/07-2020-09-22-WP-FLB-camp-saint-denis-_MG_7778.jpg?resize=600%2C400&amp;ssl=1 600w, https:\/\/i0.wp.com\/frederiquelebrun.com\/wp-content\/uploads\/2021\/10\/07-2020-09-22-WP-FLB-camp-saint-denis-_MG_7778.jpg?resize=1024%2C683&amp;ssl=1 1024w, https:\/\/i0.wp.com\/frederiquelebrun.com\/wp-content\/uploads\/2021\/10\/07-2020-09-22-WP-FLB-camp-saint-denis-_MG_7778.jpg?resize=768%2C512&amp;ssl=1 768w, https:\/\/i0.wp.com\/frederiquelebrun.com\/wp-content\/uploads\/2021\/10\/07-2020-09-22-WP-FLB-camp-saint-denis-_MG_7778.jpg?resize=1536%2C1024&amp;ssl=1 1536w\" sizes=\"(max-width: 1000px) 100vw, 1000px\" \/><\/noscript><img decoding=\"async\" width=\"1920\" height=\"1280\" src=\"https:\/\/i0.wp.com\/frederiquelebrun.com\/wp-content\/uploads\/2021\/10\/07-2020-09-22-WP-FLB-camp-saint-denis-_MG_7778.jpg?fit=1920%2C1280&amp;ssl=1\" class=\"wp-image-476 vp-lazyload\" alt=\"Campement migrants Saint-Denis \u00e9vacutation\" srcset=\"data:image\/svg+xml;base64,PHN2ZyB3aWR0aD0iMTkyMCIgaGVpZ2h0PSIxMjgwIiB2aWV3Qm94PSIwIDAgMTkyMCAxMjgwIiBmaWxsPSJub25lIiB4bWxucz0iaHR0cDovL3d3dy53My5vcmcvMjAwMC9zdmciPjwvc3ZnPg==\" data-src=\"https:\/\/i0.wp.com\/frederiquelebrun.com\/wp-content\/uploads\/2021\/10\/07-2020-09-22-WP-FLB-camp-saint-denis-_MG_7778.jpg?fit=1920%2C1280&amp;ssl=1\" data-srcset=\"https:\/\/i0.wp.com\/frederiquelebrun.com\/wp-content\/uploads\/2021\/10\/07-2020-09-22-WP-FLB-camp-saint-denis-_MG_7778.jpg?w=2048&amp;ssl=1 2048w, https:\/\/i0.wp.com\/frederiquelebrun.com\/wp-content\/uploads\/2021\/10\/07-2020-09-22-WP-FLB-camp-saint-denis-_MG_7778.jpg?resize=300%2C200&amp;ssl=1 300w, https:\/\/i0.wp.com\/frederiquelebrun.com\/wp-content\/uploads\/2021\/10\/07-2020-09-22-WP-FLB-camp-saint-denis-_MG_7778.jpg?resize=600%2C400&amp;ssl=1 600w, https:\/\/i0.wp.com\/frederiquelebrun.com\/wp-content\/uploads\/2021\/10\/07-2020-09-22-WP-FLB-camp-saint-denis-_MG_7778.jpg?resize=1024%2C683&amp;ssl=1 1024w, https:\/\/i0.wp.com\/frederiquelebrun.com\/wp-content\/uploads\/2021\/10\/07-2020-09-22-WP-FLB-camp-saint-denis-_MG_7778.jpg?resize=768%2C512&amp;ssl=1 768w, https:\/\/i0.wp.com\/frederiquelebrun.com\/wp-content\/uploads\/2021\/10\/07-2020-09-22-WP-FLB-camp-saint-denis-_MG_7778.jpg?resize=1536%2C1024&amp;ssl=1 1536w\" data-sizes=\"auto\" loading=\"eager\">\n\t\t<div class=\"vp-portfolio__item-overlay\">\n\t\t\t\t\t<\/div>\n\n\t\t<\/a>\t<\/div>\n<\/div>\n\n\t\t\t<\/figure>\n\t\t\t\t\t<\/div>\n\t\t\n\t\t<div\t\tclass=\"vp-portfolio__item-wrap vp-portfolio__item-uid-b79f844e\" data-vp-filter=\"\" \t\t>\n\t\t\t<template class=\"vp-portfolio__item-popup\" data-vp-popup-img=\"https:\/\/i0.wp.com\/frederiquelebrun.com\/wp-content\/uploads\/2021\/10\/08-2020-09-22-WP-FLB-camp-saint-denis-_MG_7887.jpg?fit=1920%2C1280&#038;ssl=1\" data-vp-popup-img-srcset=\"https:\/\/i0.wp.com\/frederiquelebrun.com\/wp-content\/uploads\/2021\/10\/08-2020-09-22-WP-FLB-camp-saint-denis-_MG_7887.jpg?w=2048&amp;ssl=1 2048w, https:\/\/i0.wp.com\/frederiquelebrun.com\/wp-content\/uploads\/2021\/10\/08-2020-09-22-WP-FLB-camp-saint-denis-_MG_7887.jpg?resize=300%2C200&amp;ssl=1 300w, https:\/\/i0.wp.com\/frederiquelebrun.com\/wp-content\/uploads\/2021\/10\/08-2020-09-22-WP-FLB-camp-saint-denis-_MG_7887.jpg?resize=600%2C400&amp;ssl=1 600w, https:\/\/i0.wp.com\/frederiquelebrun.com\/wp-content\/uploads\/2021\/10\/08-2020-09-22-WP-FLB-camp-saint-denis-_MG_7887.jpg?resize=1024%2C683&amp;ssl=1 1024w, https:\/\/i0.wp.com\/frederiquelebrun.com\/wp-content\/uploads\/2021\/10\/08-2020-09-22-WP-FLB-camp-saint-denis-_MG_7887.jpg?resize=768%2C512&amp;ssl=1 768w, https:\/\/i0.wp.com\/frederiquelebrun.com\/wp-content\/uploads\/2021\/10\/08-2020-09-22-WP-FLB-camp-saint-denis-_MG_7887.jpg?resize=1536%2C1024&amp;ssl=1 1536w\" data-vp-popup-img-size=\"1920x1280\" data-vp-popup-md-img=\"https:\/\/i0.wp.com\/frederiquelebrun.com\/wp-content\/uploads\/2021\/10\/08-2020-09-22-WP-FLB-camp-saint-denis-_MG_7887.jpg?fit=800%2C533&#038;ssl=1\" data-vp-popup-md-img-size=\"800x533\" data-vp-popup-sm-img=\"https:\/\/i0.wp.com\/frederiquelebrun.com\/wp-content\/uploads\/2021\/10\/08-2020-09-22-WP-FLB-camp-saint-denis-_MG_7887.jpg?fit=500%2C333&#038;ssl=1\" data-vp-popup-sm-img-size=\"500x333\">\n\t\t\t<div class=\"vp-portfolio__item-popup-description\">2020-09-22. Saint-Denis, Porte de Paris (Seine-Saint-Denis). Depuis quelques semaines, des dizaines de r\u00e9fugi\u00e9s de diverses nationalit\u00e9s (en majorit\u00e9 des Afghans) se sont install\u00e9s \u00e0 la Porte de Paris (Saint-Denis), sous une bretelle de l\u2019autoroute A1, \u00e0 100 m du stade de France. Sans toilettes, avec un seul point d\u2019eau potable, d\u00e9pendant des maraudes associatives pour leur repas, les jeunes hommes (la plupart ont moins de 30 ans) vivent dans des conditions difficiles, certains n&#8217;ayant m\u00eame pas de tente pour s&#8217;abriter la nuit. Pendant la journ\u00e9e, les r\u00e9fugi\u00e9s passent beaucoup de temps sur leur t\u00e9l\u00e9phone, surtout pour essayer\u00a0 de joindre l&#8217;OFII (Office fran\u00e7ais de l&#8217;immigration et de l&#8217;int\u00e9gration) pour d\u00e9crocher un rendez-vous afin de d\u00e9clarer officiellement leur arriv\u00e9e en France. Nasser et Nour vont tous les mardis \u00e0 La belle Etoile (qui abrite la compagnie Jolie M\u00f4me) , \u00e0 la Plaine-Saint-Denis, aider les b\u00e9n\u00e9voles du collectif Solidarit\u00e9 Migrants Wilson \u00e0 pr\u00e9parer les repas qui seront distribu\u00e9s le soir sur le campement. Ce mardi, pr\u00e8s de 600 repas seront distribu\u00e9s, mais \u00e7a ne suffira pas pour tous les exil\u00e9s pr\u00e9sents sur le camp \u00e0 l&#8217;heure de la distributions. Photo : Fr\u00e9d\u00e9rique Le Brun<\/div>\n\t\t<\/template>\n\t\t\t\t\t\t<figure class=\"vp-portfolio__item\">\n\t\t\t\t\n<div class=\"vp-portfolio__item-img-wrap\">\n\t<div class=\"vp-portfolio__item-img\">\n\t\t\t<a\n\t\thref=\"https:\/\/i0.wp.com\/frederiquelebrun.com\/wp-content\/uploads\/2021\/10\/08-2020-09-22-WP-FLB-camp-saint-denis-_MG_7887.jpg?fit=1920%2C1280&#038;ssl=1\"\n\t\taria-label=\"08-2020-09-22-WP-FLB-camp-saint-denis-_MG_7887\" \t>\n\t\n\t\t<noscript><img loading=\"lazy\" decoding=\"async\" width=\"1920\" height=\"1280\" data-skip-lazy src=\"https:\/\/i0.wp.com\/frederiquelebrun.com\/wp-content\/uploads\/2021\/10\/08-2020-09-22-WP-FLB-camp-saint-denis-_MG_7887.jpg?fit=1920%2C1280&amp;ssl=1\" class=\"wp-image-477\" alt=\"Campement migrants Saint-Denis \u00e9vacutation\" srcset=\"https:\/\/i0.wp.com\/frederiquelebrun.com\/wp-content\/uploads\/2021\/10\/08-2020-09-22-WP-FLB-camp-saint-denis-_MG_7887.jpg?w=2048&amp;ssl=1 2048w, https:\/\/i0.wp.com\/frederiquelebrun.com\/wp-content\/uploads\/2021\/10\/08-2020-09-22-WP-FLB-camp-saint-denis-_MG_7887.jpg?resize=300%2C200&amp;ssl=1 300w, https:\/\/i0.wp.com\/frederiquelebrun.com\/wp-content\/uploads\/2021\/10\/08-2020-09-22-WP-FLB-camp-saint-denis-_MG_7887.jpg?resize=600%2C400&amp;ssl=1 600w, https:\/\/i0.wp.com\/frederiquelebrun.com\/wp-content\/uploads\/2021\/10\/08-2020-09-22-WP-FLB-camp-saint-denis-_MG_7887.jpg?resize=1024%2C683&amp;ssl=1 1024w, https:\/\/i0.wp.com\/frederiquelebrun.com\/wp-content\/uploads\/2021\/10\/08-2020-09-22-WP-FLB-camp-saint-denis-_MG_7887.jpg?resize=768%2C512&amp;ssl=1 768w, https:\/\/i0.wp.com\/frederiquelebrun.com\/wp-content\/uploads\/2021\/10\/08-2020-09-22-WP-FLB-camp-saint-denis-_MG_7887.jpg?resize=1536%2C1024&amp;ssl=1 1536w\" sizes=\"(max-width: 1000px) 100vw, 1000px\" \/><\/noscript><img decoding=\"async\" width=\"1920\" height=\"1280\" src=\"https:\/\/i0.wp.com\/frederiquelebrun.com\/wp-content\/uploads\/2021\/10\/08-2020-09-22-WP-FLB-camp-saint-denis-_MG_7887.jpg?fit=1920%2C1280&amp;ssl=1\" class=\"wp-image-477 vp-lazyload\" alt=\"Campement migrants Saint-Denis \u00e9vacutation\" srcset=\"data:image\/svg+xml;base64,PHN2ZyB3aWR0aD0iMTkyMCIgaGVpZ2h0PSIxMjgwIiB2aWV3Qm94PSIwIDAgMTkyMCAxMjgwIiBmaWxsPSJub25lIiB4bWxucz0iaHR0cDovL3d3dy53My5vcmcvMjAwMC9zdmciPjwvc3ZnPg==\" data-src=\"https:\/\/i0.wp.com\/frederiquelebrun.com\/wp-content\/uploads\/2021\/10\/08-2020-09-22-WP-FLB-camp-saint-denis-_MG_7887.jpg?fit=1920%2C1280&amp;ssl=1\" data-srcset=\"https:\/\/i0.wp.com\/frederiquelebrun.com\/wp-content\/uploads\/2021\/10\/08-2020-09-22-WP-FLB-camp-saint-denis-_MG_7887.jpg?w=2048&amp;ssl=1 2048w, https:\/\/i0.wp.com\/frederiquelebrun.com\/wp-content\/uploads\/2021\/10\/08-2020-09-22-WP-FLB-camp-saint-denis-_MG_7887.jpg?resize=300%2C200&amp;ssl=1 300w, https:\/\/i0.wp.com\/frederiquelebrun.com\/wp-content\/uploads\/2021\/10\/08-2020-09-22-WP-FLB-camp-saint-denis-_MG_7887.jpg?resize=600%2C400&amp;ssl=1 600w, https:\/\/i0.wp.com\/frederiquelebrun.com\/wp-content\/uploads\/2021\/10\/08-2020-09-22-WP-FLB-camp-saint-denis-_MG_7887.jpg?resize=1024%2C683&amp;ssl=1 1024w, https:\/\/i0.wp.com\/frederiquelebrun.com\/wp-content\/uploads\/2021\/10\/08-2020-09-22-WP-FLB-camp-saint-denis-_MG_7887.jpg?resize=768%2C512&amp;ssl=1 768w, https:\/\/i0.wp.com\/frederiquelebrun.com\/wp-content\/uploads\/2021\/10\/08-2020-09-22-WP-FLB-camp-saint-denis-_MG_7887.jpg?resize=1536%2C1024&amp;ssl=1 1536w\" data-sizes=\"auto\" loading=\"eager\">\n\t\t<div class=\"vp-portfolio__item-overlay\">\n\t\t\t\t\t<\/div>\n\n\t\t<\/a>\t<\/div>\n<\/div>\n\n\t\t\t<\/figure>\n\t\t\t\t\t<\/div>\n\t\t\n\t\t<div\t\tclass=\"vp-portfolio__item-wrap vp-portfolio__item-uid-1d88ac85\" data-vp-filter=\"\" \t\t>\n\t\t\t<template class=\"vp-portfolio__item-popup\" data-vp-popup-img=\"https:\/\/i0.wp.com\/frederiquelebrun.com\/wp-content\/uploads\/2021\/10\/09-2020-09-22-WP-FLB-camp-saint-denis-_MG_8049.jpg?fit=1920%2C1280&#038;ssl=1\" data-vp-popup-img-srcset=\"https:\/\/i0.wp.com\/frederiquelebrun.com\/wp-content\/uploads\/2021\/10\/09-2020-09-22-WP-FLB-camp-saint-denis-_MG_8049.jpg?w=2048&amp;ssl=1 2048w, https:\/\/i0.wp.com\/frederiquelebrun.com\/wp-content\/uploads\/2021\/10\/09-2020-09-22-WP-FLB-camp-saint-denis-_MG_8049.jpg?resize=300%2C200&amp;ssl=1 300w, https:\/\/i0.wp.com\/frederiquelebrun.com\/wp-content\/uploads\/2021\/10\/09-2020-09-22-WP-FLB-camp-saint-denis-_MG_8049.jpg?resize=600%2C400&amp;ssl=1 600w, https:\/\/i0.wp.com\/frederiquelebrun.com\/wp-content\/uploads\/2021\/10\/09-2020-09-22-WP-FLB-camp-saint-denis-_MG_8049.jpg?resize=1024%2C683&amp;ssl=1 1024w, https:\/\/i0.wp.com\/frederiquelebrun.com\/wp-content\/uploads\/2021\/10\/09-2020-09-22-WP-FLB-camp-saint-denis-_MG_8049.jpg?resize=768%2C512&amp;ssl=1 768w, https:\/\/i0.wp.com\/frederiquelebrun.com\/wp-content\/uploads\/2021\/10\/09-2020-09-22-WP-FLB-camp-saint-denis-_MG_8049.jpg?resize=1536%2C1024&amp;ssl=1 1536w\" data-vp-popup-img-size=\"1920x1280\" data-vp-popup-md-img=\"https:\/\/i0.wp.com\/frederiquelebrun.com\/wp-content\/uploads\/2021\/10\/09-2020-09-22-WP-FLB-camp-saint-denis-_MG_8049.jpg?fit=800%2C533&#038;ssl=1\" data-vp-popup-md-img-size=\"800x533\" data-vp-popup-sm-img=\"https:\/\/i0.wp.com\/frederiquelebrun.com\/wp-content\/uploads\/2021\/10\/09-2020-09-22-WP-FLB-camp-saint-denis-_MG_8049.jpg?fit=500%2C333&#038;ssl=1\" data-vp-popup-sm-img-size=\"500x333\">\n\t\t\t<div class=\"vp-portfolio__item-popup-description\">2020-09-22. Saint-Denis, Porte de Paris (Seine-Saint-Denis). Depuis quelques semaines, des dizaines de r\u00e9fugi\u00e9s de diverses nationalit\u00e9s (en majorit\u00e9 des Afghans) se sont install\u00e9s \u00e0 la Porte de Paris (Saint-Denis), sous une bretelle de l\u2019autoroute A1, \u00e0 100 m du stade de France. Sans toilettes, avec un seul point d\u2019eau potable, d\u00e9pendant des maraudes associatives pour leur repas, les jeunes hommes (la plupart ont moins de 30 ans) vivent dans des conditions difficiles, certains n&#8217;ayant m\u00eame pas de tente pour s&#8217;abriter la nuit. Pendant la journ\u00e9e, les r\u00e9fugi\u00e9s passent beaucoup de temps sur leur t\u00e9l\u00e9phone, surtout pour essayer\u00a0 de joindre l&#8217;OFII (Office fran\u00e7ais de l&#8217;immigration et de l&#8217;int\u00e9gration) pour d\u00e9crocher un rendez-vous afin de d\u00e9clarer officiellement leur arriv\u00e9e en France. Nasser et Nour vont tous les mardis \u00e0 La belle Etoile (qui abrite la compagnie Jolie M\u00f4me) , \u00e0 la Plaine-Saint-Denis, aider les b\u00e9n\u00e9voles du collectif Solidarit\u00e9 Migrants Wilson \u00e0 pr\u00e9parer les repas qui seront distribu\u00e9s le soir sur le campement. Ce mardi, pr\u00e8s de 600 repas seront distribu\u00e9s, mais \u00e7a ne suffira pas pour tous les exil\u00e9s pr\u00e9sents sur le camp \u00e0 l&#8217;heure de la distributions. Photo : Fr\u00e9d\u00e9rique Le Brun<\/div>\n\t\t<\/template>\n\t\t\t\t\t\t<figure class=\"vp-portfolio__item\">\n\t\t\t\t\n<div class=\"vp-portfolio__item-img-wrap\">\n\t<div class=\"vp-portfolio__item-img\">\n\t\t\t<a\n\t\thref=\"https:\/\/i0.wp.com\/frederiquelebrun.com\/wp-content\/uploads\/2021\/10\/09-2020-09-22-WP-FLB-camp-saint-denis-_MG_8049.jpg?fit=1920%2C1280&#038;ssl=1\"\n\t\taria-label=\"09-2020-09-22-WP-FLB-camp-saint-denis-_MG_8049\" \t>\n\t\n\t\t<noscript><img loading=\"lazy\" decoding=\"async\" width=\"1920\" height=\"1280\" data-skip-lazy src=\"https:\/\/i0.wp.com\/frederiquelebrun.com\/wp-content\/uploads\/2021\/10\/09-2020-09-22-WP-FLB-camp-saint-denis-_MG_8049.jpg?fit=1920%2C1280&amp;ssl=1\" class=\"wp-image-478\" alt=\"Campement migrants Saint-Denis \u00e9vacutation\" srcset=\"https:\/\/i0.wp.com\/frederiquelebrun.com\/wp-content\/uploads\/2021\/10\/09-2020-09-22-WP-FLB-camp-saint-denis-_MG_8049.jpg?w=2048&amp;ssl=1 2048w, https:\/\/i0.wp.com\/frederiquelebrun.com\/wp-content\/uploads\/2021\/10\/09-2020-09-22-WP-FLB-camp-saint-denis-_MG_8049.jpg?resize=300%2C200&amp;ssl=1 300w, https:\/\/i0.wp.com\/frederiquelebrun.com\/wp-content\/uploads\/2021\/10\/09-2020-09-22-WP-FLB-camp-saint-denis-_MG_8049.jpg?resize=600%2C400&amp;ssl=1 600w, https:\/\/i0.wp.com\/frederiquelebrun.com\/wp-content\/uploads\/2021\/10\/09-2020-09-22-WP-FLB-camp-saint-denis-_MG_8049.jpg?resize=1024%2C683&amp;ssl=1 1024w, https:\/\/i0.wp.com\/frederiquelebrun.com\/wp-content\/uploads\/2021\/10\/09-2020-09-22-WP-FLB-camp-saint-denis-_MG_8049.jpg?resize=768%2C512&amp;ssl=1 768w, https:\/\/i0.wp.com\/frederiquelebrun.com\/wp-content\/uploads\/2021\/10\/09-2020-09-22-WP-FLB-camp-saint-denis-_MG_8049.jpg?resize=1536%2C1024&amp;ssl=1 1536w\" sizes=\"(max-width: 1000px) 100vw, 1000px\" \/><\/noscript><img decoding=\"async\" width=\"1920\" height=\"1280\" src=\"https:\/\/i0.wp.com\/frederiquelebrun.com\/wp-content\/uploads\/2021\/10\/09-2020-09-22-WP-FLB-camp-saint-denis-_MG_8049.jpg?fit=1920%2C1280&amp;ssl=1\" class=\"wp-image-478 vp-lazyload\" alt=\"Campement migrants Saint-Denis \u00e9vacutation\" srcset=\"data:image\/svg+xml;base64,PHN2ZyB3aWR0aD0iMTkyMCIgaGVpZ2h0PSIxMjgwIiB2aWV3Qm94PSIwIDAgMTkyMCAxMjgwIiBmaWxsPSJub25lIiB4bWxucz0iaHR0cDovL3d3dy53My5vcmcvMjAwMC9zdmciPjwvc3ZnPg==\" data-src=\"https:\/\/i0.wp.com\/frederiquelebrun.com\/wp-content\/uploads\/2021\/10\/09-2020-09-22-WP-FLB-camp-saint-denis-_MG_8049.jpg?fit=1920%2C1280&amp;ssl=1\" data-srcset=\"https:\/\/i0.wp.com\/frederiquelebrun.com\/wp-content\/uploads\/2021\/10\/09-2020-09-22-WP-FLB-camp-saint-denis-_MG_8049.jpg?w=2048&amp;ssl=1 2048w, https:\/\/i0.wp.com\/frederiquelebrun.com\/wp-content\/uploads\/2021\/10\/09-2020-09-22-WP-FLB-camp-saint-denis-_MG_8049.jpg?resize=300%2C200&amp;ssl=1 300w, https:\/\/i0.wp.com\/frederiquelebrun.com\/wp-content\/uploads\/2021\/10\/09-2020-09-22-WP-FLB-camp-saint-denis-_MG_8049.jpg?resize=600%2C400&amp;ssl=1 600w, https:\/\/i0.wp.com\/frederiquelebrun.com\/wp-content\/uploads\/2021\/10\/09-2020-09-22-WP-FLB-camp-saint-denis-_MG_8049.jpg?resize=1024%2C683&amp;ssl=1 1024w, https:\/\/i0.wp.com\/frederiquelebrun.com\/wp-content\/uploads\/2021\/10\/09-2020-09-22-WP-FLB-camp-saint-denis-_MG_8049.jpg?resize=768%2C512&amp;ssl=1 768w, https:\/\/i0.wp.com\/frederiquelebrun.com\/wp-content\/uploads\/2021\/10\/09-2020-09-22-WP-FLB-camp-saint-denis-_MG_8049.jpg?resize=1536%2C1024&amp;ssl=1 1536w\" data-sizes=\"auto\" loading=\"eager\">\n\t\t<div class=\"vp-portfolio__item-overlay\">\n\t\t\t\t\t<\/div>\n\n\t\t<\/a>\t<\/div>\n<\/div>\n\n\t\t\t<\/figure>\n\t\t\t\t\t<\/div>\n\t\t\n\t\t<div\t\tclass=\"vp-portfolio__item-wrap vp-portfolio__item-uid-d233fb76\" data-vp-filter=\"\" \t\t>\n\t\t\t<template class=\"vp-portfolio__item-popup\" data-vp-popup-img=\"https:\/\/i0.wp.com\/frederiquelebrun.com\/wp-content\/uploads\/2021\/10\/10-2020-09-22-WP-FLB-camp-saint-denis-_MG_8079.jpg?fit=1920%2C1280&#038;ssl=1\" data-vp-popup-img-srcset=\"https:\/\/i0.wp.com\/frederiquelebrun.com\/wp-content\/uploads\/2021\/10\/10-2020-09-22-WP-FLB-camp-saint-denis-_MG_8079.jpg?w=2048&amp;ssl=1 2048w, https:\/\/i0.wp.com\/frederiquelebrun.com\/wp-content\/uploads\/2021\/10\/10-2020-09-22-WP-FLB-camp-saint-denis-_MG_8079.jpg?resize=300%2C200&amp;ssl=1 300w, https:\/\/i0.wp.com\/frederiquelebrun.com\/wp-content\/uploads\/2021\/10\/10-2020-09-22-WP-FLB-camp-saint-denis-_MG_8079.jpg?resize=600%2C400&amp;ssl=1 600w, https:\/\/i0.wp.com\/frederiquelebrun.com\/wp-content\/uploads\/2021\/10\/10-2020-09-22-WP-FLB-camp-saint-denis-_MG_8079.jpg?resize=1024%2C683&amp;ssl=1 1024w, https:\/\/i0.wp.com\/frederiquelebrun.com\/wp-content\/uploads\/2021\/10\/10-2020-09-22-WP-FLB-camp-saint-denis-_MG_8079.jpg?resize=768%2C512&amp;ssl=1 768w, https:\/\/i0.wp.com\/frederiquelebrun.com\/wp-content\/uploads\/2021\/10\/10-2020-09-22-WP-FLB-camp-saint-denis-_MG_8079.jpg?resize=1536%2C1024&amp;ssl=1 1536w\" data-vp-popup-img-size=\"1920x1280\" data-vp-popup-md-img=\"https:\/\/i0.wp.com\/frederiquelebrun.com\/wp-content\/uploads\/2021\/10\/10-2020-09-22-WP-FLB-camp-saint-denis-_MG_8079.jpg?fit=800%2C533&#038;ssl=1\" data-vp-popup-md-img-size=\"800x533\" data-vp-popup-sm-img=\"https:\/\/i0.wp.com\/frederiquelebrun.com\/wp-content\/uploads\/2021\/10\/10-2020-09-22-WP-FLB-camp-saint-denis-_MG_8079.jpg?fit=500%2C333&#038;ssl=1\" data-vp-popup-sm-img-size=\"500x333\">\n\t\t\t<div class=\"vp-portfolio__item-popup-description\">2020-09-22. Saint-Denis, Porte de Paris (Seine-Saint-Denis). Depuis quelques semaines, des dizaines de r\u00e9fugi\u00e9s de diverses nationalit\u00e9s (en majorit\u00e9 des Afghans) se sont install\u00e9s \u00e0 la Porte de Paris (Saint-Denis), sous une bretelle de l\u2019autoroute A1, \u00e0 100 m du stade de France. Sans toilettes, avec un seul point d\u2019eau potable, d\u00e9pendant des maraudes associatives pour leur repas, les jeunes hommes (la plupart ont moins de 30 ans) vivent dans des conditions difficiles, certains n&#8217;ayant m\u00eame pas de tente pour s&#8217;abriter la nuit. Pendant la journ\u00e9e, les r\u00e9fugi\u00e9s passent beaucoup de temps sur leur t\u00e9l\u00e9phone, surtout pour essayer\u00a0 de joindre l&#8217;OFII (Office fran\u00e7ais de l&#8217;immigration et de l&#8217;int\u00e9gration) pour d\u00e9crocher un rendez-vous afin de d\u00e9clarer officiellement leur arriv\u00e9e en France. Nasser et Nour vont tous les mardis \u00e0 La belle Etoile (qui abrite la compagnie Jolie M\u00f4me) , \u00e0 la Plaine-Saint-Denis, aider les b\u00e9n\u00e9voles du collectif Solidarit\u00e9 Migrants Wilson \u00e0 pr\u00e9parer les repas qui seront distribu\u00e9s le soir sur le campement. Ce mardi, pr\u00e8s de 600 repas seront distribu\u00e9s, mais \u00e7a ne suffira pas pour tous les exil\u00e9s pr\u00e9sents sur le camp \u00e0 l&#8217;heure de la distributions. Photo : Fr\u00e9d\u00e9rique Le Brun<\/div>\n\t\t<\/template>\n\t\t\t\t\t\t<figure class=\"vp-portfolio__item\">\n\t\t\t\t\n<div class=\"vp-portfolio__item-img-wrap\">\n\t<div class=\"vp-portfolio__item-img\">\n\t\t\t<a\n\t\thref=\"https:\/\/i0.wp.com\/frederiquelebrun.com\/wp-content\/uploads\/2021\/10\/10-2020-09-22-WP-FLB-camp-saint-denis-_MG_8079.jpg?fit=1920%2C1280&#038;ssl=1\"\n\t\taria-label=\"10-2020-09-22-WP-FLB-camp-saint-denis-_MG_8079\" \t>\n\t\n\t\t<noscript><img loading=\"lazy\" decoding=\"async\" width=\"1920\" height=\"1280\" data-skip-lazy src=\"https:\/\/i0.wp.com\/frederiquelebrun.com\/wp-content\/uploads\/2021\/10\/10-2020-09-22-WP-FLB-camp-saint-denis-_MG_8079.jpg?fit=1920%2C1280&amp;ssl=1\" class=\"wp-image-479\" alt=\"Campement migrants Saint-Denis \u00e9vacutation\" srcset=\"https:\/\/i0.wp.com\/frederiquelebrun.com\/wp-content\/uploads\/2021\/10\/10-2020-09-22-WP-FLB-camp-saint-denis-_MG_8079.jpg?w=2048&amp;ssl=1 2048w, https:\/\/i0.wp.com\/frederiquelebrun.com\/wp-content\/uploads\/2021\/10\/10-2020-09-22-WP-FLB-camp-saint-denis-_MG_8079.jpg?resize=300%2C200&amp;ssl=1 300w, https:\/\/i0.wp.com\/frederiquelebrun.com\/wp-content\/uploads\/2021\/10\/10-2020-09-22-WP-FLB-camp-saint-denis-_MG_8079.jpg?resize=600%2C400&amp;ssl=1 600w, https:\/\/i0.wp.com\/frederiquelebrun.com\/wp-content\/uploads\/2021\/10\/10-2020-09-22-WP-FLB-camp-saint-denis-_MG_8079.jpg?resize=1024%2C683&amp;ssl=1 1024w, https:\/\/i0.wp.com\/frederiquelebrun.com\/wp-content\/uploads\/2021\/10\/10-2020-09-22-WP-FLB-camp-saint-denis-_MG_8079.jpg?resize=768%2C512&amp;ssl=1 768w, https:\/\/i0.wp.com\/frederiquelebrun.com\/wp-content\/uploads\/2021\/10\/10-2020-09-22-WP-FLB-camp-saint-denis-_MG_8079.jpg?resize=1536%2C1024&amp;ssl=1 1536w\" sizes=\"(max-width: 1000px) 100vw, 1000px\" \/><\/noscript><img decoding=\"async\" width=\"1920\" height=\"1280\" src=\"https:\/\/i0.wp.com\/frederiquelebrun.com\/wp-content\/uploads\/2021\/10\/10-2020-09-22-WP-FLB-camp-saint-denis-_MG_8079.jpg?fit=1920%2C1280&amp;ssl=1\" class=\"wp-image-479 vp-lazyload\" alt=\"Campement migrants Saint-Denis \u00e9vacutation\" srcset=\"data:image\/svg+xml;base64,PHN2ZyB3aWR0aD0iMTkyMCIgaGVpZ2h0PSIxMjgwIiB2aWV3Qm94PSIwIDAgMTkyMCAxMjgwIiBmaWxsPSJub25lIiB4bWxucz0iaHR0cDovL3d3dy53My5vcmcvMjAwMC9zdmciPjwvc3ZnPg==\" data-src=\"https:\/\/i0.wp.com\/frederiquelebrun.com\/wp-content\/uploads\/2021\/10\/10-2020-09-22-WP-FLB-camp-saint-denis-_MG_8079.jpg?fit=1920%2C1280&amp;ssl=1\" data-srcset=\"https:\/\/i0.wp.com\/frederiquelebrun.com\/wp-content\/uploads\/2021\/10\/10-2020-09-22-WP-FLB-camp-saint-denis-_MG_8079.jpg?w=2048&amp;ssl=1 2048w, https:\/\/i0.wp.com\/frederiquelebrun.com\/wp-content\/uploads\/2021\/10\/10-2020-09-22-WP-FLB-camp-saint-denis-_MG_8079.jpg?resize=300%2C200&amp;ssl=1 300w, https:\/\/i0.wp.com\/frederiquelebrun.com\/wp-content\/uploads\/2021\/10\/10-2020-09-22-WP-FLB-camp-saint-denis-_MG_8079.jpg?resize=600%2C400&amp;ssl=1 600w, https:\/\/i0.wp.com\/frederiquelebrun.com\/wp-content\/uploads\/2021\/10\/10-2020-09-22-WP-FLB-camp-saint-denis-_MG_8079.jpg?resize=1024%2C683&amp;ssl=1 1024w, https:\/\/i0.wp.com\/frederiquelebrun.com\/wp-content\/uploads\/2021\/10\/10-2020-09-22-WP-FLB-camp-saint-denis-_MG_8079.jpg?resize=768%2C512&amp;ssl=1 768w, https:\/\/i0.wp.com\/frederiquelebrun.com\/wp-content\/uploads\/2021\/10\/10-2020-09-22-WP-FLB-camp-saint-denis-_MG_8079.jpg?resize=1536%2C1024&amp;ssl=1 1536w\" data-sizes=\"auto\" loading=\"eager\">\n\t\t<div class=\"vp-portfolio__item-overlay\">\n\t\t\t\t\t<\/div>\n\n\t\t<\/a>\t<\/div>\n<\/div>\n\n\t\t\t<\/figure>\n\t\t\t\t\t<\/div>\n\t\t\n\t\t<div\t\tclass=\"vp-portfolio__item-wrap vp-portfolio__item-uid-74144f4b\" data-vp-filter=\"\" \t\t>\n\t\t\t<template class=\"vp-portfolio__item-popup\" data-vp-popup-img=\"https:\/\/i0.wp.com\/frederiquelebrun.com\/wp-content\/uploads\/2021\/10\/11-2020-08-23-WP-FLB-camp-saint-denis-IMG_5388.jpg?fit=1920%2C1280&#038;ssl=1\" data-vp-popup-img-srcset=\"https:\/\/i0.wp.com\/frederiquelebrun.com\/wp-content\/uploads\/2021\/10\/11-2020-08-23-WP-FLB-camp-saint-denis-IMG_5388.jpg?w=2048&amp;ssl=1 2048w, https:\/\/i0.wp.com\/frederiquelebrun.com\/wp-content\/uploads\/2021\/10\/11-2020-08-23-WP-FLB-camp-saint-denis-IMG_5388.jpg?resize=300%2C200&amp;ssl=1 300w, https:\/\/i0.wp.com\/frederiquelebrun.com\/wp-content\/uploads\/2021\/10\/11-2020-08-23-WP-FLB-camp-saint-denis-IMG_5388.jpg?resize=600%2C400&amp;ssl=1 600w\" data-vp-popup-img-size=\"1920x1280\" data-vp-popup-md-img=\"https:\/\/i0.wp.com\/frederiquelebrun.com\/wp-content\/uploads\/2021\/10\/11-2020-08-23-WP-FLB-camp-saint-denis-IMG_5388.jpg?fit=800%2C533&#038;ssl=1\" data-vp-popup-md-img-size=\"800x533\" data-vp-popup-sm-img=\"https:\/\/i0.wp.com\/frederiquelebrun.com\/wp-content\/uploads\/2021\/10\/11-2020-08-23-WP-FLB-camp-saint-denis-IMG_5388.jpg?fit=500%2C333&#038;ssl=1\" data-vp-popup-sm-img-size=\"500x333\">\n\t\t\t<div class=\"vp-portfolio__item-popup-description\">2020-08 et 2020-09. Saint-Denis, Porte de Paris (Seine-Saint-Denis). Depuis quelques semaines, des dizaines de r\u00e9fugi\u00e9s de diverses nationalit\u00e9s (en majorit\u00e9 des Afghans, mais aussi des Somaliens, Bangladais, Kurdes d&#8217;Iran\u2026) se sont install\u00e9s \u00e0 la Porte de Paris (Saint-Denis), sous une bretelle de l\u2019autoroute A1, \u00e0 100 m du stade de France. Sans toilettes, avec un seul point d\u2019eau potable, d\u00e9pendant des maraudes associatives pour leur repas, les jeunes hommes (la plupart ont moins de 30 ans) vivent dans des conditions difficiles, certains n&#8217;ayant m\u00eame pas de tente pour s&#8217;abriter la nuit. Victime d&#8217;agressions, de vol, et d\u2019incursions r\u00e9p\u00e9titives de la police qui parfois les asperge de gaz lacrymog\u00e8ne, ils expriment leur d\u00e9sarroi, leur \u00e9tonnement face aux conditions d&#8217;accueil des demandeurs d&#8217;asile par l\u2019\u00c9tat fran\u00e7ais. Pendant la journ\u00e9e, les r\u00e9fugi\u00e9s passent beaucoup de temps sur leur t\u00e9l\u00e9phone, surtout pour essayer\u00a0 de joindre l&#8217;OFII (Office fran\u00e7ais de l&#8217;immigration et de l&#8217;int\u00e9gration) pour d\u00e9crocher un rendez-vous afin de d\u00e9clarer officiellement leur arriv\u00e9e en France. Alors qu&#8217;ils \u00e9taient environ 33 \u00e0 la mi-ao\u00fbt, l&#8217;association Solidarit\u00e9 Migrants Wilson, qui effectue des maraudes pour apporter des repas sur le campement estimait leur nombre \u00e0 800 le 9 septembre. Photo : Fr\u00e9d\u00e9rique Le Brun<\/div>\n\t\t<\/template>\n\t\t\t\t\t\t<figure class=\"vp-portfolio__item\">\n\t\t\t\t\n<div class=\"vp-portfolio__item-img-wrap\">\n\t<div class=\"vp-portfolio__item-img\">\n\t\t\t<a\n\t\thref=\"https:\/\/i0.wp.com\/frederiquelebrun.com\/wp-content\/uploads\/2021\/10\/11-2020-08-23-WP-FLB-camp-saint-denis-IMG_5388.jpg?fit=1920%2C1280&#038;ssl=1\"\n\t\taria-label=\"\u00c9T\u00c9 2020-Campement migrants-Saint-Denis-Porte de Paris\" \t>\n\t\n\t\t<noscript><img loading=\"lazy\" decoding=\"async\" width=\"1920\" height=\"1280\" data-skip-lazy src=\"https:\/\/i0.wp.com\/frederiquelebrun.com\/wp-content\/uploads\/2021\/10\/11-2020-08-23-WP-FLB-camp-saint-denis-IMG_5388.jpg?fit=1920%2C1280&amp;ssl=1\" class=\"wp-image-480\" alt=\"Campement migrants Saint-Denis \u00e9vacutation\" srcset=\"https:\/\/i0.wp.com\/frederiquelebrun.com\/wp-content\/uploads\/2021\/10\/11-2020-08-23-WP-FLB-camp-saint-denis-IMG_5388.jpg?w=2048&amp;ssl=1 2048w, https:\/\/i0.wp.com\/frederiquelebrun.com\/wp-content\/uploads\/2021\/10\/11-2020-08-23-WP-FLB-camp-saint-denis-IMG_5388.jpg?resize=300%2C200&amp;ssl=1 300w, https:\/\/i0.wp.com\/frederiquelebrun.com\/wp-content\/uploads\/2021\/10\/11-2020-08-23-WP-FLB-camp-saint-denis-IMG_5388.jpg?resize=600%2C400&amp;ssl=1 600w\" sizes=\"(max-width: 1000px) 100vw, 1000px\" \/><\/noscript><img decoding=\"async\" width=\"1920\" height=\"1280\" src=\"https:\/\/i0.wp.com\/frederiquelebrun.com\/wp-content\/uploads\/2021\/10\/11-2020-08-23-WP-FLB-camp-saint-denis-IMG_5388.jpg?fit=1920%2C1280&amp;ssl=1\" class=\"wp-image-480 vp-lazyload\" alt=\"Campement migrants Saint-Denis \u00e9vacutation\" srcset=\"data:image\/svg+xml;base64,PHN2ZyB3aWR0aD0iMTkyMCIgaGVpZ2h0PSIxMjgwIiB2aWV3Qm94PSIwIDAgMTkyMCAxMjgwIiBmaWxsPSJub25lIiB4bWxucz0iaHR0cDovL3d3dy53My5vcmcvMjAwMC9zdmciPjwvc3ZnPg==\" data-src=\"https:\/\/i0.wp.com\/frederiquelebrun.com\/wp-content\/uploads\/2021\/10\/11-2020-08-23-WP-FLB-camp-saint-denis-IMG_5388.jpg?fit=1920%2C1280&amp;ssl=1\" data-srcset=\"https:\/\/i0.wp.com\/frederiquelebrun.com\/wp-content\/uploads\/2021\/10\/11-2020-08-23-WP-FLB-camp-saint-denis-IMG_5388.jpg?w=2048&amp;ssl=1 2048w, https:\/\/i0.wp.com\/frederiquelebrun.com\/wp-content\/uploads\/2021\/10\/11-2020-08-23-WP-FLB-camp-saint-denis-IMG_5388.jpg?resize=300%2C200&amp;ssl=1 300w, https:\/\/i0.wp.com\/frederiquelebrun.com\/wp-content\/uploads\/2021\/10\/11-2020-08-23-WP-FLB-camp-saint-denis-IMG_5388.jpg?resize=600%2C400&amp;ssl=1 600w\" data-sizes=\"auto\" loading=\"eager\">\n\t\t<div class=\"vp-portfolio__item-overlay\">\n\t\t\t\t\t<\/div>\n\n\t\t<\/a>\t<\/div>\n<\/div>\n\n\t\t\t<\/figure>\n\t\t\t\t\t<\/div>\n\t\t\n\t\t<div\t\tclass=\"vp-portfolio__item-wrap vp-portfolio__item-uid-bbaf18b8\" data-vp-filter=\"\" \t\t>\n\t\t\t<template class=\"vp-portfolio__item-popup\" data-vp-popup-img=\"https:\/\/i0.wp.com\/frederiquelebrun.com\/wp-content\/uploads\/2021\/10\/12-2020-11-07-WP-FLB-camp-saint-denis-_MG_1672.jpg?fit=1920%2C1280&#038;ssl=1\" data-vp-popup-img-srcset=\"https:\/\/i0.wp.com\/frederiquelebrun.com\/wp-content\/uploads\/2021\/10\/12-2020-11-07-WP-FLB-camp-saint-denis-_MG_1672.jpg?w=2048&amp;ssl=1 2048w, https:\/\/i0.wp.com\/frederiquelebrun.com\/wp-content\/uploads\/2021\/10\/12-2020-11-07-WP-FLB-camp-saint-denis-_MG_1672.jpg?resize=300%2C200&amp;ssl=1 300w, https:\/\/i0.wp.com\/frederiquelebrun.com\/wp-content\/uploads\/2021\/10\/12-2020-11-07-WP-FLB-camp-saint-denis-_MG_1672.jpg?resize=600%2C400&amp;ssl=1 600w, https:\/\/i0.wp.com\/frederiquelebrun.com\/wp-content\/uploads\/2021\/10\/12-2020-11-07-WP-FLB-camp-saint-denis-_MG_1672.jpg?resize=1024%2C683&amp;ssl=1 1024w, https:\/\/i0.wp.com\/frederiquelebrun.com\/wp-content\/uploads\/2021\/10\/12-2020-11-07-WP-FLB-camp-saint-denis-_MG_1672.jpg?resize=768%2C512&amp;ssl=1 768w, https:\/\/i0.wp.com\/frederiquelebrun.com\/wp-content\/uploads\/2021\/10\/12-2020-11-07-WP-FLB-camp-saint-denis-_MG_1672.jpg?resize=1536%2C1024&amp;ssl=1 1536w\" data-vp-popup-img-size=\"1920x1280\" data-vp-popup-md-img=\"https:\/\/i0.wp.com\/frederiquelebrun.com\/wp-content\/uploads\/2021\/10\/12-2020-11-07-WP-FLB-camp-saint-denis-_MG_1672.jpg?fit=800%2C533&#038;ssl=1\" data-vp-popup-md-img-size=\"800x533\" data-vp-popup-sm-img=\"https:\/\/i0.wp.com\/frederiquelebrun.com\/wp-content\/uploads\/2021\/10\/12-2020-11-07-WP-FLB-camp-saint-denis-_MG_1672.jpg?fit=500%2C333&#038;ssl=1\" data-vp-popup-sm-img-size=\"500x333\">\n\t\t\t<div class=\"vp-portfolio__item-popup-description\">2020-11-07-Saint-Denis (Seine-Saint-Denis). Campement d&#8217;exil\u00e9s \u00e0 Porte de Paris. Le campement compte chaque jour de nouveaux arrivants, surtout des Afghans qui sont soit des &#8220;primoarrivants&#8221; (ayant tout juste accompli le long p\u00e9riple depuis l&#8217;Afghanistan, avec ses longues stations iraniennes et\/ou turques, grecques, bosniaques\u2026), soit des personnes ayant tent\u00e9 leur chance en Allemagne, en Belgique ou en Su\u00e8de et ayant \u00e9t\u00e9 d\u00e9bout\u00e9es l\u00e0-bas de leur demande d&#8217;asile. Depuis quelques jours, la mairie de Saint-Denis a fait installer une dizain de cabines de toilettes. ALors que les habitants du camp sont maintenant au moins 2000. Le soir, il fait froid, des gens font bru\u00fbler les tas de d\u00e9chets. Des cuisines improvis\u00e9es ont fait leur apparition sur le campement, o\u00f9 l&#8217;on cuit des galettes de bl\u00e9 contenant de la pur\u00e9e de pomme de terre (bolani) ou des soupes (chicken soup). De partout, les exil\u00e9s rapportent du bois et des palettes glan\u00e9es dans les environs pour faire les feux. Photo : Fr\u00e9d\u00e9rique Le Brun<\/div>\n\t\t<\/template>\n\t\t\t\t\t\t<figure class=\"vp-portfolio__item\">\n\t\t\t\t\n<div class=\"vp-portfolio__item-img-wrap\">\n\t<div class=\"vp-portfolio__item-img\">\n\t\t\t<a\n\t\thref=\"https:\/\/i0.wp.com\/frederiquelebrun.com\/wp-content\/uploads\/2021\/10\/12-2020-11-07-WP-FLB-camp-saint-denis-_MG_1672.jpg?fit=1920%2C1280&#038;ssl=1\"\n\t\taria-label=\"Campement exil\u00e9s Saint-Denis\" \t>\n\t\n\t\t<noscript><img loading=\"lazy\" decoding=\"async\" width=\"1920\" height=\"1280\" data-skip-lazy src=\"https:\/\/i0.wp.com\/frederiquelebrun.com\/wp-content\/uploads\/2021\/10\/12-2020-11-07-WP-FLB-camp-saint-denis-_MG_1672.jpg?fit=1920%2C1280&amp;ssl=1\" class=\"wp-image-481\" alt=\"Campement migrants Saint-Denis \u00e9vacutation\" srcset=\"https:\/\/i0.wp.com\/frederiquelebrun.com\/wp-content\/uploads\/2021\/10\/12-2020-11-07-WP-FLB-camp-saint-denis-_MG_1672.jpg?w=2048&amp;ssl=1 2048w, https:\/\/i0.wp.com\/frederiquelebrun.com\/wp-content\/uploads\/2021\/10\/12-2020-11-07-WP-FLB-camp-saint-denis-_MG_1672.jpg?resize=300%2C200&amp;ssl=1 300w, https:\/\/i0.wp.com\/frederiquelebrun.com\/wp-content\/uploads\/2021\/10\/12-2020-11-07-WP-FLB-camp-saint-denis-_MG_1672.jpg?resize=600%2C400&amp;ssl=1 600w, https:\/\/i0.wp.com\/frederiquelebrun.com\/wp-content\/uploads\/2021\/10\/12-2020-11-07-WP-FLB-camp-saint-denis-_MG_1672.jpg?resize=1024%2C683&amp;ssl=1 1024w, https:\/\/i0.wp.com\/frederiquelebrun.com\/wp-content\/uploads\/2021\/10\/12-2020-11-07-WP-FLB-camp-saint-denis-_MG_1672.jpg?resize=768%2C512&amp;ssl=1 768w, https:\/\/i0.wp.com\/frederiquelebrun.com\/wp-content\/uploads\/2021\/10\/12-2020-11-07-WP-FLB-camp-saint-denis-_MG_1672.jpg?resize=1536%2C1024&amp;ssl=1 1536w\" sizes=\"(max-width: 1000px) 100vw, 1000px\" \/><\/noscript><img decoding=\"async\" width=\"1920\" height=\"1280\" src=\"https:\/\/i0.wp.com\/frederiquelebrun.com\/wp-content\/uploads\/2021\/10\/12-2020-11-07-WP-FLB-camp-saint-denis-_MG_1672.jpg?fit=1920%2C1280&amp;ssl=1\" class=\"wp-image-481 vp-lazyload\" alt=\"Campement migrants Saint-Denis \u00e9vacutation\" srcset=\"data:image\/svg+xml;base64,PHN2ZyB3aWR0aD0iMTkyMCIgaGVpZ2h0PSIxMjgwIiB2aWV3Qm94PSIwIDAgMTkyMCAxMjgwIiBmaWxsPSJub25lIiB4bWxucz0iaHR0cDovL3d3dy53My5vcmcvMjAwMC9zdmciPjwvc3ZnPg==\" data-src=\"https:\/\/i0.wp.com\/frederiquelebrun.com\/wp-content\/uploads\/2021\/10\/12-2020-11-07-WP-FLB-camp-saint-denis-_MG_1672.jpg?fit=1920%2C1280&amp;ssl=1\" data-srcset=\"https:\/\/i0.wp.com\/frederiquelebrun.com\/wp-content\/uploads\/2021\/10\/12-2020-11-07-WP-FLB-camp-saint-denis-_MG_1672.jpg?w=2048&amp;ssl=1 2048w, https:\/\/i0.wp.com\/frederiquelebrun.com\/wp-content\/uploads\/2021\/10\/12-2020-11-07-WP-FLB-camp-saint-denis-_MG_1672.jpg?resize=300%2C200&amp;ssl=1 300w, https:\/\/i0.wp.com\/frederiquelebrun.com\/wp-content\/uploads\/2021\/10\/12-2020-11-07-WP-FLB-camp-saint-denis-_MG_1672.jpg?resize=600%2C400&amp;ssl=1 600w, https:\/\/i0.wp.com\/frederiquelebrun.com\/wp-content\/uploads\/2021\/10\/12-2020-11-07-WP-FLB-camp-saint-denis-_MG_1672.jpg?resize=1024%2C683&amp;ssl=1 1024w, https:\/\/i0.wp.com\/frederiquelebrun.com\/wp-content\/uploads\/2021\/10\/12-2020-11-07-WP-FLB-camp-saint-denis-_MG_1672.jpg?resize=768%2C512&amp;ssl=1 768w, https:\/\/i0.wp.com\/frederiquelebrun.com\/wp-content\/uploads\/2021\/10\/12-2020-11-07-WP-FLB-camp-saint-denis-_MG_1672.jpg?resize=1536%2C1024&amp;ssl=1 1536w\" data-sizes=\"auto\" loading=\"eager\">\n\t\t<div class=\"vp-portfolio__item-overlay\">\n\t\t\t\t\t<\/div>\n\n\t\t<\/a>\t<\/div>\n<\/div>\n\n\t\t\t<\/figure>\n\t\t\t\t\t<\/div>\n\t\t\n\t\t<div\t\tclass=\"vp-portfolio__item-wrap vp-portfolio__item-uid-3013e6ec\" data-vp-filter=\"\" \t\t>\n\t\t\t<template class=\"vp-portfolio__item-popup\" data-vp-popup-img=\"https:\/\/i0.wp.com\/frederiquelebrun.com\/wp-content\/uploads\/2021\/10\/13-2020-10-10-WP-FLB-camp-saint-denis-_MG_9160.jpg?fit=1920%2C1280&#038;ssl=1\" data-vp-popup-img-srcset=\"https:\/\/i0.wp.com\/frederiquelebrun.com\/wp-content\/uploads\/2021\/10\/13-2020-10-10-WP-FLB-camp-saint-denis-_MG_9160.jpg?w=2048&amp;ssl=1 2048w, https:\/\/i0.wp.com\/frederiquelebrun.com\/wp-content\/uploads\/2021\/10\/13-2020-10-10-WP-FLB-camp-saint-denis-_MG_9160.jpg?resize=300%2C200&amp;ssl=1 300w, https:\/\/i0.wp.com\/frederiquelebrun.com\/wp-content\/uploads\/2021\/10\/13-2020-10-10-WP-FLB-camp-saint-denis-_MG_9160.jpg?resize=600%2C400&amp;ssl=1 600w, https:\/\/i0.wp.com\/frederiquelebrun.com\/wp-content\/uploads\/2021\/10\/13-2020-10-10-WP-FLB-camp-saint-denis-_MG_9160.jpg?resize=1024%2C683&amp;ssl=1 1024w, https:\/\/i0.wp.com\/frederiquelebrun.com\/wp-content\/uploads\/2021\/10\/13-2020-10-10-WP-FLB-camp-saint-denis-_MG_9160.jpg?resize=768%2C512&amp;ssl=1 768w, https:\/\/i0.wp.com\/frederiquelebrun.com\/wp-content\/uploads\/2021\/10\/13-2020-10-10-WP-FLB-camp-saint-denis-_MG_9160.jpg?resize=1536%2C1024&amp;ssl=1 1536w, https:\/\/i0.wp.com\/frederiquelebrun.com\/wp-content\/uploads\/2021\/10\/13-2020-10-10-WP-FLB-camp-saint-denis-_MG_9160.jpg?resize=18%2C12&amp;ssl=1 18w, https:\/\/i0.wp.com\/frederiquelebrun.com\/wp-content\/uploads\/2021\/10\/13-2020-10-10-WP-FLB-camp-saint-denis-_MG_9160.jpg?resize=500%2C333&amp;ssl=1 500w, https:\/\/i0.wp.com\/frederiquelebrun.com\/wp-content\/uploads\/2021\/10\/13-2020-10-10-WP-FLB-camp-saint-denis-_MG_9160.jpg?resize=800%2C533&amp;ssl=1 800w, https:\/\/i0.wp.com\/frederiquelebrun.com\/wp-content\/uploads\/2021\/10\/13-2020-10-10-WP-FLB-camp-saint-denis-_MG_9160.jpg?resize=1280%2C853&amp;ssl=1 1280w, https:\/\/i0.wp.com\/frederiquelebrun.com\/wp-content\/uploads\/2021\/10\/13-2020-10-10-WP-FLB-camp-saint-denis-_MG_9160.jpg?resize=1920%2C1280&amp;ssl=1 1920w, https:\/\/i0.wp.com\/frederiquelebrun.com\/wp-content\/uploads\/2021\/10\/13-2020-10-10-WP-FLB-camp-saint-denis-_MG_9160.jpg?resize=150%2C100&amp;ssl=1 150w\" data-vp-popup-img-size=\"1920x1280\" data-vp-popup-md-img=\"https:\/\/i0.wp.com\/frederiquelebrun.com\/wp-content\/uploads\/2021\/10\/13-2020-10-10-WP-FLB-camp-saint-denis-_MG_9160.jpg?fit=800%2C533&#038;ssl=1\" data-vp-popup-md-img-size=\"800x533\" data-vp-popup-sm-img=\"https:\/\/i0.wp.com\/frederiquelebrun.com\/wp-content\/uploads\/2021\/10\/13-2020-10-10-WP-FLB-camp-saint-denis-_MG_9160.jpg?fit=500%2C333&#038;ssl=1\" data-vp-popup-sm-img-size=\"500x333\">\n\t\t\t<div class=\"vp-portfolio__item-popup-description\">2020-10-10-Saint-Denis (Seine-Saint-Denis). Campement d&#8217;exil\u00e9s \u00e0 Porte de Paris. Le campement compte chaque jour de nouveaux arrivants, surtout des Afghans qui sont soit des &#8220;primoarrivants&#8221; (ayant tout juste accompli le long p\u00e9riple depuis l&#8217;Afghanistan, avec ses longues stations iraniennes et\/ou turques, grecques, bosniaques\u2026), soit des personnes ayant tent\u00e9 leur chance en Allemagne, en Belgique ou en Su\u00e8de et ayant \u00e9t\u00e9 d\u00e9bout\u00e9es l\u00e0-bas de leur demande d&#8217;asile. Depuis quelques jours, la mairie de Saint-Denis a fait installer des robinets d&#8217;eau suppl\u00e9mentaires. Jusqu&#8217;alors, les habitants du camp devaient se contenter d&#8217;un seul point d&#8217;eau pour plus de 1500 personnes. Ce jour, des associations de soutien aux migrants et aux sans-papiers sont venues distribuer des tracts appelant \u00e0 la marche du 17 octobre pour les droits des sans-papiers. Quelques exil\u00e9s participent \u00e0 la confection d&#8217;une banderole en vue de leur participation \u00e0 cette marche. Puis la nuit et le froid tombent, et ici et l\u00e0 des feux s&#8217;allument. Photo : Fr\u00e9d\u00e9rique Le Brun<\/div>\n\t\t<\/template>\n\t\t\t\t\t\t<figure class=\"vp-portfolio__item\">\n\t\t\t\t\n<div class=\"vp-portfolio__item-img-wrap\">\n\t<div class=\"vp-portfolio__item-img\">\n\t\t\t<a\n\t\thref=\"https:\/\/i0.wp.com\/frederiquelebrun.com\/wp-content\/uploads\/2021\/10\/13-2020-10-10-WP-FLB-camp-saint-denis-_MG_9160.jpg?fit=1920%2C1280&#038;ssl=1\"\n\t\taria-label=\"Campement exil\u00e9s Saint-Denis\" \t>\n\t\n\t\t<noscript><img loading=\"lazy\" decoding=\"async\" width=\"1920\" height=\"1280\" data-skip-lazy src=\"https:\/\/i0.wp.com\/frederiquelebrun.com\/wp-content\/uploads\/2021\/10\/13-2020-10-10-WP-FLB-camp-saint-denis-_MG_9160.jpg?fit=1920%2C1280&amp;ssl=1\" class=\"wp-image-482\" alt=\"Campement migrants Saint-Denis \u00e9vacutation\" srcset=\"https:\/\/i0.wp.com\/frederiquelebrun.com\/wp-content\/uploads\/2021\/10\/13-2020-10-10-WP-FLB-camp-saint-denis-_MG_9160.jpg?w=2048&amp;ssl=1 2048w, https:\/\/i0.wp.com\/frederiquelebrun.com\/wp-content\/uploads\/2021\/10\/13-2020-10-10-WP-FLB-camp-saint-denis-_MG_9160.jpg?resize=300%2C200&amp;ssl=1 300w, https:\/\/i0.wp.com\/frederiquelebrun.com\/wp-content\/uploads\/2021\/10\/13-2020-10-10-WP-FLB-camp-saint-denis-_MG_9160.jpg?resize=600%2C400&amp;ssl=1 600w, https:\/\/i0.wp.com\/frederiquelebrun.com\/wp-content\/uploads\/2021\/10\/13-2020-10-10-WP-FLB-camp-saint-denis-_MG_9160.jpg?resize=1024%2C683&amp;ssl=1 1024w, https:\/\/i0.wp.com\/frederiquelebrun.com\/wp-content\/uploads\/2021\/10\/13-2020-10-10-WP-FLB-camp-saint-denis-_MG_9160.jpg?resize=768%2C512&amp;ssl=1 768w, https:\/\/i0.wp.com\/frederiquelebrun.com\/wp-content\/uploads\/2021\/10\/13-2020-10-10-WP-FLB-camp-saint-denis-_MG_9160.jpg?resize=1536%2C1024&amp;ssl=1 1536w, https:\/\/i0.wp.com\/frederiquelebrun.com\/wp-content\/uploads\/2021\/10\/13-2020-10-10-WP-FLB-camp-saint-denis-_MG_9160.jpg?resize=18%2C12&amp;ssl=1 18w, https:\/\/i0.wp.com\/frederiquelebrun.com\/wp-content\/uploads\/2021\/10\/13-2020-10-10-WP-FLB-camp-saint-denis-_MG_9160.jpg?resize=500%2C333&amp;ssl=1 500w, https:\/\/i0.wp.com\/frederiquelebrun.com\/wp-content\/uploads\/2021\/10\/13-2020-10-10-WP-FLB-camp-saint-denis-_MG_9160.jpg?resize=800%2C533&amp;ssl=1 800w, https:\/\/i0.wp.com\/frederiquelebrun.com\/wp-content\/uploads\/2021\/10\/13-2020-10-10-WP-FLB-camp-saint-denis-_MG_9160.jpg?resize=1280%2C853&amp;ssl=1 1280w, https:\/\/i0.wp.com\/frederiquelebrun.com\/wp-content\/uploads\/2021\/10\/13-2020-10-10-WP-FLB-camp-saint-denis-_MG_9160.jpg?resize=1920%2C1280&amp;ssl=1 1920w, https:\/\/i0.wp.com\/frederiquelebrun.com\/wp-content\/uploads\/2021\/10\/13-2020-10-10-WP-FLB-camp-saint-denis-_MG_9160.jpg?resize=150%2C100&amp;ssl=1 150w\" sizes=\"(max-width: 1000px) 100vw, 1000px\" \/><\/noscript><img decoding=\"async\" width=\"1920\" height=\"1280\" src=\"https:\/\/i0.wp.com\/frederiquelebrun.com\/wp-content\/uploads\/2021\/10\/13-2020-10-10-WP-FLB-camp-saint-denis-_MG_9160.jpg?fit=1920%2C1280&amp;ssl=1\" class=\"wp-image-482 vp-lazyload\" alt=\"Campement migrants Saint-Denis \u00e9vacutation\" srcset=\"data:image\/svg+xml;base64,PHN2ZyB3aWR0aD0iMTkyMCIgaGVpZ2h0PSIxMjgwIiB2aWV3Qm94PSIwIDAgMTkyMCAxMjgwIiBmaWxsPSJub25lIiB4bWxucz0iaHR0cDovL3d3dy53My5vcmcvMjAwMC9zdmciPjwvc3ZnPg==\" data-src=\"https:\/\/i0.wp.com\/frederiquelebrun.com\/wp-content\/uploads\/2021\/10\/13-2020-10-10-WP-FLB-camp-saint-denis-_MG_9160.jpg?fit=1920%2C1280&amp;ssl=1\" data-srcset=\"https:\/\/i0.wp.com\/frederiquelebrun.com\/wp-content\/uploads\/2021\/10\/13-2020-10-10-WP-FLB-camp-saint-denis-_MG_9160.jpg?w=2048&amp;ssl=1 2048w, https:\/\/i0.wp.com\/frederiquelebrun.com\/wp-content\/uploads\/2021\/10\/13-2020-10-10-WP-FLB-camp-saint-denis-_MG_9160.jpg?resize=300%2C200&amp;ssl=1 300w, https:\/\/i0.wp.com\/frederiquelebrun.com\/wp-content\/uploads\/2021\/10\/13-2020-10-10-WP-FLB-camp-saint-denis-_MG_9160.jpg?resize=600%2C400&amp;ssl=1 600w, https:\/\/i0.wp.com\/frederiquelebrun.com\/wp-content\/uploads\/2021\/10\/13-2020-10-10-WP-FLB-camp-saint-denis-_MG_9160.jpg?resize=1024%2C683&amp;ssl=1 1024w, https:\/\/i0.wp.com\/frederiquelebrun.com\/wp-content\/uploads\/2021\/10\/13-2020-10-10-WP-FLB-camp-saint-denis-_MG_9160.jpg?resize=768%2C512&amp;ssl=1 768w, https:\/\/i0.wp.com\/frederiquelebrun.com\/wp-content\/uploads\/2021\/10\/13-2020-10-10-WP-FLB-camp-saint-denis-_MG_9160.jpg?resize=1536%2C1024&amp;ssl=1 1536w, https:\/\/i0.wp.com\/frederiquelebrun.com\/wp-content\/uploads\/2021\/10\/13-2020-10-10-WP-FLB-camp-saint-denis-_MG_9160.jpg?resize=18%2C12&amp;ssl=1 18w, https:\/\/i0.wp.com\/frederiquelebrun.com\/wp-content\/uploads\/2021\/10\/13-2020-10-10-WP-FLB-camp-saint-denis-_MG_9160.jpg?resize=500%2C333&amp;ssl=1 500w, https:\/\/i0.wp.com\/frederiquelebrun.com\/wp-content\/uploads\/2021\/10\/13-2020-10-10-WP-FLB-camp-saint-denis-_MG_9160.jpg?resize=800%2C533&amp;ssl=1 800w, https:\/\/i0.wp.com\/frederiquelebrun.com\/wp-content\/uploads\/2021\/10\/13-2020-10-10-WP-FLB-camp-saint-denis-_MG_9160.jpg?resize=1280%2C853&amp;ssl=1 1280w, https:\/\/i0.wp.com\/frederiquelebrun.com\/wp-content\/uploads\/2021\/10\/13-2020-10-10-WP-FLB-camp-saint-denis-_MG_9160.jpg?resize=1920%2C1280&amp;ssl=1 1920w, https:\/\/i0.wp.com\/frederiquelebrun.com\/wp-content\/uploads\/2021\/10\/13-2020-10-10-WP-FLB-camp-saint-denis-_MG_9160.jpg?resize=150%2C100&amp;ssl=1 150w\" data-sizes=\"auto\" loading=\"eager\">\n\t\t<div class=\"vp-portfolio__item-overlay\">\n\t\t\t\t\t<\/div>\n\n\t\t<\/a>\t<\/div>\n<\/div>\n\n\t\t\t<\/figure>\n\t\t\t\t\t<\/div>\n\t\t\n\t\t<div\t\tclass=\"vp-portfolio__item-wrap vp-portfolio__item-uid-ffa8b11f\" data-vp-filter=\"\" \t\t>\n\t\t\t<template class=\"vp-portfolio__item-popup\" data-vp-popup-img=\"https:\/\/i0.wp.com\/frederiquelebrun.com\/wp-content\/uploads\/2021\/10\/14-2020-09-28-WP-FLB-camp-saint-denis-_MG_8800.jpg?fit=1920%2C1280&#038;ssl=1\" data-vp-popup-img-srcset=\"https:\/\/i0.wp.com\/frederiquelebrun.com\/wp-content\/uploads\/2021\/10\/14-2020-09-28-WP-FLB-camp-saint-denis-_MG_8800.jpg?w=2048&amp;ssl=1 2048w, https:\/\/i0.wp.com\/frederiquelebrun.com\/wp-content\/uploads\/2021\/10\/14-2020-09-28-WP-FLB-camp-saint-denis-_MG_8800.jpg?resize=300%2C200&amp;ssl=1 300w, https:\/\/i0.wp.com\/frederiquelebrun.com\/wp-content\/uploads\/2021\/10\/14-2020-09-28-WP-FLB-camp-saint-denis-_MG_8800.jpg?resize=600%2C400&amp;ssl=1 600w, https:\/\/i0.wp.com\/frederiquelebrun.com\/wp-content\/uploads\/2021\/10\/14-2020-09-28-WP-FLB-camp-saint-denis-_MG_8800.jpg?resize=1024%2C683&amp;ssl=1 1024w, https:\/\/i0.wp.com\/frederiquelebrun.com\/wp-content\/uploads\/2021\/10\/14-2020-09-28-WP-FLB-camp-saint-denis-_MG_8800.jpg?resize=768%2C512&amp;ssl=1 768w, https:\/\/i0.wp.com\/frederiquelebrun.com\/wp-content\/uploads\/2021\/10\/14-2020-09-28-WP-FLB-camp-saint-denis-_MG_8800.jpg?resize=1536%2C1024&amp;ssl=1 1536w\" data-vp-popup-img-size=\"1920x1280\" data-vp-popup-md-img=\"https:\/\/i0.wp.com\/frederiquelebrun.com\/wp-content\/uploads\/2021\/10\/14-2020-09-28-WP-FLB-camp-saint-denis-_MG_8800.jpg?fit=800%2C533&#038;ssl=1\" data-vp-popup-md-img-size=\"800x533\" data-vp-popup-sm-img=\"https:\/\/i0.wp.com\/frederiquelebrun.com\/wp-content\/uploads\/2021\/10\/14-2020-09-28-WP-FLB-camp-saint-denis-_MG_8800.jpg?fit=500%2C333&#038;ssl=1\" data-vp-popup-sm-img-size=\"500x333\">\n\t\t\t<div class=\"vp-portfolio__item-popup-description\">2020-09-28. Saint-Denis, Porte de Paris (Seine-Saint-Denis). Depuis quelques semaines, des dizaines de r\u00e9fugi\u00e9s de diverses nationalit\u00e9s (en majorit\u00e9 des Afghans) se sont install\u00e9s \u00e0 la Porte de Paris (Saint-Denis), sous une bretelle de l\u2019autoroute A1, \u00e0 100 m du stade de France. Sans toilettes, avec un seul point d\u2019eau potable, d\u00e9pendant des maraudes associatives pour leur repas, les jeunes hommes (la plupart ont moins de 30 ans) vivent dans des conditions difficiles, certains n&#8217;ayant m\u00eame pas de tente pour s&#8217;abriter la nuit. Pendant la journ\u00e9e, les r\u00e9fugi\u00e9s passent beaucoup de temps sur leur t\u00e9l\u00e9phone, surtout pour essayer\u00a0 de joindre l&#8217;OFII (Office fran\u00e7ais de l&#8217;immigration et de l&#8217;int\u00e9gration) pour d\u00e9crocher un rendez-vous afin de d\u00e9clarer officiellement leur arriv\u00e9e en France. Maintenant que l&#8217;automne arrive, il s&#8217;agit de renforcer les tentes, de faire du feu, de se r\u00e9chauffer, de pr\u00e9parer les nuits pour ne pas que la pluie inonde les tentes. Photo : Fr\u00e9d\u00e9rique Le Brun<\/div>\n\t\t<\/template>\n\t\t\t\t\t\t<figure class=\"vp-portfolio__item\">\n\t\t\t\t\n<div class=\"vp-portfolio__item-img-wrap\">\n\t<div class=\"vp-portfolio__item-img\">\n\t\t\t<a\n\t\thref=\"https:\/\/i0.wp.com\/frederiquelebrun.com\/wp-content\/uploads\/2021\/10\/14-2020-09-28-WP-FLB-camp-saint-denis-_MG_8800.jpg?fit=1920%2C1280&#038;ssl=1\"\n\t\taria-label=\"Campement Saint-Denis\" \t>\n\t\n\t\t<noscript><img loading=\"lazy\" decoding=\"async\" width=\"1920\" height=\"1280\" data-skip-lazy src=\"https:\/\/i0.wp.com\/frederiquelebrun.com\/wp-content\/uploads\/2021\/10\/14-2020-09-28-WP-FLB-camp-saint-denis-_MG_8800.jpg?fit=1920%2C1280&amp;ssl=1\" class=\"wp-image-483\" alt=\"Campement migrants Saint-Denis \u00e9vacutation\" srcset=\"https:\/\/i0.wp.com\/frederiquelebrun.com\/wp-content\/uploads\/2021\/10\/14-2020-09-28-WP-FLB-camp-saint-denis-_MG_8800.jpg?w=2048&amp;ssl=1 2048w, https:\/\/i0.wp.com\/frederiquelebrun.com\/wp-content\/uploads\/2021\/10\/14-2020-09-28-WP-FLB-camp-saint-denis-_MG_8800.jpg?resize=300%2C200&amp;ssl=1 300w, https:\/\/i0.wp.com\/frederiquelebrun.com\/wp-content\/uploads\/2021\/10\/14-2020-09-28-WP-FLB-camp-saint-denis-_MG_8800.jpg?resize=600%2C400&amp;ssl=1 600w, https:\/\/i0.wp.com\/frederiquelebrun.com\/wp-content\/uploads\/2021\/10\/14-2020-09-28-WP-FLB-camp-saint-denis-_MG_8800.jpg?resize=1024%2C683&amp;ssl=1 1024w, https:\/\/i0.wp.com\/frederiquelebrun.com\/wp-content\/uploads\/2021\/10\/14-2020-09-28-WP-FLB-camp-saint-denis-_MG_8800.jpg?resize=768%2C512&amp;ssl=1 768w, https:\/\/i0.wp.com\/frederiquelebrun.com\/wp-content\/uploads\/2021\/10\/14-2020-09-28-WP-FLB-camp-saint-denis-_MG_8800.jpg?resize=1536%2C1024&amp;ssl=1 1536w\" sizes=\"(max-width: 1000px) 100vw, 1000px\" \/><\/noscript><img decoding=\"async\" width=\"1920\" height=\"1280\" src=\"https:\/\/i0.wp.com\/frederiquelebrun.com\/wp-content\/uploads\/2021\/10\/14-2020-09-28-WP-FLB-camp-saint-denis-_MG_8800.jpg?fit=1920%2C1280&amp;ssl=1\" class=\"wp-image-483 vp-lazyload\" alt=\"Campement migrants Saint-Denis \u00e9vacutation\" srcset=\"data:image\/svg+xml;base64,PHN2ZyB3aWR0aD0iMTkyMCIgaGVpZ2h0PSIxMjgwIiB2aWV3Qm94PSIwIDAgMTkyMCAxMjgwIiBmaWxsPSJub25lIiB4bWxucz0iaHR0cDovL3d3dy53My5vcmcvMjAwMC9zdmciPjwvc3ZnPg==\" data-src=\"https:\/\/i0.wp.com\/frederiquelebrun.com\/wp-content\/uploads\/2021\/10\/14-2020-09-28-WP-FLB-camp-saint-denis-_MG_8800.jpg?fit=1920%2C1280&amp;ssl=1\" data-srcset=\"https:\/\/i0.wp.com\/frederiquelebrun.com\/wp-content\/uploads\/2021\/10\/14-2020-09-28-WP-FLB-camp-saint-denis-_MG_8800.jpg?w=2048&amp;ssl=1 2048w, https:\/\/i0.wp.com\/frederiquelebrun.com\/wp-content\/uploads\/2021\/10\/14-2020-09-28-WP-FLB-camp-saint-denis-_MG_8800.jpg?resize=300%2C200&amp;ssl=1 300w, https:\/\/i0.wp.com\/frederiquelebrun.com\/wp-content\/uploads\/2021\/10\/14-2020-09-28-WP-FLB-camp-saint-denis-_MG_8800.jpg?resize=600%2C400&amp;ssl=1 600w, https:\/\/i0.wp.com\/frederiquelebrun.com\/wp-content\/uploads\/2021\/10\/14-2020-09-28-WP-FLB-camp-saint-denis-_MG_8800.jpg?resize=1024%2C683&amp;ssl=1 1024w, https:\/\/i0.wp.com\/frederiquelebrun.com\/wp-content\/uploads\/2021\/10\/14-2020-09-28-WP-FLB-camp-saint-denis-_MG_8800.jpg?resize=768%2C512&amp;ssl=1 768w, https:\/\/i0.wp.com\/frederiquelebrun.com\/wp-content\/uploads\/2021\/10\/14-2020-09-28-WP-FLB-camp-saint-denis-_MG_8800.jpg?resize=1536%2C1024&amp;ssl=1 1536w\" data-sizes=\"auto\" loading=\"eager\">\n\t\t<div class=\"vp-portfolio__item-overlay\">\n\t\t\t\t\t<\/div>\n\n\t\t<\/a>\t<\/div>\n<\/div>\n\n\t\t\t<\/figure>\n\t\t\t\t\t<\/div>\n\t\t\n\t\t<div\t\tclass=\"vp-portfolio__item-wrap vp-portfolio__item-uid-fc1b1c05\" data-vp-filter=\"\" \t\t>\n\t\t\t<template class=\"vp-portfolio__item-popup\" data-vp-popup-img=\"https:\/\/i0.wp.com\/frederiquelebrun.com\/wp-content\/uploads\/2021\/10\/15-2020-10-11-WP-FLB-camp-saint-denis-_MG_9313.jpg?fit=1920%2C1280&#038;ssl=1\" data-vp-popup-img-srcset=\"https:\/\/i0.wp.com\/frederiquelebrun.com\/wp-content\/uploads\/2021\/10\/15-2020-10-11-WP-FLB-camp-saint-denis-_MG_9313.jpg?w=2048&amp;ssl=1 2048w, https:\/\/i0.wp.com\/frederiquelebrun.com\/wp-content\/uploads\/2021\/10\/15-2020-10-11-WP-FLB-camp-saint-denis-_MG_9313.jpg?resize=300%2C200&amp;ssl=1 300w, https:\/\/i0.wp.com\/frederiquelebrun.com\/wp-content\/uploads\/2021\/10\/15-2020-10-11-WP-FLB-camp-saint-denis-_MG_9313.jpg?resize=600%2C400&amp;ssl=1 600w, https:\/\/i0.wp.com\/frederiquelebrun.com\/wp-content\/uploads\/2021\/10\/15-2020-10-11-WP-FLB-camp-saint-denis-_MG_9313.jpg?resize=1024%2C683&amp;ssl=1 1024w, https:\/\/i0.wp.com\/frederiquelebrun.com\/wp-content\/uploads\/2021\/10\/15-2020-10-11-WP-FLB-camp-saint-denis-_MG_9313.jpg?resize=768%2C512&amp;ssl=1 768w, https:\/\/i0.wp.com\/frederiquelebrun.com\/wp-content\/uploads\/2021\/10\/15-2020-10-11-WP-FLB-camp-saint-denis-_MG_9313.jpg?resize=1536%2C1024&amp;ssl=1 1536w\" data-vp-popup-img-size=\"1920x1280\" data-vp-popup-md-img=\"https:\/\/i0.wp.com\/frederiquelebrun.com\/wp-content\/uploads\/2021\/10\/15-2020-10-11-WP-FLB-camp-saint-denis-_MG_9313.jpg?fit=800%2C533&#038;ssl=1\" data-vp-popup-md-img-size=\"800x533\" data-vp-popup-sm-img=\"https:\/\/i0.wp.com\/frederiquelebrun.com\/wp-content\/uploads\/2021\/10\/15-2020-10-11-WP-FLB-camp-saint-denis-_MG_9313.jpg?fit=500%2C333&#038;ssl=1\" data-vp-popup-sm-img-size=\"500x333\">\n\t\t\t<div class=\"vp-portfolio__item-popup-description\">2020-10-10-Saint-Denis (Seine-Saint-Denis). Campement d&#8217;exil\u00e9s \u00e0 Porte de Paris. Le campement compte chaque jour de nouveaux arrivants, surtout des Afghans qui sont soit des &#8220;primoarrivants&#8221; (ayant tout juste accompli le long p\u00e9riple depuis l&#8217;Afghanistan, avec ses longues stations iraniennes et\/ou turques, grecques, bosniaques\u2026), soit des personnes ayant tent\u00e9 leur chance en Allemagne, en Belgique ou en Su\u00e8de et ayant \u00e9t\u00e9 d\u00e9bout\u00e9es l\u00e0-bas de leur demande d&#8217;asile. Depuis quelques jours, la mairie de Saint-Denis a fait installer des robinets d&#8217;eau suppl\u00e9mentaires. Jusqu&#8217;alors, les habitants du camp devaient se contenter d&#8217;un seul point d&#8217;eau pour plus de 1500 personnes. Ce jour, des associations de soutien aux migrants et aux sans-papiers sont venues distribuer des tracts appelant \u00e0 la marche du 17 octobre pour les droits des sans-papiers. Quelques exil\u00e9s participent \u00e0 la confection d&#8217;une banderole en vue de leur participation \u00e0 cette marche. Photo : Fr\u00e9d\u00e9rique Le Brun<\/div>\n\t\t<\/template>\n\t\t\t\t\t\t<figure class=\"vp-portfolio__item\">\n\t\t\t\t\n<div class=\"vp-portfolio__item-img-wrap\">\n\t<div class=\"vp-portfolio__item-img\">\n\t\t\t<a\n\t\thref=\"https:\/\/i0.wp.com\/frederiquelebrun.com\/wp-content\/uploads\/2021\/10\/15-2020-10-11-WP-FLB-camp-saint-denis-_MG_9313.jpg?fit=1920%2C1280&#038;ssl=1\"\n\t\taria-label=\"Campement exil\u00e9s Saint-Denis\" \t>\n\t\n\t\t<noscript><img loading=\"lazy\" decoding=\"async\" width=\"1920\" height=\"1280\" data-skip-lazy src=\"https:\/\/i0.wp.com\/frederiquelebrun.com\/wp-content\/uploads\/2021\/10\/15-2020-10-11-WP-FLB-camp-saint-denis-_MG_9313.jpg?fit=1920%2C1280&amp;ssl=1\" class=\"wp-image-484\" alt=\"Campement migrants Saint-Denis \u00e9vacutation\" srcset=\"https:\/\/i0.wp.com\/frederiquelebrun.com\/wp-content\/uploads\/2021\/10\/15-2020-10-11-WP-FLB-camp-saint-denis-_MG_9313.jpg?w=2048&amp;ssl=1 2048w, https:\/\/i0.wp.com\/frederiquelebrun.com\/wp-content\/uploads\/2021\/10\/15-2020-10-11-WP-FLB-camp-saint-denis-_MG_9313.jpg?resize=300%2C200&amp;ssl=1 300w, https:\/\/i0.wp.com\/frederiquelebrun.com\/wp-content\/uploads\/2021\/10\/15-2020-10-11-WP-FLB-camp-saint-denis-_MG_9313.jpg?resize=600%2C400&amp;ssl=1 600w, https:\/\/i0.wp.com\/frederiquelebrun.com\/wp-content\/uploads\/2021\/10\/15-2020-10-11-WP-FLB-camp-saint-denis-_MG_9313.jpg?resize=1024%2C683&amp;ssl=1 1024w, https:\/\/i0.wp.com\/frederiquelebrun.com\/wp-content\/uploads\/2021\/10\/15-2020-10-11-WP-FLB-camp-saint-denis-_MG_9313.jpg?resize=768%2C512&amp;ssl=1 768w, https:\/\/i0.wp.com\/frederiquelebrun.com\/wp-content\/uploads\/2021\/10\/15-2020-10-11-WP-FLB-camp-saint-denis-_MG_9313.jpg?resize=1536%2C1024&amp;ssl=1 1536w\" sizes=\"(max-width: 1000px) 100vw, 1000px\" \/><\/noscript><img decoding=\"async\" width=\"1920\" height=\"1280\" src=\"https:\/\/i0.wp.com\/frederiquelebrun.com\/wp-content\/uploads\/2021\/10\/15-2020-10-11-WP-FLB-camp-saint-denis-_MG_9313.jpg?fit=1920%2C1280&amp;ssl=1\" class=\"wp-image-484 vp-lazyload\" alt=\"Campement migrants Saint-Denis \u00e9vacutation\" srcset=\"data:image\/svg+xml;base64,PHN2ZyB3aWR0aD0iMTkyMCIgaGVpZ2h0PSIxMjgwIiB2aWV3Qm94PSIwIDAgMTkyMCAxMjgwIiBmaWxsPSJub25lIiB4bWxucz0iaHR0cDovL3d3dy53My5vcmcvMjAwMC9zdmciPjwvc3ZnPg==\" data-src=\"https:\/\/i0.wp.com\/frederiquelebrun.com\/wp-content\/uploads\/2021\/10\/15-2020-10-11-WP-FLB-camp-saint-denis-_MG_9313.jpg?fit=1920%2C1280&amp;ssl=1\" data-srcset=\"https:\/\/i0.wp.com\/frederiquelebrun.com\/wp-content\/uploads\/2021\/10\/15-2020-10-11-WP-FLB-camp-saint-denis-_MG_9313.jpg?w=2048&amp;ssl=1 2048w, https:\/\/i0.wp.com\/frederiquelebrun.com\/wp-content\/uploads\/2021\/10\/15-2020-10-11-WP-FLB-camp-saint-denis-_MG_9313.jpg?resize=300%2C200&amp;ssl=1 300w, https:\/\/i0.wp.com\/frederiquelebrun.com\/wp-content\/uploads\/2021\/10\/15-2020-10-11-WP-FLB-camp-saint-denis-_MG_9313.jpg?resize=600%2C400&amp;ssl=1 600w, https:\/\/i0.wp.com\/frederiquelebrun.com\/wp-content\/uploads\/2021\/10\/15-2020-10-11-WP-FLB-camp-saint-denis-_MG_9313.jpg?resize=1024%2C683&amp;ssl=1 1024w, https:\/\/i0.wp.com\/frederiquelebrun.com\/wp-content\/uploads\/2021\/10\/15-2020-10-11-WP-FLB-camp-saint-denis-_MG_9313.jpg?resize=768%2C512&amp;ssl=1 768w, https:\/\/i0.wp.com\/frederiquelebrun.com\/wp-content\/uploads\/2021\/10\/15-2020-10-11-WP-FLB-camp-saint-denis-_MG_9313.jpg?resize=1536%2C1024&amp;ssl=1 1536w\" data-sizes=\"auto\" loading=\"eager\">\n\t\t<div class=\"vp-portfolio__item-overlay\">\n\t\t\t\t\t<\/div>\n\n\t\t<\/a>\t<\/div>\n<\/div>\n\n\t\t\t<\/figure>\n\t\t\t\t\t<\/div>\n\t\t\n\t\t<div\t\tclass=\"vp-portfolio__item-wrap vp-portfolio__item-uid-33a04bf6\" data-vp-filter=\"\" \t\t>\n\t\t\t<template class=\"vp-portfolio__item-popup\" data-vp-popup-img=\"https:\/\/i0.wp.com\/frederiquelebrun.com\/wp-content\/uploads\/2021\/10\/16-2020-10-11-WP-FLB-camp-saint-denis-_MG_9520.jpg?fit=1920%2C1280&#038;ssl=1\" data-vp-popup-img-srcset=\"https:\/\/i0.wp.com\/frederiquelebrun.com\/wp-content\/uploads\/2021\/10\/16-2020-10-11-WP-FLB-camp-saint-denis-_MG_9520.jpg?w=2048&amp;ssl=1 2048w, https:\/\/i0.wp.com\/frederiquelebrun.com\/wp-content\/uploads\/2021\/10\/16-2020-10-11-WP-FLB-camp-saint-denis-_MG_9520.jpg?resize=300%2C200&amp;ssl=1 300w, https:\/\/i0.wp.com\/frederiquelebrun.com\/wp-content\/uploads\/2021\/10\/16-2020-10-11-WP-FLB-camp-saint-denis-_MG_9520.jpg?resize=600%2C400&amp;ssl=1 600w, https:\/\/i0.wp.com\/frederiquelebrun.com\/wp-content\/uploads\/2021\/10\/16-2020-10-11-WP-FLB-camp-saint-denis-_MG_9520.jpg?resize=1024%2C683&amp;ssl=1 1024w, https:\/\/i0.wp.com\/frederiquelebrun.com\/wp-content\/uploads\/2021\/10\/16-2020-10-11-WP-FLB-camp-saint-denis-_MG_9520.jpg?resize=768%2C512&amp;ssl=1 768w, https:\/\/i0.wp.com\/frederiquelebrun.com\/wp-content\/uploads\/2021\/10\/16-2020-10-11-WP-FLB-camp-saint-denis-_MG_9520.jpg?resize=1536%2C1024&amp;ssl=1 1536w\" data-vp-popup-img-size=\"1920x1280\" data-vp-popup-md-img=\"https:\/\/i0.wp.com\/frederiquelebrun.com\/wp-content\/uploads\/2021\/10\/16-2020-10-11-WP-FLB-camp-saint-denis-_MG_9520.jpg?fit=800%2C533&#038;ssl=1\" data-vp-popup-md-img-size=\"800x533\" data-vp-popup-sm-img=\"https:\/\/i0.wp.com\/frederiquelebrun.com\/wp-content\/uploads\/2021\/10\/16-2020-10-11-WP-FLB-camp-saint-denis-_MG_9520.jpg?fit=500%2C333&#038;ssl=1\" data-vp-popup-sm-img-size=\"500x333\">\n\t\t\t<div class=\"vp-portfolio__item-popup-description\">2020-10-10-Saint-Denis (Seine-Saint-Denis). Campement d&#8217;exil\u00e9s \u00e0 Porte de Paris. Le campement compte chaque jour de nouveaux arrivants, surtout des Afghans qui sont soit des &#8220;primoarrivants&#8221; (ayant tout juste accompli le long p\u00e9riple depuis l&#8217;Afghanistan, avec ses longues stations iraniennes et\/ou turques, grecques, bosniaques\u2026), soit des personnes ayant tent\u00e9 leur chance en Allemagne, en Belgique ou en Su\u00e8de et ayant \u00e9t\u00e9 d\u00e9bout\u00e9es l\u00e0-bas de leur demande d&#8217;asile. Depuis quelques jours, la mairie de Saint-Denis a fait installer des robinets d&#8217;eau suppl\u00e9mentaires. Jusqu&#8217;alors, les habitants du camp devaient se contenter d&#8217;un seul point d&#8217;eau pour plus de 1500 personnes. Ce jour, des associations de soutien aux migrants et aux sans-papiers sont venues distribuer des tracts appelant \u00e0 la marche du 17 octobre pour les droits des sans-papiers. Quelques exil\u00e9s participent \u00e0 la confection d&#8217;une banderole en vue de leur participation \u00e0 cette marche. Photo : Fr\u00e9d\u00e9rique Le Brun<\/div>\n\t\t<\/template>\n\t\t\t\t\t\t<figure class=\"vp-portfolio__item\">\n\t\t\t\t\n<div class=\"vp-portfolio__item-img-wrap\">\n\t<div class=\"vp-portfolio__item-img\">\n\t\t\t<a\n\t\thref=\"https:\/\/i0.wp.com\/frederiquelebrun.com\/wp-content\/uploads\/2021\/10\/16-2020-10-11-WP-FLB-camp-saint-denis-_MG_9520.jpg?fit=1920%2C1280&#038;ssl=1\"\n\t\taria-label=\"Campement exil\u00e9s Saint-Denis\" \t>\n\t\n\t\t<noscript><img loading=\"lazy\" decoding=\"async\" width=\"1920\" height=\"1280\" data-skip-lazy src=\"https:\/\/i0.wp.com\/frederiquelebrun.com\/wp-content\/uploads\/2021\/10\/16-2020-10-11-WP-FLB-camp-saint-denis-_MG_9520.jpg?fit=1920%2C1280&amp;ssl=1\" class=\"wp-image-485\" alt=\"Campement migrants Saint-Denis \u00e9vacutation\" srcset=\"https:\/\/i0.wp.com\/frederiquelebrun.com\/wp-content\/uploads\/2021\/10\/16-2020-10-11-WP-FLB-camp-saint-denis-_MG_9520.jpg?w=2048&amp;ssl=1 2048w, https:\/\/i0.wp.com\/frederiquelebrun.com\/wp-content\/uploads\/2021\/10\/16-2020-10-11-WP-FLB-camp-saint-denis-_MG_9520.jpg?resize=300%2C200&amp;ssl=1 300w, https:\/\/i0.wp.com\/frederiquelebrun.com\/wp-content\/uploads\/2021\/10\/16-2020-10-11-WP-FLB-camp-saint-denis-_MG_9520.jpg?resize=600%2C400&amp;ssl=1 600w, https:\/\/i0.wp.com\/frederiquelebrun.com\/wp-content\/uploads\/2021\/10\/16-2020-10-11-WP-FLB-camp-saint-denis-_MG_9520.jpg?resize=1024%2C683&amp;ssl=1 1024w, https:\/\/i0.wp.com\/frederiquelebrun.com\/wp-content\/uploads\/2021\/10\/16-2020-10-11-WP-FLB-camp-saint-denis-_MG_9520.jpg?resize=768%2C512&amp;ssl=1 768w, https:\/\/i0.wp.com\/frederiquelebrun.com\/wp-content\/uploads\/2021\/10\/16-2020-10-11-WP-FLB-camp-saint-denis-_MG_9520.jpg?resize=1536%2C1024&amp;ssl=1 1536w\" sizes=\"(max-width: 1000px) 100vw, 1000px\" \/><\/noscript><img decoding=\"async\" width=\"1920\" height=\"1280\" src=\"https:\/\/i0.wp.com\/frederiquelebrun.com\/wp-content\/uploads\/2021\/10\/16-2020-10-11-WP-FLB-camp-saint-denis-_MG_9520.jpg?fit=1920%2C1280&amp;ssl=1\" class=\"wp-image-485 vp-lazyload\" alt=\"Campement migrants Saint-Denis \u00e9vacutation\" srcset=\"data:image\/svg+xml;base64,PHN2ZyB3aWR0aD0iMTkyMCIgaGVpZ2h0PSIxMjgwIiB2aWV3Qm94PSIwIDAgMTkyMCAxMjgwIiBmaWxsPSJub25lIiB4bWxucz0iaHR0cDovL3d3dy53My5vcmcvMjAwMC9zdmciPjwvc3ZnPg==\" data-src=\"https:\/\/i0.wp.com\/frederiquelebrun.com\/wp-content\/uploads\/2021\/10\/16-2020-10-11-WP-FLB-camp-saint-denis-_MG_9520.jpg?fit=1920%2C1280&amp;ssl=1\" data-srcset=\"https:\/\/i0.wp.com\/frederiquelebrun.com\/wp-content\/uploads\/2021\/10\/16-2020-10-11-WP-FLB-camp-saint-denis-_MG_9520.jpg?w=2048&amp;ssl=1 2048w, https:\/\/i0.wp.com\/frederiquelebrun.com\/wp-content\/uploads\/2021\/10\/16-2020-10-11-WP-FLB-camp-saint-denis-_MG_9520.jpg?resize=300%2C200&amp;ssl=1 300w, https:\/\/i0.wp.com\/frederiquelebrun.com\/wp-content\/uploads\/2021\/10\/16-2020-10-11-WP-FLB-camp-saint-denis-_MG_9520.jpg?resize=600%2C400&amp;ssl=1 600w, https:\/\/i0.wp.com\/frederiquelebrun.com\/wp-content\/uploads\/2021\/10\/16-2020-10-11-WP-FLB-camp-saint-denis-_MG_9520.jpg?resize=1024%2C683&amp;ssl=1 1024w, https:\/\/i0.wp.com\/frederiquelebrun.com\/wp-content\/uploads\/2021\/10\/16-2020-10-11-WP-FLB-camp-saint-denis-_MG_9520.jpg?resize=768%2C512&amp;ssl=1 768w, https:\/\/i0.wp.com\/frederiquelebrun.com\/wp-content\/uploads\/2021\/10\/16-2020-10-11-WP-FLB-camp-saint-denis-_MG_9520.jpg?resize=1536%2C1024&amp;ssl=1 1536w\" data-sizes=\"auto\" loading=\"eager\">\n\t\t<div class=\"vp-portfolio__item-overlay\">\n\t\t\t\t\t<\/div>\n\n\t\t<\/a>\t<\/div>\n<\/div>\n\n\t\t\t<\/figure>\n\t\t\t\t\t<\/div>\n\t\t\n\t\t<div\t\tclass=\"vp-portfolio__item-wrap vp-portfolio__item-uid-b81cb5a2\" data-vp-filter=\"\" \t\t>\n\t\t\t<template class=\"vp-portfolio__item-popup\" data-vp-popup-img=\"https:\/\/i0.wp.com\/frederiquelebrun.com\/wp-content\/uploads\/2021\/10\/17-2020-10-03-WP-FLB-camp-saint-denis-_MG_9081.jpg?fit=1920%2C1280&#038;ssl=1\" data-vp-popup-img-srcset=\"https:\/\/i0.wp.com\/frederiquelebrun.com\/wp-content\/uploads\/2021\/10\/17-2020-10-03-WP-FLB-camp-saint-denis-_MG_9081.jpg?w=2048&amp;ssl=1 2048w, https:\/\/i0.wp.com\/frederiquelebrun.com\/wp-content\/uploads\/2021\/10\/17-2020-10-03-WP-FLB-camp-saint-denis-_MG_9081.jpg?resize=300%2C200&amp;ssl=1 300w, https:\/\/i0.wp.com\/frederiquelebrun.com\/wp-content\/uploads\/2021\/10\/17-2020-10-03-WP-FLB-camp-saint-denis-_MG_9081.jpg?resize=600%2C400&amp;ssl=1 600w, https:\/\/i0.wp.com\/frederiquelebrun.com\/wp-content\/uploads\/2021\/10\/17-2020-10-03-WP-FLB-camp-saint-denis-_MG_9081.jpg?resize=1024%2C683&amp;ssl=1 1024w, https:\/\/i0.wp.com\/frederiquelebrun.com\/wp-content\/uploads\/2021\/10\/17-2020-10-03-WP-FLB-camp-saint-denis-_MG_9081.jpg?resize=768%2C512&amp;ssl=1 768w, https:\/\/i0.wp.com\/frederiquelebrun.com\/wp-content\/uploads\/2021\/10\/17-2020-10-03-WP-FLB-camp-saint-denis-_MG_9081.jpg?resize=1536%2C1024&amp;ssl=1 1536w\" data-vp-popup-img-size=\"1920x1280\" data-vp-popup-md-img=\"https:\/\/i0.wp.com\/frederiquelebrun.com\/wp-content\/uploads\/2021\/10\/17-2020-10-03-WP-FLB-camp-saint-denis-_MG_9081.jpg?fit=800%2C533&#038;ssl=1\" data-vp-popup-md-img-size=\"800x533\" data-vp-popup-sm-img=\"https:\/\/i0.wp.com\/frederiquelebrun.com\/wp-content\/uploads\/2021\/10\/17-2020-10-03-WP-FLB-camp-saint-denis-_MG_9081.jpg?fit=500%2C333&#038;ssl=1\" data-vp-popup-sm-img-size=\"500x333\">\n\t\t\t<div class=\"vp-portfolio__item-popup-description\">2020-10-03-Saint-Denis (Seine-Saint-Denis). Campement d&#8217;exil\u00e9s \u00e0 Porte de Paris. Une soir\u00e9e de plus sous la pluie dans le campement qui compte chaque jour de nouveaux arrivants, surtout des Afghans qui sont soit des &#8220;primoarrivants&#8221; (ayant tout juste accompli le long p\u00e9riple depuis l&#8217;Afghanistan, avec ses longues stations iraniennes et\/ou turques, grecques, bosniaques\u2026), soit des personnes ayant tent\u00e9 leur chance en Allemagne, en Belgique ou en Su\u00e8de et ayant \u00e9t\u00e9 d\u00e9bout\u00e9es l\u00e0-bas de leur demande d&#8217;asile. Ce soir, arrive sur les portables les photos d&#8217;un attentat survenu la veille \u00e0 Jalalabad, en Afghanistan (https:\/\/www.lapresse.ca\/international\/moyen-orient\/2020-10-03\/afghanistan\/au-moins-15-morts-et-40-blesses-dans-l-explosion-d-un-vehicule-piege.php) qui a fait 15 morts et 40 bless\u00e9s dans l&#8217;explosion d&#8217;un camion pi\u00e9g\u00e9. La soir\u00e9e passe comme \u00e7a, autour de petits feux \u00e9taient peu \u00e0 peu par la pluie, et d&#8217;images horribles venues du pays. Photo Fr\u00e9d\u00e9rique Le Brun<\/div>\n\t\t<\/template>\n\t\t\t\t\t\t<figure class=\"vp-portfolio__item\">\n\t\t\t\t\n<div class=\"vp-portfolio__item-img-wrap\">\n\t<div class=\"vp-portfolio__item-img\">\n\t\t\t<a\n\t\thref=\"https:\/\/i0.wp.com\/frederiquelebrun.com\/wp-content\/uploads\/2021\/10\/17-2020-10-03-WP-FLB-camp-saint-denis-_MG_9081.jpg?fit=1920%2C1280&#038;ssl=1\"\n\t\taria-label=\"Campement-exil\u00e9s-Saint-Denis\" \t>\n\t\n\t\t<noscript><img loading=\"lazy\" decoding=\"async\" width=\"1920\" height=\"1280\" data-skip-lazy src=\"https:\/\/i0.wp.com\/frederiquelebrun.com\/wp-content\/uploads\/2021\/10\/17-2020-10-03-WP-FLB-camp-saint-denis-_MG_9081.jpg?fit=1920%2C1280&amp;ssl=1\" class=\"wp-image-486\" alt=\"Campement migrants Saint-Denis \u00e9vacutation\" srcset=\"https:\/\/i0.wp.com\/frederiquelebrun.com\/wp-content\/uploads\/2021\/10\/17-2020-10-03-WP-FLB-camp-saint-denis-_MG_9081.jpg?w=2048&amp;ssl=1 2048w, https:\/\/i0.wp.com\/frederiquelebrun.com\/wp-content\/uploads\/2021\/10\/17-2020-10-03-WP-FLB-camp-saint-denis-_MG_9081.jpg?resize=300%2C200&amp;ssl=1 300w, https:\/\/i0.wp.com\/frederiquelebrun.com\/wp-content\/uploads\/2021\/10\/17-2020-10-03-WP-FLB-camp-saint-denis-_MG_9081.jpg?resize=600%2C400&amp;ssl=1 600w, https:\/\/i0.wp.com\/frederiquelebrun.com\/wp-content\/uploads\/2021\/10\/17-2020-10-03-WP-FLB-camp-saint-denis-_MG_9081.jpg?resize=1024%2C683&amp;ssl=1 1024w, https:\/\/i0.wp.com\/frederiquelebrun.com\/wp-content\/uploads\/2021\/10\/17-2020-10-03-WP-FLB-camp-saint-denis-_MG_9081.jpg?resize=768%2C512&amp;ssl=1 768w, https:\/\/i0.wp.com\/frederiquelebrun.com\/wp-content\/uploads\/2021\/10\/17-2020-10-03-WP-FLB-camp-saint-denis-_MG_9081.jpg?resize=1536%2C1024&amp;ssl=1 1536w\" sizes=\"(max-width: 1000px) 100vw, 1000px\" \/><\/noscript><img decoding=\"async\" width=\"1920\" height=\"1280\" src=\"https:\/\/i0.wp.com\/frederiquelebrun.com\/wp-content\/uploads\/2021\/10\/17-2020-10-03-WP-FLB-camp-saint-denis-_MG_9081.jpg?fit=1920%2C1280&amp;ssl=1\" class=\"wp-image-486 vp-lazyload\" alt=\"Campement migrants Saint-Denis \u00e9vacutation\" srcset=\"data:image\/svg+xml;base64,PHN2ZyB3aWR0aD0iMTkyMCIgaGVpZ2h0PSIxMjgwIiB2aWV3Qm94PSIwIDAgMTkyMCAxMjgwIiBmaWxsPSJub25lIiB4bWxucz0iaHR0cDovL3d3dy53My5vcmcvMjAwMC9zdmciPjwvc3ZnPg==\" data-src=\"https:\/\/i0.wp.com\/frederiquelebrun.com\/wp-content\/uploads\/2021\/10\/17-2020-10-03-WP-FLB-camp-saint-denis-_MG_9081.jpg?fit=1920%2C1280&amp;ssl=1\" data-srcset=\"https:\/\/i0.wp.com\/frederiquelebrun.com\/wp-content\/uploads\/2021\/10\/17-2020-10-03-WP-FLB-camp-saint-denis-_MG_9081.jpg?w=2048&amp;ssl=1 2048w, https:\/\/i0.wp.com\/frederiquelebrun.com\/wp-content\/uploads\/2021\/10\/17-2020-10-03-WP-FLB-camp-saint-denis-_MG_9081.jpg?resize=300%2C200&amp;ssl=1 300w, https:\/\/i0.wp.com\/frederiquelebrun.com\/wp-content\/uploads\/2021\/10\/17-2020-10-03-WP-FLB-camp-saint-denis-_MG_9081.jpg?resize=600%2C400&amp;ssl=1 600w, https:\/\/i0.wp.com\/frederiquelebrun.com\/wp-content\/uploads\/2021\/10\/17-2020-10-03-WP-FLB-camp-saint-denis-_MG_9081.jpg?resize=1024%2C683&amp;ssl=1 1024w, https:\/\/i0.wp.com\/frederiquelebrun.com\/wp-content\/uploads\/2021\/10\/17-2020-10-03-WP-FLB-camp-saint-denis-_MG_9081.jpg?resize=768%2C512&amp;ssl=1 768w, https:\/\/i0.wp.com\/frederiquelebrun.com\/wp-content\/uploads\/2021\/10\/17-2020-10-03-WP-FLB-camp-saint-denis-_MG_9081.jpg?resize=1536%2C1024&amp;ssl=1 1536w\" data-sizes=\"auto\" loading=\"eager\">\n\t\t<div class=\"vp-portfolio__item-overlay\">\n\t\t\t\t\t<\/div>\n\n\t\t<\/a>\t<\/div>\n<\/div>\n\n\t\t\t<\/figure>\n\t\t\t\t\t<\/div>\n\t\t\n\t\t<div\t\tclass=\"vp-portfolio__item-wrap vp-portfolio__item-uid-77a7e251\" data-vp-filter=\"\" \t\t>\n\t\t\t<template class=\"vp-portfolio__item-popup\" data-vp-popup-img=\"https:\/\/i0.wp.com\/frederiquelebrun.com\/wp-content\/uploads\/2021\/10\/18-2020-10-11-WP-FLB-camp-saint-denis-_MG_9555.jpg?fit=1920%2C1280&#038;ssl=1\" data-vp-popup-img-srcset=\"https:\/\/i0.wp.com\/frederiquelebrun.com\/wp-content\/uploads\/2021\/10\/18-2020-10-11-WP-FLB-camp-saint-denis-_MG_9555.jpg?w=2048&amp;ssl=1 2048w, https:\/\/i0.wp.com\/frederiquelebrun.com\/wp-content\/uploads\/2021\/10\/18-2020-10-11-WP-FLB-camp-saint-denis-_MG_9555.jpg?resize=300%2C200&amp;ssl=1 300w, https:\/\/i0.wp.com\/frederiquelebrun.com\/wp-content\/uploads\/2021\/10\/18-2020-10-11-WP-FLB-camp-saint-denis-_MG_9555.jpg?resize=600%2C400&amp;ssl=1 600w, https:\/\/i0.wp.com\/frederiquelebrun.com\/wp-content\/uploads\/2021\/10\/18-2020-10-11-WP-FLB-camp-saint-denis-_MG_9555.jpg?resize=1024%2C683&amp;ssl=1 1024w, https:\/\/i0.wp.com\/frederiquelebrun.com\/wp-content\/uploads\/2021\/10\/18-2020-10-11-WP-FLB-camp-saint-denis-_MG_9555.jpg?resize=768%2C512&amp;ssl=1 768w, https:\/\/i0.wp.com\/frederiquelebrun.com\/wp-content\/uploads\/2021\/10\/18-2020-10-11-WP-FLB-camp-saint-denis-_MG_9555.jpg?resize=1536%2C1024&amp;ssl=1 1536w\" data-vp-popup-img-size=\"1920x1280\" data-vp-popup-md-img=\"https:\/\/i0.wp.com\/frederiquelebrun.com\/wp-content\/uploads\/2021\/10\/18-2020-10-11-WP-FLB-camp-saint-denis-_MG_9555.jpg?fit=800%2C533&#038;ssl=1\" data-vp-popup-md-img-size=\"800x533\" data-vp-popup-sm-img=\"https:\/\/i0.wp.com\/frederiquelebrun.com\/wp-content\/uploads\/2021\/10\/18-2020-10-11-WP-FLB-camp-saint-denis-_MG_9555.jpg?fit=500%2C333&#038;ssl=1\" data-vp-popup-sm-img-size=\"500x333\">\n\t\t\t<div class=\"vp-portfolio__item-popup-description\">2020-10-10-Saint-Denis (Seine-Saint-Denis). Campement d&#8217;exil\u00e9s \u00e0 Porte de Paris. Le campement compte chaque jour de nouveaux arrivants, surtout des Afghans qui sont soit des &#8220;primoarrivants&#8221; (ayant tout juste accompli le long p\u00e9riple depuis l&#8217;Afghanistan, avec ses longues stations iraniennes et\/ou turques, grecques, bosniaques\u2026), soit des personnes ayant tent\u00e9 leur chance en Allemagne, en Belgique ou en Su\u00e8de et ayant \u00e9t\u00e9 d\u00e9bout\u00e9es l\u00e0-bas de leur demande d&#8217;asile. Depuis quelques jours, la mairie de Saint-Denis a fait installer des robinets d&#8217;eau suppl\u00e9mentaires. Jusqu&#8217;alors, les habitants du camp devaient se contenter d&#8217;un seul point d&#8217;eau pour plus de 1500 personnes. Ce jour, des associations de soutien aux migrants et aux sans-papiers sont venues distribuer des tracts appelant \u00e0 la marche du 17 octobre pour les droits des sans-papiers. Quelques exil\u00e9s participent \u00e0 la confection d&#8217;une banderole en vue de leur participation \u00e0 cette marche. Photo : Fr\u00e9d\u00e9rique Le Brun<\/div>\n\t\t<\/template>\n\t\t\t\t\t\t<figure class=\"vp-portfolio__item\">\n\t\t\t\t\n<div class=\"vp-portfolio__item-img-wrap\">\n\t<div class=\"vp-portfolio__item-img\">\n\t\t\t<a\n\t\thref=\"https:\/\/i0.wp.com\/frederiquelebrun.com\/wp-content\/uploads\/2021\/10\/18-2020-10-11-WP-FLB-camp-saint-denis-_MG_9555.jpg?fit=1920%2C1280&#038;ssl=1\"\n\t\taria-label=\"Campement exil\u00e9s Saint-Denis\" \t>\n\t\n\t\t<noscript><img loading=\"lazy\" decoding=\"async\" width=\"1920\" height=\"1280\" data-skip-lazy src=\"https:\/\/i0.wp.com\/frederiquelebrun.com\/wp-content\/uploads\/2021\/10\/18-2020-10-11-WP-FLB-camp-saint-denis-_MG_9555.jpg?fit=1920%2C1280&amp;ssl=1\" class=\"wp-image-487\" alt=\"Campement migrants Saint-Denis \u00e9vacutation\" srcset=\"https:\/\/i0.wp.com\/frederiquelebrun.com\/wp-content\/uploads\/2021\/10\/18-2020-10-11-WP-FLB-camp-saint-denis-_MG_9555.jpg?w=2048&amp;ssl=1 2048w, https:\/\/i0.wp.com\/frederiquelebrun.com\/wp-content\/uploads\/2021\/10\/18-2020-10-11-WP-FLB-camp-saint-denis-_MG_9555.jpg?resize=300%2C200&amp;ssl=1 300w, https:\/\/i0.wp.com\/frederiquelebrun.com\/wp-content\/uploads\/2021\/10\/18-2020-10-11-WP-FLB-camp-saint-denis-_MG_9555.jpg?resize=600%2C400&amp;ssl=1 600w, https:\/\/i0.wp.com\/frederiquelebrun.com\/wp-content\/uploads\/2021\/10\/18-2020-10-11-WP-FLB-camp-saint-denis-_MG_9555.jpg?resize=1024%2C683&amp;ssl=1 1024w, https:\/\/i0.wp.com\/frederiquelebrun.com\/wp-content\/uploads\/2021\/10\/18-2020-10-11-WP-FLB-camp-saint-denis-_MG_9555.jpg?resize=768%2C512&amp;ssl=1 768w, https:\/\/i0.wp.com\/frederiquelebrun.com\/wp-content\/uploads\/2021\/10\/18-2020-10-11-WP-FLB-camp-saint-denis-_MG_9555.jpg?resize=1536%2C1024&amp;ssl=1 1536w\" sizes=\"(max-width: 1000px) 100vw, 1000px\" \/><\/noscript><img decoding=\"async\" width=\"1920\" height=\"1280\" src=\"https:\/\/i0.wp.com\/frederiquelebrun.com\/wp-content\/uploads\/2021\/10\/18-2020-10-11-WP-FLB-camp-saint-denis-_MG_9555.jpg?fit=1920%2C1280&amp;ssl=1\" class=\"wp-image-487 vp-lazyload\" alt=\"Campement migrants Saint-Denis \u00e9vacutation\" srcset=\"data:image\/svg+xml;base64,PHN2ZyB3aWR0aD0iMTkyMCIgaGVpZ2h0PSIxMjgwIiB2aWV3Qm94PSIwIDAgMTkyMCAxMjgwIiBmaWxsPSJub25lIiB4bWxucz0iaHR0cDovL3d3dy53My5vcmcvMjAwMC9zdmciPjwvc3ZnPg==\" data-src=\"https:\/\/i0.wp.com\/frederiquelebrun.com\/wp-content\/uploads\/2021\/10\/18-2020-10-11-WP-FLB-camp-saint-denis-_MG_9555.jpg?fit=1920%2C1280&amp;ssl=1\" data-srcset=\"https:\/\/i0.wp.com\/frederiquelebrun.com\/wp-content\/uploads\/2021\/10\/18-2020-10-11-WP-FLB-camp-saint-denis-_MG_9555.jpg?w=2048&amp;ssl=1 2048w, https:\/\/i0.wp.com\/frederiquelebrun.com\/wp-content\/uploads\/2021\/10\/18-2020-10-11-WP-FLB-camp-saint-denis-_MG_9555.jpg?resize=300%2C200&amp;ssl=1 300w, https:\/\/i0.wp.com\/frederiquelebrun.com\/wp-content\/uploads\/2021\/10\/18-2020-10-11-WP-FLB-camp-saint-denis-_MG_9555.jpg?resize=600%2C400&amp;ssl=1 600w, https:\/\/i0.wp.com\/frederiquelebrun.com\/wp-content\/uploads\/2021\/10\/18-2020-10-11-WP-FLB-camp-saint-denis-_MG_9555.jpg?resize=1024%2C683&amp;ssl=1 1024w, https:\/\/i0.wp.com\/frederiquelebrun.com\/wp-content\/uploads\/2021\/10\/18-2020-10-11-WP-FLB-camp-saint-denis-_MG_9555.jpg?resize=768%2C512&amp;ssl=1 768w, https:\/\/i0.wp.com\/frederiquelebrun.com\/wp-content\/uploads\/2021\/10\/18-2020-10-11-WP-FLB-camp-saint-denis-_MG_9555.jpg?resize=1536%2C1024&amp;ssl=1 1536w\" data-sizes=\"auto\" loading=\"eager\">\n\t\t<div class=\"vp-portfolio__item-overlay\">\n\t\t\t\t\t<\/div>\n\n\t\t<\/a>\t<\/div>\n<\/div>\n\n\t\t\t<\/figure>\n\t\t\t\t\t<\/div>\n\t\t\n\t\t<div\t\tclass=\"vp-portfolio__item-wrap vp-portfolio__item-uid-c1b0782f\" data-vp-filter=\"\" \t\t>\n\t\t\t<template class=\"vp-portfolio__item-popup\" data-vp-popup-img=\"https:\/\/i0.wp.com\/frederiquelebrun.com\/wp-content\/uploads\/2021\/10\/19-2020-11-07-WP-FLB-camp-saint-denis-_MG_1709.jpg?fit=1920%2C1280&#038;ssl=1\" data-vp-popup-img-srcset=\"https:\/\/i0.wp.com\/frederiquelebrun.com\/wp-content\/uploads\/2021\/10\/19-2020-11-07-WP-FLB-camp-saint-denis-_MG_1709.jpg?w=2048&amp;ssl=1 2048w, https:\/\/i0.wp.com\/frederiquelebrun.com\/wp-content\/uploads\/2021\/10\/19-2020-11-07-WP-FLB-camp-saint-denis-_MG_1709.jpg?resize=300%2C200&amp;ssl=1 300w, https:\/\/i0.wp.com\/frederiquelebrun.com\/wp-content\/uploads\/2021\/10\/19-2020-11-07-WP-FLB-camp-saint-denis-_MG_1709.jpg?resize=600%2C400&amp;ssl=1 600w, https:\/\/i0.wp.com\/frederiquelebrun.com\/wp-content\/uploads\/2021\/10\/19-2020-11-07-WP-FLB-camp-saint-denis-_MG_1709.jpg?resize=1024%2C683&amp;ssl=1 1024w, https:\/\/i0.wp.com\/frederiquelebrun.com\/wp-content\/uploads\/2021\/10\/19-2020-11-07-WP-FLB-camp-saint-denis-_MG_1709.jpg?resize=768%2C512&amp;ssl=1 768w, https:\/\/i0.wp.com\/frederiquelebrun.com\/wp-content\/uploads\/2021\/10\/19-2020-11-07-WP-FLB-camp-saint-denis-_MG_1709.jpg?resize=1536%2C1024&amp;ssl=1 1536w\" data-vp-popup-img-size=\"1920x1280\" data-vp-popup-md-img=\"https:\/\/i0.wp.com\/frederiquelebrun.com\/wp-content\/uploads\/2021\/10\/19-2020-11-07-WP-FLB-camp-saint-denis-_MG_1709.jpg?fit=800%2C533&#038;ssl=1\" data-vp-popup-md-img-size=\"800x533\" data-vp-popup-sm-img=\"https:\/\/i0.wp.com\/frederiquelebrun.com\/wp-content\/uploads\/2021\/10\/19-2020-11-07-WP-FLB-camp-saint-denis-_MG_1709.jpg?fit=500%2C333&#038;ssl=1\" data-vp-popup-sm-img-size=\"500x333\">\n\t\t\t<div class=\"vp-portfolio__item-popup-description\">2020-11-07-Saint-Denis (Seine-Saint-Denis). Campement d&#8217;exil\u00e9s \u00e0 Porte de Paris. Le campement compte chaque jour de nouveaux arrivants, surtout des Afghans qui sont soit des &#8220;primoarrivants&#8221; (ayant tout juste accompli le long p\u00e9riple depuis l&#8217;Afghanistan, avec ses longues stations iraniennes et\/ou turques, grecques, bosniaques\u2026), soit des personnes ayant tent\u00e9 leur chance en Allemagne, en Belgique ou en Su\u00e8de et ayant \u00e9t\u00e9 d\u00e9bout\u00e9es l\u00e0-bas de leur demande d&#8217;asile. Depuis quelques jours, la mairie de Saint-Denis a fait installer une dizain de cabines de toilettes. ALors que les habitants du camp sont maintenant au moins 2000. Le soir, il fait froid, des gens font bru\u00fbler les tas de d\u00e9chets. Des cuisines improvis\u00e9es ont fait leur apparition sur le campement, o\u00f9 l&#8217;on cuit des galettes de bl\u00e9 contenant de la pur\u00e9e de pomme de terre (bolani) ou des soupes (chicken soup). De partout, les exil\u00e9s rapportent du bois et des palettes glan\u00e9es dans les environs pour faire les feux. Photo : Fr\u00e9d\u00e9rique Le Brun<\/div>\n\t\t<\/template>\n\t\t\t\t\t\t<figure class=\"vp-portfolio__item\">\n\t\t\t\t\n<div class=\"vp-portfolio__item-img-wrap\">\n\t<div class=\"vp-portfolio__item-img\">\n\t\t\t<a\n\t\thref=\"https:\/\/i0.wp.com\/frederiquelebrun.com\/wp-content\/uploads\/2021\/10\/19-2020-11-07-WP-FLB-camp-saint-denis-_MG_1709.jpg?fit=1920%2C1280&#038;ssl=1\"\n\t\taria-label=\"Campement exil\u00e9s Saint-Denis\" \t>\n\t\n\t\t<noscript><img loading=\"lazy\" decoding=\"async\" width=\"1920\" height=\"1280\" data-skip-lazy src=\"https:\/\/i0.wp.com\/frederiquelebrun.com\/wp-content\/uploads\/2021\/10\/19-2020-11-07-WP-FLB-camp-saint-denis-_MG_1709.jpg?fit=1920%2C1280&amp;ssl=1\" class=\"wp-image-488\" alt=\"Campement migrants Saint-Denis \u00e9vacutation\" srcset=\"https:\/\/i0.wp.com\/frederiquelebrun.com\/wp-content\/uploads\/2021\/10\/19-2020-11-07-WP-FLB-camp-saint-denis-_MG_1709.jpg?w=2048&amp;ssl=1 2048w, https:\/\/i0.wp.com\/frederiquelebrun.com\/wp-content\/uploads\/2021\/10\/19-2020-11-07-WP-FLB-camp-saint-denis-_MG_1709.jpg?resize=300%2C200&amp;ssl=1 300w, https:\/\/i0.wp.com\/frederiquelebrun.com\/wp-content\/uploads\/2021\/10\/19-2020-11-07-WP-FLB-camp-saint-denis-_MG_1709.jpg?resize=600%2C400&amp;ssl=1 600w, https:\/\/i0.wp.com\/frederiquelebrun.com\/wp-content\/uploads\/2021\/10\/19-2020-11-07-WP-FLB-camp-saint-denis-_MG_1709.jpg?resize=1024%2C683&amp;ssl=1 1024w, https:\/\/i0.wp.com\/frederiquelebrun.com\/wp-content\/uploads\/2021\/10\/19-2020-11-07-WP-FLB-camp-saint-denis-_MG_1709.jpg?resize=768%2C512&amp;ssl=1 768w, https:\/\/i0.wp.com\/frederiquelebrun.com\/wp-content\/uploads\/2021\/10\/19-2020-11-07-WP-FLB-camp-saint-denis-_MG_1709.jpg?resize=1536%2C1024&amp;ssl=1 1536w\" sizes=\"(max-width: 1000px) 100vw, 1000px\" \/><\/noscript><img decoding=\"async\" width=\"1920\" height=\"1280\" src=\"https:\/\/i0.wp.com\/frederiquelebrun.com\/wp-content\/uploads\/2021\/10\/19-2020-11-07-WP-FLB-camp-saint-denis-_MG_1709.jpg?fit=1920%2C1280&amp;ssl=1\" class=\"wp-image-488 vp-lazyload\" alt=\"Campement migrants Saint-Denis \u00e9vacutation\" srcset=\"data:image\/svg+xml;base64,PHN2ZyB3aWR0aD0iMTkyMCIgaGVpZ2h0PSIxMjgwIiB2aWV3Qm94PSIwIDAgMTkyMCAxMjgwIiBmaWxsPSJub25lIiB4bWxucz0iaHR0cDovL3d3dy53My5vcmcvMjAwMC9zdmciPjwvc3ZnPg==\" data-src=\"https:\/\/i0.wp.com\/frederiquelebrun.com\/wp-content\/uploads\/2021\/10\/19-2020-11-07-WP-FLB-camp-saint-denis-_MG_1709.jpg?fit=1920%2C1280&amp;ssl=1\" data-srcset=\"https:\/\/i0.wp.com\/frederiquelebrun.com\/wp-content\/uploads\/2021\/10\/19-2020-11-07-WP-FLB-camp-saint-denis-_MG_1709.jpg?w=2048&amp;ssl=1 2048w, https:\/\/i0.wp.com\/frederiquelebrun.com\/wp-content\/uploads\/2021\/10\/19-2020-11-07-WP-FLB-camp-saint-denis-_MG_1709.jpg?resize=300%2C200&amp;ssl=1 300w, https:\/\/i0.wp.com\/frederiquelebrun.com\/wp-content\/uploads\/2021\/10\/19-2020-11-07-WP-FLB-camp-saint-denis-_MG_1709.jpg?resize=600%2C400&amp;ssl=1 600w, https:\/\/i0.wp.com\/frederiquelebrun.com\/wp-content\/uploads\/2021\/10\/19-2020-11-07-WP-FLB-camp-saint-denis-_MG_1709.jpg?resize=1024%2C683&amp;ssl=1 1024w, https:\/\/i0.wp.com\/frederiquelebrun.com\/wp-content\/uploads\/2021\/10\/19-2020-11-07-WP-FLB-camp-saint-denis-_MG_1709.jpg?resize=768%2C512&amp;ssl=1 768w, https:\/\/i0.wp.com\/frederiquelebrun.com\/wp-content\/uploads\/2021\/10\/19-2020-11-07-WP-FLB-camp-saint-denis-_MG_1709.jpg?resize=1536%2C1024&amp;ssl=1 1536w\" data-sizes=\"auto\" loading=\"eager\">\n\t\t<div class=\"vp-portfolio__item-overlay\">\n\t\t\t\t\t<\/div>\n\n\t\t<\/a>\t<\/div>\n<\/div>\n\n\t\t\t<\/figure>\n\t\t\t\t\t<\/div>\n\t\t\n\t\t<div\t\tclass=\"vp-portfolio__item-wrap vp-portfolio__item-uid-0e0b2fdc\" data-vp-filter=\"\" \t\t>\n\t\t\t<template class=\"vp-portfolio__item-popup\" data-vp-popup-img=\"https:\/\/i0.wp.com\/frederiquelebrun.com\/wp-content\/uploads\/2021\/10\/20-2020-10-03-WP-FLB-camp-saint-denis-_MG_9105.jpg?fit=1920%2C1280&#038;ssl=1\" data-vp-popup-img-srcset=\"https:\/\/i0.wp.com\/frederiquelebrun.com\/wp-content\/uploads\/2021\/10\/20-2020-10-03-WP-FLB-camp-saint-denis-_MG_9105.jpg?w=2048&amp;ssl=1 2048w, https:\/\/i0.wp.com\/frederiquelebrun.com\/wp-content\/uploads\/2021\/10\/20-2020-10-03-WP-FLB-camp-saint-denis-_MG_9105.jpg?resize=300%2C200&amp;ssl=1 300w, https:\/\/i0.wp.com\/frederiquelebrun.com\/wp-content\/uploads\/2021\/10\/20-2020-10-03-WP-FLB-camp-saint-denis-_MG_9105.jpg?resize=600%2C400&amp;ssl=1 600w, https:\/\/i0.wp.com\/frederiquelebrun.com\/wp-content\/uploads\/2021\/10\/20-2020-10-03-WP-FLB-camp-saint-denis-_MG_9105.jpg?resize=1024%2C683&amp;ssl=1 1024w, https:\/\/i0.wp.com\/frederiquelebrun.com\/wp-content\/uploads\/2021\/10\/20-2020-10-03-WP-FLB-camp-saint-denis-_MG_9105.jpg?resize=768%2C512&amp;ssl=1 768w, https:\/\/i0.wp.com\/frederiquelebrun.com\/wp-content\/uploads\/2021\/10\/20-2020-10-03-WP-FLB-camp-saint-denis-_MG_9105.jpg?resize=1536%2C1024&amp;ssl=1 1536w\" data-vp-popup-img-size=\"1920x1280\" data-vp-popup-md-img=\"https:\/\/i0.wp.com\/frederiquelebrun.com\/wp-content\/uploads\/2021\/10\/20-2020-10-03-WP-FLB-camp-saint-denis-_MG_9105.jpg?fit=800%2C533&#038;ssl=1\" data-vp-popup-md-img-size=\"800x533\" data-vp-popup-sm-img=\"https:\/\/i0.wp.com\/frederiquelebrun.com\/wp-content\/uploads\/2021\/10\/20-2020-10-03-WP-FLB-camp-saint-denis-_MG_9105.jpg?fit=500%2C333&#038;ssl=1\" data-vp-popup-sm-img-size=\"500x333\">\n\t\t\t<div class=\"vp-portfolio__item-popup-description\">2020-10-03-Saint-Denis (Seine-Saint-Denis). Campement d&#8217;exil\u00e9s \u00e0 Porte de Paris. Une soir\u00e9e de plus sous la pluie dans le campement qui compte chaque jour de nouveaux arrivants, surtout des Afghans qui sont soit des &#8220;primoarrivants&#8221; (ayant tout juste accompli le long p\u00e9riple depuis l&#8217;Afghanistan, avec ses longues stations iraniennes et\/ou turques, grecques, bosniaques\u2026), soit des personnes ayant tent\u00e9 leur chance en Allemagne, en Belgique ou en Su\u00e8de et ayant \u00e9t\u00e9 d\u00e9bout\u00e9es l\u00e0-bas de leur demande d&#8217;asile. Ce soir, arrive sur les portables les photos d&#8217;un attentat survenu la veille \u00e0 Jalalabad, en Afghanistan (https:\/\/www.lapresse.ca\/international\/moyen-orient\/2020-10-03\/afghanistan\/au-moins-15-morts-et-40-blesses-dans-l-explosion-d-un-vehicule-piege.php) qui a fait 15 morts et 40 bless\u00e9s dans l&#8217;explosion d&#8217;un camion pi\u00e9g\u00e9. La soir\u00e9e passe comme \u00e7a, autour de petits feux \u00e9taient peu \u00e0 peu par la pluie, et d&#8217;images horribles venues du pays. Photo Fr\u00e9d\u00e9rique Le Brun<\/div>\n\t\t<\/template>\n\t\t\t\t\t\t<figure class=\"vp-portfolio__item\">\n\t\t\t\t\n<div class=\"vp-portfolio__item-img-wrap\">\n\t<div class=\"vp-portfolio__item-img\">\n\t\t\t<a\n\t\thref=\"https:\/\/i0.wp.com\/frederiquelebrun.com\/wp-content\/uploads\/2021\/10\/20-2020-10-03-WP-FLB-camp-saint-denis-_MG_9105.jpg?fit=1920%2C1280&#038;ssl=1\"\n\t\taria-label=\"Campement-exil\u00e9s-Saint-Denis\" \t>\n\t\n\t\t<noscript><img loading=\"lazy\" decoding=\"async\" width=\"1920\" height=\"1280\" data-skip-lazy src=\"https:\/\/i0.wp.com\/frederiquelebrun.com\/wp-content\/uploads\/2021\/10\/20-2020-10-03-WP-FLB-camp-saint-denis-_MG_9105.jpg?fit=1920%2C1280&amp;ssl=1\" class=\"wp-image-489\" alt=\"Campement migrants Saint-Denis \u00e9vacutation\" srcset=\"https:\/\/i0.wp.com\/frederiquelebrun.com\/wp-content\/uploads\/2021\/10\/20-2020-10-03-WP-FLB-camp-saint-denis-_MG_9105.jpg?w=2048&amp;ssl=1 2048w, https:\/\/i0.wp.com\/frederiquelebrun.com\/wp-content\/uploads\/2021\/10\/20-2020-10-03-WP-FLB-camp-saint-denis-_MG_9105.jpg?resize=300%2C200&amp;ssl=1 300w, https:\/\/i0.wp.com\/frederiquelebrun.com\/wp-content\/uploads\/2021\/10\/20-2020-10-03-WP-FLB-camp-saint-denis-_MG_9105.jpg?resize=600%2C400&amp;ssl=1 600w, https:\/\/i0.wp.com\/frederiquelebrun.com\/wp-content\/uploads\/2021\/10\/20-2020-10-03-WP-FLB-camp-saint-denis-_MG_9105.jpg?resize=1024%2C683&amp;ssl=1 1024w, https:\/\/i0.wp.com\/frederiquelebrun.com\/wp-content\/uploads\/2021\/10\/20-2020-10-03-WP-FLB-camp-saint-denis-_MG_9105.jpg?resize=768%2C512&amp;ssl=1 768w, https:\/\/i0.wp.com\/frederiquelebrun.com\/wp-content\/uploads\/2021\/10\/20-2020-10-03-WP-FLB-camp-saint-denis-_MG_9105.jpg?resize=1536%2C1024&amp;ssl=1 1536w\" sizes=\"(max-width: 1000px) 100vw, 1000px\" \/><\/noscript><img decoding=\"async\" width=\"1920\" height=\"1280\" src=\"https:\/\/i0.wp.com\/frederiquelebrun.com\/wp-content\/uploads\/2021\/10\/20-2020-10-03-WP-FLB-camp-saint-denis-_MG_9105.jpg?fit=1920%2C1280&amp;ssl=1\" class=\"wp-image-489 vp-lazyload\" alt=\"Campement migrants Saint-Denis \u00e9vacutation\" srcset=\"data:image\/svg+xml;base64,PHN2ZyB3aWR0aD0iMTkyMCIgaGVpZ2h0PSIxMjgwIiB2aWV3Qm94PSIwIDAgMTkyMCAxMjgwIiBmaWxsPSJub25lIiB4bWxucz0iaHR0cDovL3d3dy53My5vcmcvMjAwMC9zdmciPjwvc3ZnPg==\" data-src=\"https:\/\/i0.wp.com\/frederiquelebrun.com\/wp-content\/uploads\/2021\/10\/20-2020-10-03-WP-FLB-camp-saint-denis-_MG_9105.jpg?fit=1920%2C1280&amp;ssl=1\" data-srcset=\"https:\/\/i0.wp.com\/frederiquelebrun.com\/wp-content\/uploads\/2021\/10\/20-2020-10-03-WP-FLB-camp-saint-denis-_MG_9105.jpg?w=2048&amp;ssl=1 2048w, https:\/\/i0.wp.com\/frederiquelebrun.com\/wp-content\/uploads\/2021\/10\/20-2020-10-03-WP-FLB-camp-saint-denis-_MG_9105.jpg?resize=300%2C200&amp;ssl=1 300w, https:\/\/i0.wp.com\/frederiquelebrun.com\/wp-content\/uploads\/2021\/10\/20-2020-10-03-WP-FLB-camp-saint-denis-_MG_9105.jpg?resize=600%2C400&amp;ssl=1 600w, https:\/\/i0.wp.com\/frederiquelebrun.com\/wp-content\/uploads\/2021\/10\/20-2020-10-03-WP-FLB-camp-saint-denis-_MG_9105.jpg?resize=1024%2C683&amp;ssl=1 1024w, https:\/\/i0.wp.com\/frederiquelebrun.com\/wp-content\/uploads\/2021\/10\/20-2020-10-03-WP-FLB-camp-saint-denis-_MG_9105.jpg?resize=768%2C512&amp;ssl=1 768w, https:\/\/i0.wp.com\/frederiquelebrun.com\/wp-content\/uploads\/2021\/10\/20-2020-10-03-WP-FLB-camp-saint-denis-_MG_9105.jpg?resize=1536%2C1024&amp;ssl=1 1536w\" data-sizes=\"auto\" loading=\"eager\">\n\t\t<div class=\"vp-portfolio__item-overlay\">\n\t\t\t\t\t<\/div>\n\n\t\t<\/a>\t<\/div>\n<\/div>\n\n\t\t\t<\/figure>\n\t\t\t\t\t<\/div>\n\t\t\n\t\t<div\t\tclass=\"vp-portfolio__item-wrap vp-portfolio__item-uid-36afb66f\" data-vp-filter=\"\" \t\t>\n\t\t\t<template class=\"vp-portfolio__item-popup\" data-vp-popup-img=\"https:\/\/i0.wp.com\/frederiquelebrun.com\/wp-content\/uploads\/2021\/10\/21-2020-08-25-WP-FLB-camp-saint-denis-IMG_5875.jpg?fit=1920%2C1280&#038;ssl=1\" data-vp-popup-img-srcset=\"https:\/\/i0.wp.com\/frederiquelebrun.com\/wp-content\/uploads\/2021\/10\/21-2020-08-25-WP-FLB-camp-saint-denis-IMG_5875.jpg?w=2048&amp;ssl=1 2048w, https:\/\/i0.wp.com\/frederiquelebrun.com\/wp-content\/uploads\/2021\/10\/21-2020-08-25-WP-FLB-camp-saint-denis-IMG_5875.jpg?resize=300%2C200&amp;ssl=1 300w, https:\/\/i0.wp.com\/frederiquelebrun.com\/wp-content\/uploads\/2021\/10\/21-2020-08-25-WP-FLB-camp-saint-denis-IMG_5875.jpg?resize=600%2C400&amp;ssl=1 600w, https:\/\/i0.wp.com\/frederiquelebrun.com\/wp-content\/uploads\/2021\/10\/21-2020-08-25-WP-FLB-camp-saint-denis-IMG_5875.jpg?resize=1024%2C683&amp;ssl=1 1024w, https:\/\/i0.wp.com\/frederiquelebrun.com\/wp-content\/uploads\/2021\/10\/21-2020-08-25-WP-FLB-camp-saint-denis-IMG_5875.jpg?resize=768%2C512&amp;ssl=1 768w, https:\/\/i0.wp.com\/frederiquelebrun.com\/wp-content\/uploads\/2021\/10\/21-2020-08-25-WP-FLB-camp-saint-denis-IMG_5875.jpg?resize=1536%2C1024&amp;ssl=1 1536w\" data-vp-popup-img-size=\"1920x1280\" data-vp-popup-md-img=\"https:\/\/i0.wp.com\/frederiquelebrun.com\/wp-content\/uploads\/2021\/10\/21-2020-08-25-WP-FLB-camp-saint-denis-IMG_5875.jpg?fit=800%2C533&#038;ssl=1\" data-vp-popup-md-img-size=\"800x533\" data-vp-popup-sm-img=\"https:\/\/i0.wp.com\/frederiquelebrun.com\/wp-content\/uploads\/2021\/10\/21-2020-08-25-WP-FLB-camp-saint-denis-IMG_5875.jpg?fit=500%2C333&#038;ssl=1\" data-vp-popup-sm-img-size=\"500x333\">\n\t\t\t<div class=\"vp-portfolio__item-popup-description\">2020-08 et 2020-09. Saint-Denis, Porte de Paris (Seine-Saint-Denis). Depuis quelques semaines, des dizaines de r\u00e9fugi\u00e9s de diverses nationalit\u00e9s (en majorit\u00e9 des Afghans, mais aussi des Somaliens, Bangladais, Kurdes d&#8217;Iran\u2026) se sont install\u00e9s \u00e0 la Porte de Paris (Saint-Denis), sous une bretelle de l\u2019autoroute A1, \u00e0 100 m du stade de France. Sans toilettes, avec un seul point d\u2019eau potable, d\u00e9pendant des maraudes associatives pour leur repas, les jeunes hommes (la plupart ont moins de 30 ans) vivent dans des conditions difficiles, certains n&#8217;ayant m\u00eame pas de tente pour s&#8217;abriter la nuit. Victime d&#8217;agressions, de vol, et d\u2019incursions r\u00e9p\u00e9titives de la police qui parfois les asperge de gaz lacrymog\u00e8ne, ils expriment leur d\u00e9sarroi, leur \u00e9tonnement face aux conditions d&#8217;accueil des demandeurs d&#8217;asile par l\u2019\u00c9tat fran\u00e7ais. Pendant la journ\u00e9e, les r\u00e9fugi\u00e9s passent beaucoup de temps sur leur t\u00e9l\u00e9phone, surtout pour essayer\u00a0 de joindre l&#8217;OFII (Office fran\u00e7ais de l&#8217;immigration et de l&#8217;int\u00e9gration) pour d\u00e9crocher un rendez-vous afin de d\u00e9clarer officiellement leur arriv\u00e9e en France. Alors qu&#8217;ils \u00e9taient environ 33 \u00e0 la mi-ao\u00fbt, l&#8217;association Solidarit\u00e9 Migrants Wilson, qui effectue des maraudes pour apporter des repas sur le campement estimait leur nombre \u00e0 800 le 9 septembre. Photo : Fr\u00e9d\u00e9rique Le Brun<\/div>\n\t\t<\/template>\n\t\t\t\t\t\t<figure class=\"vp-portfolio__item\">\n\t\t\t\t\n<div class=\"vp-portfolio__item-img-wrap\">\n\t<div class=\"vp-portfolio__item-img\">\n\t\t\t<a\n\t\thref=\"https:\/\/i0.wp.com\/frederiquelebrun.com\/wp-content\/uploads\/2021\/10\/21-2020-08-25-WP-FLB-camp-saint-denis-IMG_5875.jpg?fit=1920%2C1280&#038;ssl=1\"\n\t\taria-label=\"\u00c9T\u00c9 2020-Campement migrants-Saint-Denis-Porte de Paris\" \t>\n\t\n\t\t<noscript><img loading=\"lazy\" decoding=\"async\" width=\"1920\" height=\"1280\" data-skip-lazy src=\"https:\/\/i0.wp.com\/frederiquelebrun.com\/wp-content\/uploads\/2021\/10\/21-2020-08-25-WP-FLB-camp-saint-denis-IMG_5875.jpg?fit=1920%2C1280&amp;ssl=1\" class=\"wp-image-490\" alt=\"Campement migrants Saint-Denis \u00e9vacutation\" srcset=\"https:\/\/i0.wp.com\/frederiquelebrun.com\/wp-content\/uploads\/2021\/10\/21-2020-08-25-WP-FLB-camp-saint-denis-IMG_5875.jpg?w=2048&amp;ssl=1 2048w, https:\/\/i0.wp.com\/frederiquelebrun.com\/wp-content\/uploads\/2021\/10\/21-2020-08-25-WP-FLB-camp-saint-denis-IMG_5875.jpg?resize=300%2C200&amp;ssl=1 300w, https:\/\/i0.wp.com\/frederiquelebrun.com\/wp-content\/uploads\/2021\/10\/21-2020-08-25-WP-FLB-camp-saint-denis-IMG_5875.jpg?resize=600%2C400&amp;ssl=1 600w, https:\/\/i0.wp.com\/frederiquelebrun.com\/wp-content\/uploads\/2021\/10\/21-2020-08-25-WP-FLB-camp-saint-denis-IMG_5875.jpg?resize=1024%2C683&amp;ssl=1 1024w, https:\/\/i0.wp.com\/frederiquelebrun.com\/wp-content\/uploads\/2021\/10\/21-2020-08-25-WP-FLB-camp-saint-denis-IMG_5875.jpg?resize=768%2C512&amp;ssl=1 768w, https:\/\/i0.wp.com\/frederiquelebrun.com\/wp-content\/uploads\/2021\/10\/21-2020-08-25-WP-FLB-camp-saint-denis-IMG_5875.jpg?resize=1536%2C1024&amp;ssl=1 1536w\" sizes=\"(max-width: 1000px) 100vw, 1000px\" \/><\/noscript><img decoding=\"async\" width=\"1920\" height=\"1280\" src=\"https:\/\/i0.wp.com\/frederiquelebrun.com\/wp-content\/uploads\/2021\/10\/21-2020-08-25-WP-FLB-camp-saint-denis-IMG_5875.jpg?fit=1920%2C1280&amp;ssl=1\" class=\"wp-image-490 vp-lazyload\" alt=\"Campement migrants Saint-Denis \u00e9vacutation\" srcset=\"data:image\/svg+xml;base64,PHN2ZyB3aWR0aD0iMTkyMCIgaGVpZ2h0PSIxMjgwIiB2aWV3Qm94PSIwIDAgMTkyMCAxMjgwIiBmaWxsPSJub25lIiB4bWxucz0iaHR0cDovL3d3dy53My5vcmcvMjAwMC9zdmciPjwvc3ZnPg==\" data-src=\"https:\/\/i0.wp.com\/frederiquelebrun.com\/wp-content\/uploads\/2021\/10\/21-2020-08-25-WP-FLB-camp-saint-denis-IMG_5875.jpg?fit=1920%2C1280&amp;ssl=1\" data-srcset=\"https:\/\/i0.wp.com\/frederiquelebrun.com\/wp-content\/uploads\/2021\/10\/21-2020-08-25-WP-FLB-camp-saint-denis-IMG_5875.jpg?w=2048&amp;ssl=1 2048w, https:\/\/i0.wp.com\/frederiquelebrun.com\/wp-content\/uploads\/2021\/10\/21-2020-08-25-WP-FLB-camp-saint-denis-IMG_5875.jpg?resize=300%2C200&amp;ssl=1 300w, https:\/\/i0.wp.com\/frederiquelebrun.com\/wp-content\/uploads\/2021\/10\/21-2020-08-25-WP-FLB-camp-saint-denis-IMG_5875.jpg?resize=600%2C400&amp;ssl=1 600w, https:\/\/i0.wp.com\/frederiquelebrun.com\/wp-content\/uploads\/2021\/10\/21-2020-08-25-WP-FLB-camp-saint-denis-IMG_5875.jpg?resize=1024%2C683&amp;ssl=1 1024w, https:\/\/i0.wp.com\/frederiquelebrun.com\/wp-content\/uploads\/2021\/10\/21-2020-08-25-WP-FLB-camp-saint-denis-IMG_5875.jpg?resize=768%2C512&amp;ssl=1 768w, https:\/\/i0.wp.com\/frederiquelebrun.com\/wp-content\/uploads\/2021\/10\/21-2020-08-25-WP-FLB-camp-saint-denis-IMG_5875.jpg?resize=1536%2C1024&amp;ssl=1 1536w\" data-sizes=\"auto\" loading=\"eager\">\n\t\t<div class=\"vp-portfolio__item-overlay\">\n\t\t\t\t\t<\/div>\n\n\t\t<\/a>\t<\/div>\n<\/div>\n\n\t\t\t<\/figure>\n\t\t\t\t\t<\/div>\n\t\t\n\t\t<div\t\tclass=\"vp-portfolio__item-wrap vp-portfolio__item-uid-f914e19c\" data-vp-filter=\"\" \t\t>\n\t\t\t<template class=\"vp-portfolio__item-popup\" data-vp-popup-img=\"https:\/\/i0.wp.com\/frederiquelebrun.com\/wp-content\/uploads\/2021\/10\/22-2020-08-25-WP-FLB-camp-saint-denis-IMG_5928.jpg?fit=1920%2C1280&#038;ssl=1\" data-vp-popup-img-srcset=\"https:\/\/i0.wp.com\/frederiquelebrun.com\/wp-content\/uploads\/2021\/10\/22-2020-08-25-WP-FLB-camp-saint-denis-IMG_5928.jpg?w=2048&amp;ssl=1 2048w, https:\/\/i0.wp.com\/frederiquelebrun.com\/wp-content\/uploads\/2021\/10\/22-2020-08-25-WP-FLB-camp-saint-denis-IMG_5928.jpg?resize=300%2C200&amp;ssl=1 300w, https:\/\/i0.wp.com\/frederiquelebrun.com\/wp-content\/uploads\/2021\/10\/22-2020-08-25-WP-FLB-camp-saint-denis-IMG_5928.jpg?resize=600%2C400&amp;ssl=1 600w, https:\/\/i0.wp.com\/frederiquelebrun.com\/wp-content\/uploads\/2021\/10\/22-2020-08-25-WP-FLB-camp-saint-denis-IMG_5928.jpg?resize=1024%2C683&amp;ssl=1 1024w, https:\/\/i0.wp.com\/frederiquelebrun.com\/wp-content\/uploads\/2021\/10\/22-2020-08-25-WP-FLB-camp-saint-denis-IMG_5928.jpg?resize=768%2C512&amp;ssl=1 768w, https:\/\/i0.wp.com\/frederiquelebrun.com\/wp-content\/uploads\/2021\/10\/22-2020-08-25-WP-FLB-camp-saint-denis-IMG_5928.jpg?resize=1536%2C1024&amp;ssl=1 1536w\" data-vp-popup-img-size=\"1920x1280\" data-vp-popup-md-img=\"https:\/\/i0.wp.com\/frederiquelebrun.com\/wp-content\/uploads\/2021\/10\/22-2020-08-25-WP-FLB-camp-saint-denis-IMG_5928.jpg?fit=800%2C533&#038;ssl=1\" data-vp-popup-md-img-size=\"800x533\" data-vp-popup-sm-img=\"https:\/\/i0.wp.com\/frederiquelebrun.com\/wp-content\/uploads\/2021\/10\/22-2020-08-25-WP-FLB-camp-saint-denis-IMG_5928.jpg?fit=500%2C333&#038;ssl=1\" data-vp-popup-sm-img-size=\"500x333\">\n\t\t\t<div class=\"vp-portfolio__item-popup-description\">2020-08 et 2020-09. Saint-Denis, Porte de Paris (Seine-Saint-Denis). Depuis quelques semaines, des dizaines de r\u00e9fugi\u00e9s de diverses nationalit\u00e9s (en majorit\u00e9 des Afghans, mais aussi des Somaliens, Bangladais, Kurdes d&#8217;Iran\u2026) se sont install\u00e9s \u00e0 la Porte de Paris (Saint-Denis), sous une bretelle de l\u2019autoroute A1, \u00e0 100 m du stade de France. Sans toilettes, avec un seul point d\u2019eau potable, d\u00e9pendant des maraudes associatives pour leur repas, les jeunes hommes (la plupart ont moins de 30 ans) vivent dans des conditions difficiles, certains n&#8217;ayant m\u00eame pas de tente pour s&#8217;abriter la nuit. Victime d&#8217;agressions, de vol, et d\u2019incursions r\u00e9p\u00e9titives de la police qui parfois les asperge de gaz lacrymog\u00e8ne, ils expriment leur d\u00e9sarroi, leur \u00e9tonnement face aux conditions d&#8217;accueil des demandeurs d&#8217;asile par l\u2019\u00c9tat fran\u00e7ais. Pendant la journ\u00e9e, les r\u00e9fugi\u00e9s passent beaucoup de temps sur leur t\u00e9l\u00e9phone, surtout pour essayer\u00a0 de joindre l&#8217;OFII (Office fran\u00e7ais de l&#8217;immigration et de l&#8217;int\u00e9gration) pour d\u00e9crocher un rendez-vous afin de d\u00e9clarer officiellement leur arriv\u00e9e en France. Alors qu&#8217;ils \u00e9taient environ 33 \u00e0 la mi-ao\u00fbt, l&#8217;association Solidarit\u00e9 Migrants Wilson, qui effectue des maraudes pour apporter des repas sur le campement estimait leur nombre \u00e0 800 le 9 septembre. Photo : Fr\u00e9d\u00e9rique Le Brun<\/div>\n\t\t<\/template>\n\t\t\t\t\t\t<figure class=\"vp-portfolio__item\">\n\t\t\t\t\n<div class=\"vp-portfolio__item-img-wrap\">\n\t<div class=\"vp-portfolio__item-img\">\n\t\t\t<a\n\t\thref=\"https:\/\/i0.wp.com\/frederiquelebrun.com\/wp-content\/uploads\/2021\/10\/22-2020-08-25-WP-FLB-camp-saint-denis-IMG_5928.jpg?fit=1920%2C1280&#038;ssl=1\"\n\t\taria-label=\"\u00c9T\u00c9 2020-Campement migrants-Saint-Denis-Porte de Paris\" \t>\n\t\n\t\t<noscript><img loading=\"lazy\" decoding=\"async\" width=\"1920\" height=\"1280\" data-skip-lazy src=\"https:\/\/i0.wp.com\/frederiquelebrun.com\/wp-content\/uploads\/2021\/10\/22-2020-08-25-WP-FLB-camp-saint-denis-IMG_5928.jpg?fit=1920%2C1280&amp;ssl=1\" class=\"wp-image-491\" alt=\"Campement migrants Saint-Denis \u00e9vacutation\" srcset=\"https:\/\/i0.wp.com\/frederiquelebrun.com\/wp-content\/uploads\/2021\/10\/22-2020-08-25-WP-FLB-camp-saint-denis-IMG_5928.jpg?w=2048&amp;ssl=1 2048w, https:\/\/i0.wp.com\/frederiquelebrun.com\/wp-content\/uploads\/2021\/10\/22-2020-08-25-WP-FLB-camp-saint-denis-IMG_5928.jpg?resize=300%2C200&amp;ssl=1 300w, https:\/\/i0.wp.com\/frederiquelebrun.com\/wp-content\/uploads\/2021\/10\/22-2020-08-25-WP-FLB-camp-saint-denis-IMG_5928.jpg?resize=600%2C400&amp;ssl=1 600w, https:\/\/i0.wp.com\/frederiquelebrun.com\/wp-content\/uploads\/2021\/10\/22-2020-08-25-WP-FLB-camp-saint-denis-IMG_5928.jpg?resize=1024%2C683&amp;ssl=1 1024w, https:\/\/i0.wp.com\/frederiquelebrun.com\/wp-content\/uploads\/2021\/10\/22-2020-08-25-WP-FLB-camp-saint-denis-IMG_5928.jpg?resize=768%2C512&amp;ssl=1 768w, https:\/\/i0.wp.com\/frederiquelebrun.com\/wp-content\/uploads\/2021\/10\/22-2020-08-25-WP-FLB-camp-saint-denis-IMG_5928.jpg?resize=1536%2C1024&amp;ssl=1 1536w\" sizes=\"(max-width: 1000px) 100vw, 1000px\" \/><\/noscript><img decoding=\"async\" width=\"1920\" height=\"1280\" src=\"https:\/\/i0.wp.com\/frederiquelebrun.com\/wp-content\/uploads\/2021\/10\/22-2020-08-25-WP-FLB-camp-saint-denis-IMG_5928.jpg?fit=1920%2C1280&amp;ssl=1\" class=\"wp-image-491 vp-lazyload\" alt=\"Campement migrants Saint-Denis \u00e9vacutation\" srcset=\"data:image\/svg+xml;base64,PHN2ZyB3aWR0aD0iMTkyMCIgaGVpZ2h0PSIxMjgwIiB2aWV3Qm94PSIwIDAgMTkyMCAxMjgwIiBmaWxsPSJub25lIiB4bWxucz0iaHR0cDovL3d3dy53My5vcmcvMjAwMC9zdmciPjwvc3ZnPg==\" data-src=\"https:\/\/i0.wp.com\/frederiquelebrun.com\/wp-content\/uploads\/2021\/10\/22-2020-08-25-WP-FLB-camp-saint-denis-IMG_5928.jpg?fit=1920%2C1280&amp;ssl=1\" data-srcset=\"https:\/\/i0.wp.com\/frederiquelebrun.com\/wp-content\/uploads\/2021\/10\/22-2020-08-25-WP-FLB-camp-saint-denis-IMG_5928.jpg?w=2048&amp;ssl=1 2048w, https:\/\/i0.wp.com\/frederiquelebrun.com\/wp-content\/uploads\/2021\/10\/22-2020-08-25-WP-FLB-camp-saint-denis-IMG_5928.jpg?resize=300%2C200&amp;ssl=1 300w, https:\/\/i0.wp.com\/frederiquelebrun.com\/wp-content\/uploads\/2021\/10\/22-2020-08-25-WP-FLB-camp-saint-denis-IMG_5928.jpg?resize=600%2C400&amp;ssl=1 600w, https:\/\/i0.wp.com\/frederiquelebrun.com\/wp-content\/uploads\/2021\/10\/22-2020-08-25-WP-FLB-camp-saint-denis-IMG_5928.jpg?resize=1024%2C683&amp;ssl=1 1024w, https:\/\/i0.wp.com\/frederiquelebrun.com\/wp-content\/uploads\/2021\/10\/22-2020-08-25-WP-FLB-camp-saint-denis-IMG_5928.jpg?resize=768%2C512&amp;ssl=1 768w, https:\/\/i0.wp.com\/frederiquelebrun.com\/wp-content\/uploads\/2021\/10\/22-2020-08-25-WP-FLB-camp-saint-denis-IMG_5928.jpg?resize=1536%2C1024&amp;ssl=1 1536w\" data-sizes=\"auto\" loading=\"eager\">\n\t\t<div class=\"vp-portfolio__item-overlay\">\n\t\t\t\t\t<\/div>\n\n\t\t<\/a>\t<\/div>\n<\/div>\n\n\t\t\t<\/figure>\n\t\t\t\t\t<\/div>\n\t\t\n\t\t<div\t\tclass=\"vp-portfolio__item-wrap vp-portfolio__item-uid-72a81fc8\" data-vp-filter=\"\" \t\t>\n\t\t\t<template class=\"vp-portfolio__item-popup\" data-vp-popup-img=\"https:\/\/i0.wp.com\/frederiquelebrun.com\/wp-content\/uploads\/2021\/10\/23-2020-10-11-WP-FLB-camp-saint-denis-_MG_9486.jpg?fit=1920%2C1280&#038;ssl=1\" data-vp-popup-img-srcset=\"https:\/\/i0.wp.com\/frederiquelebrun.com\/wp-content\/uploads\/2021\/10\/23-2020-10-11-WP-FLB-camp-saint-denis-_MG_9486.jpg?w=2048&amp;ssl=1 2048w, https:\/\/i0.wp.com\/frederiquelebrun.com\/wp-content\/uploads\/2021\/10\/23-2020-10-11-WP-FLB-camp-saint-denis-_MG_9486.jpg?resize=300%2C200&amp;ssl=1 300w, https:\/\/i0.wp.com\/frederiquelebrun.com\/wp-content\/uploads\/2021\/10\/23-2020-10-11-WP-FLB-camp-saint-denis-_MG_9486.jpg?resize=600%2C400&amp;ssl=1 600w, https:\/\/i0.wp.com\/frederiquelebrun.com\/wp-content\/uploads\/2021\/10\/23-2020-10-11-WP-FLB-camp-saint-denis-_MG_9486.jpg?resize=1024%2C683&amp;ssl=1 1024w, https:\/\/i0.wp.com\/frederiquelebrun.com\/wp-content\/uploads\/2021\/10\/23-2020-10-11-WP-FLB-camp-saint-denis-_MG_9486.jpg?resize=768%2C512&amp;ssl=1 768w, https:\/\/i0.wp.com\/frederiquelebrun.com\/wp-content\/uploads\/2021\/10\/23-2020-10-11-WP-FLB-camp-saint-denis-_MG_9486.jpg?resize=1536%2C1024&amp;ssl=1 1536w\" data-vp-popup-img-size=\"1920x1280\" data-vp-popup-md-img=\"https:\/\/i0.wp.com\/frederiquelebrun.com\/wp-content\/uploads\/2021\/10\/23-2020-10-11-WP-FLB-camp-saint-denis-_MG_9486.jpg?fit=800%2C533&#038;ssl=1\" data-vp-popup-md-img-size=\"800x533\" data-vp-popup-sm-img=\"https:\/\/i0.wp.com\/frederiquelebrun.com\/wp-content\/uploads\/2021\/10\/23-2020-10-11-WP-FLB-camp-saint-denis-_MG_9486.jpg?fit=500%2C333&#038;ssl=1\" data-vp-popup-sm-img-size=\"500x333\">\n\t\t\t<div class=\"vp-portfolio__item-popup-description\">2020-10-10-Saint-Denis (Seine-Saint-Denis). Campement d&#8217;exil\u00e9s \u00e0 Porte de Paris. Le campement compte chaque jour de nouveaux arrivants, surtout des Afghans qui sont soit des &#8220;primoarrivants&#8221; (ayant tout juste accompli le long p\u00e9riple depuis l&#8217;Afghanistan, avec ses longues stations iraniennes et\/ou turques, grecques, bosniaques\u2026), soit des personnes ayant tent\u00e9 leur chance en Allemagne, en Belgique ou en Su\u00e8de et ayant \u00e9t\u00e9 d\u00e9bout\u00e9es l\u00e0-bas de leur demande d&#8217;asile. Depuis quelques jours, la mairie de Saint-Denis a fait installer des robinets d&#8217;eau suppl\u00e9mentaires. Jusqu&#8217;alors, les habitants du camp devaient se contenter d&#8217;un seul point d&#8217;eau pour plus de 1500 personnes. Ce jour, des associations de soutien aux migrants et aux sans-papiers sont venues distribuer des tracts appelant \u00e0 la marche du 17 octobre pour les droits des sans-papiers. Quelques exil\u00e9s participent \u00e0 la confection d&#8217;une banderole en vue de leur participation \u00e0 cette marche. Photo : Fr\u00e9d\u00e9rique Le Brun<\/div>\n\t\t<\/template>\n\t\t\t\t\t\t<figure class=\"vp-portfolio__item\">\n\t\t\t\t\n<div class=\"vp-portfolio__item-img-wrap\">\n\t<div class=\"vp-portfolio__item-img\">\n\t\t\t<a\n\t\thref=\"https:\/\/i0.wp.com\/frederiquelebrun.com\/wp-content\/uploads\/2021\/10\/23-2020-10-11-WP-FLB-camp-saint-denis-_MG_9486.jpg?fit=1920%2C1280&#038;ssl=1\"\n\t\taria-label=\"Campement exil\u00e9s Saint-Denis\" \t>\n\t\n\t\t<noscript><img loading=\"lazy\" decoding=\"async\" width=\"1920\" height=\"1280\" data-skip-lazy src=\"https:\/\/i0.wp.com\/frederiquelebrun.com\/wp-content\/uploads\/2021\/10\/23-2020-10-11-WP-FLB-camp-saint-denis-_MG_9486.jpg?fit=1920%2C1280&amp;ssl=1\" class=\"wp-image-492\" alt=\"Campement migrants Saint-Denis \u00e9vacutation\" srcset=\"https:\/\/i0.wp.com\/frederiquelebrun.com\/wp-content\/uploads\/2021\/10\/23-2020-10-11-WP-FLB-camp-saint-denis-_MG_9486.jpg?w=2048&amp;ssl=1 2048w, https:\/\/i0.wp.com\/frederiquelebrun.com\/wp-content\/uploads\/2021\/10\/23-2020-10-11-WP-FLB-camp-saint-denis-_MG_9486.jpg?resize=300%2C200&amp;ssl=1 300w, https:\/\/i0.wp.com\/frederiquelebrun.com\/wp-content\/uploads\/2021\/10\/23-2020-10-11-WP-FLB-camp-saint-denis-_MG_9486.jpg?resize=600%2C400&amp;ssl=1 600w, https:\/\/i0.wp.com\/frederiquelebrun.com\/wp-content\/uploads\/2021\/10\/23-2020-10-11-WP-FLB-camp-saint-denis-_MG_9486.jpg?resize=1024%2C683&amp;ssl=1 1024w, https:\/\/i0.wp.com\/frederiquelebrun.com\/wp-content\/uploads\/2021\/10\/23-2020-10-11-WP-FLB-camp-saint-denis-_MG_9486.jpg?resize=768%2C512&amp;ssl=1 768w, https:\/\/i0.wp.com\/frederiquelebrun.com\/wp-content\/uploads\/2021\/10\/23-2020-10-11-WP-FLB-camp-saint-denis-_MG_9486.jpg?resize=1536%2C1024&amp;ssl=1 1536w\" sizes=\"(max-width: 1000px) 100vw, 1000px\" \/><\/noscript><img decoding=\"async\" width=\"1920\" height=\"1280\" src=\"https:\/\/i0.wp.com\/frederiquelebrun.com\/wp-content\/uploads\/2021\/10\/23-2020-10-11-WP-FLB-camp-saint-denis-_MG_9486.jpg?fit=1920%2C1280&amp;ssl=1\" class=\"wp-image-492 vp-lazyload\" alt=\"Campement migrants Saint-Denis \u00e9vacutation\" srcset=\"data:image\/svg+xml;base64,PHN2ZyB3aWR0aD0iMTkyMCIgaGVpZ2h0PSIxMjgwIiB2aWV3Qm94PSIwIDAgMTkyMCAxMjgwIiBmaWxsPSJub25lIiB4bWxucz0iaHR0cDovL3d3dy53My5vcmcvMjAwMC9zdmciPjwvc3ZnPg==\" data-src=\"https:\/\/i0.wp.com\/frederiquelebrun.com\/wp-content\/uploads\/2021\/10\/23-2020-10-11-WP-FLB-camp-saint-denis-_MG_9486.jpg?fit=1920%2C1280&amp;ssl=1\" data-srcset=\"https:\/\/i0.wp.com\/frederiquelebrun.com\/wp-content\/uploads\/2021\/10\/23-2020-10-11-WP-FLB-camp-saint-denis-_MG_9486.jpg?w=2048&amp;ssl=1 2048w, https:\/\/i0.wp.com\/frederiquelebrun.com\/wp-content\/uploads\/2021\/10\/23-2020-10-11-WP-FLB-camp-saint-denis-_MG_9486.jpg?resize=300%2C200&amp;ssl=1 300w, https:\/\/i0.wp.com\/frederiquelebrun.com\/wp-content\/uploads\/2021\/10\/23-2020-10-11-WP-FLB-camp-saint-denis-_MG_9486.jpg?resize=600%2C400&amp;ssl=1 600w, https:\/\/i0.wp.com\/frederiquelebrun.com\/wp-content\/uploads\/2021\/10\/23-2020-10-11-WP-FLB-camp-saint-denis-_MG_9486.jpg?resize=1024%2C683&amp;ssl=1 1024w, https:\/\/i0.wp.com\/frederiquelebrun.com\/wp-content\/uploads\/2021\/10\/23-2020-10-11-WP-FLB-camp-saint-denis-_MG_9486.jpg?resize=768%2C512&amp;ssl=1 768w, https:\/\/i0.wp.com\/frederiquelebrun.com\/wp-content\/uploads\/2021\/10\/23-2020-10-11-WP-FLB-camp-saint-denis-_MG_9486.jpg?resize=1536%2C1024&amp;ssl=1 1536w\" data-sizes=\"auto\" loading=\"eager\">\n\t\t<div class=\"vp-portfolio__item-overlay\">\n\t\t\t\t\t<\/div>\n\n\t\t<\/a>\t<\/div>\n<\/div>\n\n\t\t\t<\/figure>\n\t\t\t\t\t<\/div>\n\t\t\n\t\t<div\t\tclass=\"vp-portfolio__item-wrap vp-portfolio__item-uid-bd13483b\" data-vp-filter=\"\" \t\t>\n\t\t\t<template class=\"vp-portfolio__item-popup\" data-vp-popup-img=\"https:\/\/i0.wp.com\/frederiquelebrun.com\/wp-content\/uploads\/2021\/10\/24-2020-11-10-WP-FLB-camp-saint-denis-_MG_1876.jpg?fit=1920%2C1280&#038;ssl=1\" data-vp-popup-img-srcset=\"https:\/\/i0.wp.com\/frederiquelebrun.com\/wp-content\/uploads\/2021\/10\/24-2020-11-10-WP-FLB-camp-saint-denis-_MG_1876.jpg?w=2048&amp;ssl=1 2048w, https:\/\/i0.wp.com\/frederiquelebrun.com\/wp-content\/uploads\/2021\/10\/24-2020-11-10-WP-FLB-camp-saint-denis-_MG_1876.jpg?resize=300%2C200&amp;ssl=1 300w, https:\/\/i0.wp.com\/frederiquelebrun.com\/wp-content\/uploads\/2021\/10\/24-2020-11-10-WP-FLB-camp-saint-denis-_MG_1876.jpg?resize=600%2C400&amp;ssl=1 600w, https:\/\/i0.wp.com\/frederiquelebrun.com\/wp-content\/uploads\/2021\/10\/24-2020-11-10-WP-FLB-camp-saint-denis-_MG_1876.jpg?resize=1024%2C683&amp;ssl=1 1024w, https:\/\/i0.wp.com\/frederiquelebrun.com\/wp-content\/uploads\/2021\/10\/24-2020-11-10-WP-FLB-camp-saint-denis-_MG_1876.jpg?resize=768%2C512&amp;ssl=1 768w, https:\/\/i0.wp.com\/frederiquelebrun.com\/wp-content\/uploads\/2021\/10\/24-2020-11-10-WP-FLB-camp-saint-denis-_MG_1876.jpg?resize=1536%2C1024&amp;ssl=1 1536w\" data-vp-popup-img-size=\"1920x1280\" data-vp-popup-md-img=\"https:\/\/i0.wp.com\/frederiquelebrun.com\/wp-content\/uploads\/2021\/10\/24-2020-11-10-WP-FLB-camp-saint-denis-_MG_1876.jpg?fit=800%2C533&#038;ssl=1\" data-vp-popup-md-img-size=\"800x533\" data-vp-popup-sm-img=\"https:\/\/i0.wp.com\/frederiquelebrun.com\/wp-content\/uploads\/2021\/10\/24-2020-11-10-WP-FLB-camp-saint-denis-_MG_1876.jpg?fit=500%2C333&#038;ssl=1\" data-vp-popup-sm-img-size=\"500x333\">\n\t\t\t<div class=\"vp-portfolio__item-popup-description\">2020-11-10-Saint-Denis (Seine-Saint-Denis). Campement d&#8217;exil\u00e9s \u00e0 Porte de Paris. Le campement compte chaque jour de nouveaux arrivants, surtout des Afghans qui sont soit des &#8220;primoarrivants&#8221; (ayant tout juste accompli le long p\u00e9riple depuis l&#8217;Afghanistan, avec ses longues stations iraniennes et\/ou turques, grecques, bosniaques\u2026), soit des personnes ayant tent\u00e9 leur chance en Allemagne, en Belgique ou en Su\u00e8de et ayant \u00e9t\u00e9 d\u00e9bout\u00e9es l\u00e0-bas de leur demande d&#8217;asile. Depuis quelques jours, la mairie de Saint-Denis a fait installer des robinets d&#8217;eau suppl\u00e9mentaires. Jusqu&#8217;alors, les habitants du camp devaient se contenter d&#8217;un seul point d&#8217;eau pour plus de 1500 personnes. Ils sont mintenant au moins 2000. Le soir, il fait froid, des gens font brpuler les tas de d\u00e9chets. Des cuisines improvis\u00e9es ont fait leur apparition sur le campement, o\u00f9 l&#8217;on cuit des galettes de bl\u00e9 contenant de la pur\u00e9e de pomme de terre (bolani) ou des soupes (chicken soup). De partout, les exil\u00e9s rapportent du bois et des palettes glan\u00e9es dans les environs pour faire les feux. Photo : Fr\u00e9d\u00e9rique Le Brun<\/div>\n\t\t<\/template>\n\t\t\t\t\t\t<figure class=\"vp-portfolio__item\">\n\t\t\t\t\n<div class=\"vp-portfolio__item-img-wrap\">\n\t<div class=\"vp-portfolio__item-img\">\n\t\t\t<a\n\t\thref=\"https:\/\/i0.wp.com\/frederiquelebrun.com\/wp-content\/uploads\/2021\/10\/24-2020-11-10-WP-FLB-camp-saint-denis-_MG_1876.jpg?fit=1920%2C1280&#038;ssl=1\"\n\t\taria-label=\"Campement exil\u00e9s Saint-Denis\" \t>\n\t\n\t\t<noscript><img loading=\"lazy\" decoding=\"async\" width=\"1920\" height=\"1280\" data-skip-lazy src=\"https:\/\/i0.wp.com\/frederiquelebrun.com\/wp-content\/uploads\/2021\/10\/24-2020-11-10-WP-FLB-camp-saint-denis-_MG_1876.jpg?fit=1920%2C1280&amp;ssl=1\" class=\"wp-image-493\" alt=\"Campement migrants Saint-Denis \u00e9vacutation\" srcset=\"https:\/\/i0.wp.com\/frederiquelebrun.com\/wp-content\/uploads\/2021\/10\/24-2020-11-10-WP-FLB-camp-saint-denis-_MG_1876.jpg?w=2048&amp;ssl=1 2048w, https:\/\/i0.wp.com\/frederiquelebrun.com\/wp-content\/uploads\/2021\/10\/24-2020-11-10-WP-FLB-camp-saint-denis-_MG_1876.jpg?resize=300%2C200&amp;ssl=1 300w, https:\/\/i0.wp.com\/frederiquelebrun.com\/wp-content\/uploads\/2021\/10\/24-2020-11-10-WP-FLB-camp-saint-denis-_MG_1876.jpg?resize=600%2C400&amp;ssl=1 600w, https:\/\/i0.wp.com\/frederiquelebrun.com\/wp-content\/uploads\/2021\/10\/24-2020-11-10-WP-FLB-camp-saint-denis-_MG_1876.jpg?resize=1024%2C683&amp;ssl=1 1024w, https:\/\/i0.wp.com\/frederiquelebrun.com\/wp-content\/uploads\/2021\/10\/24-2020-11-10-WP-FLB-camp-saint-denis-_MG_1876.jpg?resize=768%2C512&amp;ssl=1 768w, https:\/\/i0.wp.com\/frederiquelebrun.com\/wp-content\/uploads\/2021\/10\/24-2020-11-10-WP-FLB-camp-saint-denis-_MG_1876.jpg?resize=1536%2C1024&amp;ssl=1 1536w\" sizes=\"(max-width: 1000px) 100vw, 1000px\" \/><\/noscript><img decoding=\"async\" width=\"1920\" height=\"1280\" src=\"https:\/\/i0.wp.com\/frederiquelebrun.com\/wp-content\/uploads\/2021\/10\/24-2020-11-10-WP-FLB-camp-saint-denis-_MG_1876.jpg?fit=1920%2C1280&amp;ssl=1\" class=\"wp-image-493 vp-lazyload\" alt=\"Campement migrants Saint-Denis \u00e9vacutation\" srcset=\"data:image\/svg+xml;base64,PHN2ZyB3aWR0aD0iMTkyMCIgaGVpZ2h0PSIxMjgwIiB2aWV3Qm94PSIwIDAgMTkyMCAxMjgwIiBmaWxsPSJub25lIiB4bWxucz0iaHR0cDovL3d3dy53My5vcmcvMjAwMC9zdmciPjwvc3ZnPg==\" data-src=\"https:\/\/i0.wp.com\/frederiquelebrun.com\/wp-content\/uploads\/2021\/10\/24-2020-11-10-WP-FLB-camp-saint-denis-_MG_1876.jpg?fit=1920%2C1280&amp;ssl=1\" data-srcset=\"https:\/\/i0.wp.com\/frederiquelebrun.com\/wp-content\/uploads\/2021\/10\/24-2020-11-10-WP-FLB-camp-saint-denis-_MG_1876.jpg?w=2048&amp;ssl=1 2048w, https:\/\/i0.wp.com\/frederiquelebrun.com\/wp-content\/uploads\/2021\/10\/24-2020-11-10-WP-FLB-camp-saint-denis-_MG_1876.jpg?resize=300%2C200&amp;ssl=1 300w, https:\/\/i0.wp.com\/frederiquelebrun.com\/wp-content\/uploads\/2021\/10\/24-2020-11-10-WP-FLB-camp-saint-denis-_MG_1876.jpg?resize=600%2C400&amp;ssl=1 600w, https:\/\/i0.wp.com\/frederiquelebrun.com\/wp-content\/uploads\/2021\/10\/24-2020-11-10-WP-FLB-camp-saint-denis-_MG_1876.jpg?resize=1024%2C683&amp;ssl=1 1024w, https:\/\/i0.wp.com\/frederiquelebrun.com\/wp-content\/uploads\/2021\/10\/24-2020-11-10-WP-FLB-camp-saint-denis-_MG_1876.jpg?resize=768%2C512&amp;ssl=1 768w, https:\/\/i0.wp.com\/frederiquelebrun.com\/wp-content\/uploads\/2021\/10\/24-2020-11-10-WP-FLB-camp-saint-denis-_MG_1876.jpg?resize=1536%2C1024&amp;ssl=1 1536w\" data-sizes=\"auto\" loading=\"eager\">\n\t\t<div class=\"vp-portfolio__item-overlay\">\n\t\t\t\t\t<\/div>\n\n\t\t<\/a>\t<\/div>\n<\/div>\n\n\t\t\t<\/figure>\n\t\t\t\t\t<\/div>\n\t\t\n\t\t<div\t\tclass=\"vp-portfolio__item-wrap vp-portfolio__item-uid-bea0e521\" data-vp-filter=\"\" \t\t>\n\t\t\t<template class=\"vp-portfolio__item-popup\" data-vp-popup-img=\"https:\/\/i0.wp.com\/frederiquelebrun.com\/wp-content\/uploads\/2021\/10\/25-2020-10-27-WP-FLB-camp-saint-denis-_MG_1507.jpg?fit=1920%2C1280&#038;ssl=1\" data-vp-popup-img-srcset=\"https:\/\/i0.wp.com\/frederiquelebrun.com\/wp-content\/uploads\/2021\/10\/25-2020-10-27-WP-FLB-camp-saint-denis-_MG_1507.jpg?w=2048&amp;ssl=1 2048w, https:\/\/i0.wp.com\/frederiquelebrun.com\/wp-content\/uploads\/2021\/10\/25-2020-10-27-WP-FLB-camp-saint-denis-_MG_1507.jpg?resize=300%2C200&amp;ssl=1 300w, https:\/\/i0.wp.com\/frederiquelebrun.com\/wp-content\/uploads\/2021\/10\/25-2020-10-27-WP-FLB-camp-saint-denis-_MG_1507.jpg?resize=600%2C400&amp;ssl=1 600w, https:\/\/i0.wp.com\/frederiquelebrun.com\/wp-content\/uploads\/2021\/10\/25-2020-10-27-WP-FLB-camp-saint-denis-_MG_1507.jpg?resize=1024%2C683&amp;ssl=1 1024w, https:\/\/i0.wp.com\/frederiquelebrun.com\/wp-content\/uploads\/2021\/10\/25-2020-10-27-WP-FLB-camp-saint-denis-_MG_1507.jpg?resize=768%2C512&amp;ssl=1 768w, https:\/\/i0.wp.com\/frederiquelebrun.com\/wp-content\/uploads\/2021\/10\/25-2020-10-27-WP-FLB-camp-saint-denis-_MG_1507.jpg?resize=1536%2C1024&amp;ssl=1 1536w\" data-vp-popup-img-size=\"1920x1280\" data-vp-popup-md-img=\"https:\/\/i0.wp.com\/frederiquelebrun.com\/wp-content\/uploads\/2021\/10\/25-2020-10-27-WP-FLB-camp-saint-denis-_MG_1507.jpg?fit=800%2C533&#038;ssl=1\" data-vp-popup-md-img-size=\"800x533\" data-vp-popup-sm-img=\"https:\/\/i0.wp.com\/frederiquelebrun.com\/wp-content\/uploads\/2021\/10\/25-2020-10-27-WP-FLB-camp-saint-denis-_MG_1507.jpg?fit=500%2C333&#038;ssl=1\" data-vp-popup-sm-img-size=\"500x333\">\n\t\t\t<div class=\"vp-portfolio__item-popup-description\">2020-10-27-Saint-Denis (Seine-Saint-Denis). Campement d&#8217;exil\u00e9s \u00e0 Porte de Paris. Le campement compte chaque jour de nouveaux arrivants, surtout des Afghans qui sont soit des &#8220;primoarrivants&#8221; (ayant tout juste accompli le long p\u00e9riple depuis l&#8217;Afghanistan, avec ses longues stations iraniennes et\/ou turques, grecques, bosniaques\u2026), soit des personnes ayant tent\u00e9 leur chance en Allemagne, en Belgique ou en Su\u00e8de et ayant \u00e9t\u00e9 d\u00e9bout\u00e9es l\u00e0-bas de leur demande d&#8217;asile. Depuis quelques jours, la mairie de Saint-Denis a fait installer des robinets d&#8217;eau suppl\u00e9mentaires. Jusqu&#8217;alors, les habitants du camp devaient se contenter d&#8217;un seul point d&#8217;eau pour plus de 1500 personnes. Ils sont mintenant au moins 2000.  Le soir, il fait froid, des gens font brpuler les tas de d\u00e9chets. Des cuisines improvis\u00e9es ont fait leur apparition sur le campement, o\u00f9 l&#8217;on cuit des galettes de bl\u00e9 contenant de la pur\u00e9e de pomme de terre (bolani) ou des soupes (chicken soup). De partout, les exil\u00e9s rapportent du bois et des palettes glan\u00e9es dans les environs pour faire les feux. Photo : Fr\u00e9d\u00e9rique Le Brun<\/div>\n\t\t<\/template>\n\t\t\t\t\t\t<figure class=\"vp-portfolio__item\">\n\t\t\t\t\n<div class=\"vp-portfolio__item-img-wrap\">\n\t<div class=\"vp-portfolio__item-img\">\n\t\t\t<a\n\t\thref=\"https:\/\/i0.wp.com\/frederiquelebrun.com\/wp-content\/uploads\/2021\/10\/25-2020-10-27-WP-FLB-camp-saint-denis-_MG_1507.jpg?fit=1920%2C1280&#038;ssl=1\"\n\t\taria-label=\"Campement exil\u00e9s Saint-Denis\" \t>\n\t\n\t\t<noscript><img loading=\"lazy\" decoding=\"async\" width=\"1920\" height=\"1280\" data-skip-lazy src=\"https:\/\/i0.wp.com\/frederiquelebrun.com\/wp-content\/uploads\/2021\/10\/25-2020-10-27-WP-FLB-camp-saint-denis-_MG_1507.jpg?fit=1920%2C1280&amp;ssl=1\" class=\"wp-image-494\" alt=\"Campement migrants Saint-Denis \u00e9vacutation\" srcset=\"https:\/\/i0.wp.com\/frederiquelebrun.com\/wp-content\/uploads\/2021\/10\/25-2020-10-27-WP-FLB-camp-saint-denis-_MG_1507.jpg?w=2048&amp;ssl=1 2048w, https:\/\/i0.wp.com\/frederiquelebrun.com\/wp-content\/uploads\/2021\/10\/25-2020-10-27-WP-FLB-camp-saint-denis-_MG_1507.jpg?resize=300%2C200&amp;ssl=1 300w, https:\/\/i0.wp.com\/frederiquelebrun.com\/wp-content\/uploads\/2021\/10\/25-2020-10-27-WP-FLB-camp-saint-denis-_MG_1507.jpg?resize=600%2C400&amp;ssl=1 600w, https:\/\/i0.wp.com\/frederiquelebrun.com\/wp-content\/uploads\/2021\/10\/25-2020-10-27-WP-FLB-camp-saint-denis-_MG_1507.jpg?resize=1024%2C683&amp;ssl=1 1024w, https:\/\/i0.wp.com\/frederiquelebrun.com\/wp-content\/uploads\/2021\/10\/25-2020-10-27-WP-FLB-camp-saint-denis-_MG_1507.jpg?resize=768%2C512&amp;ssl=1 768w, https:\/\/i0.wp.com\/frederiquelebrun.com\/wp-content\/uploads\/2021\/10\/25-2020-10-27-WP-FLB-camp-saint-denis-_MG_1507.jpg?resize=1536%2C1024&amp;ssl=1 1536w\" sizes=\"(max-width: 1000px) 100vw, 1000px\" \/><\/noscript><img decoding=\"async\" width=\"1920\" height=\"1280\" src=\"https:\/\/i0.wp.com\/frederiquelebrun.com\/wp-content\/uploads\/2021\/10\/25-2020-10-27-WP-FLB-camp-saint-denis-_MG_1507.jpg?fit=1920%2C1280&amp;ssl=1\" class=\"wp-image-494 vp-lazyload\" alt=\"Campement migrants Saint-Denis \u00e9vacutation\" srcset=\"data:image\/svg+xml;base64,PHN2ZyB3aWR0aD0iMTkyMCIgaGVpZ2h0PSIxMjgwIiB2aWV3Qm94PSIwIDAgMTkyMCAxMjgwIiBmaWxsPSJub25lIiB4bWxucz0iaHR0cDovL3d3dy53My5vcmcvMjAwMC9zdmciPjwvc3ZnPg==\" data-src=\"https:\/\/i0.wp.com\/frederiquelebrun.com\/wp-content\/uploads\/2021\/10\/25-2020-10-27-WP-FLB-camp-saint-denis-_MG_1507.jpg?fit=1920%2C1280&amp;ssl=1\" data-srcset=\"https:\/\/i0.wp.com\/frederiquelebrun.com\/wp-content\/uploads\/2021\/10\/25-2020-10-27-WP-FLB-camp-saint-denis-_MG_1507.jpg?w=2048&amp;ssl=1 2048w, https:\/\/i0.wp.com\/frederiquelebrun.com\/wp-content\/uploads\/2021\/10\/25-2020-10-27-WP-FLB-camp-saint-denis-_MG_1507.jpg?resize=300%2C200&amp;ssl=1 300w, https:\/\/i0.wp.com\/frederiquelebrun.com\/wp-content\/uploads\/2021\/10\/25-2020-10-27-WP-FLB-camp-saint-denis-_MG_1507.jpg?resize=600%2C400&amp;ssl=1 600w, https:\/\/i0.wp.com\/frederiquelebrun.com\/wp-content\/uploads\/2021\/10\/25-2020-10-27-WP-FLB-camp-saint-denis-_MG_1507.jpg?resize=1024%2C683&amp;ssl=1 1024w, https:\/\/i0.wp.com\/frederiquelebrun.com\/wp-content\/uploads\/2021\/10\/25-2020-10-27-WP-FLB-camp-saint-denis-_MG_1507.jpg?resize=768%2C512&amp;ssl=1 768w, https:\/\/i0.wp.com\/frederiquelebrun.com\/wp-content\/uploads\/2021\/10\/25-2020-10-27-WP-FLB-camp-saint-denis-_MG_1507.jpg?resize=1536%2C1024&amp;ssl=1 1536w\" data-sizes=\"auto\" loading=\"eager\">\n\t\t<div class=\"vp-portfolio__item-overlay\">\n\t\t\t\t\t<\/div>\n\n\t\t<\/a>\t<\/div>\n<\/div>\n\n\t\t\t<\/figure>\n\t\t\t\t\t<\/div>\n\t\t\n\t\t<div\t\tclass=\"vp-portfolio__item-wrap vp-portfolio__item-uid-711bb2d2\" data-vp-filter=\"\" \t\t>\n\t\t\t<template class=\"vp-portfolio__item-popup\" data-vp-popup-img=\"https:\/\/i0.wp.com\/frederiquelebrun.com\/wp-content\/uploads\/2021\/10\/26-2020-10-20-WP-FLB-camp-saint-denis-_MG_1240.jpg?fit=1920%2C1280&#038;ssl=1\" data-vp-popup-img-srcset=\"https:\/\/i0.wp.com\/frederiquelebrun.com\/wp-content\/uploads\/2021\/10\/26-2020-10-20-WP-FLB-camp-saint-denis-_MG_1240.jpg?w=2048&amp;ssl=1 2048w, https:\/\/i0.wp.com\/frederiquelebrun.com\/wp-content\/uploads\/2021\/10\/26-2020-10-20-WP-FLB-camp-saint-denis-_MG_1240.jpg?resize=300%2C200&amp;ssl=1 300w, https:\/\/i0.wp.com\/frederiquelebrun.com\/wp-content\/uploads\/2021\/10\/26-2020-10-20-WP-FLB-camp-saint-denis-_MG_1240.jpg?resize=600%2C400&amp;ssl=1 600w, https:\/\/i0.wp.com\/frederiquelebrun.com\/wp-content\/uploads\/2021\/10\/26-2020-10-20-WP-FLB-camp-saint-denis-_MG_1240.jpg?resize=1024%2C683&amp;ssl=1 1024w, https:\/\/i0.wp.com\/frederiquelebrun.com\/wp-content\/uploads\/2021\/10\/26-2020-10-20-WP-FLB-camp-saint-denis-_MG_1240.jpg?resize=768%2C512&amp;ssl=1 768w, https:\/\/i0.wp.com\/frederiquelebrun.com\/wp-content\/uploads\/2021\/10\/26-2020-10-20-WP-FLB-camp-saint-denis-_MG_1240.jpg?resize=1536%2C1024&amp;ssl=1 1536w\" data-vp-popup-img-size=\"1920x1280\" data-vp-popup-md-img=\"https:\/\/i0.wp.com\/frederiquelebrun.com\/wp-content\/uploads\/2021\/10\/26-2020-10-20-WP-FLB-camp-saint-denis-_MG_1240.jpg?fit=800%2C533&#038;ssl=1\" data-vp-popup-md-img-size=\"800x533\" data-vp-popup-sm-img=\"https:\/\/i0.wp.com\/frederiquelebrun.com\/wp-content\/uploads\/2021\/10\/26-2020-10-20-WP-FLB-camp-saint-denis-_MG_1240.jpg?fit=500%2C333&#038;ssl=1\" data-vp-popup-sm-img-size=\"500x333\">\n\t\t\t<div class=\"vp-portfolio__item-popup-description\">2020-10-20-Saint-Denis (Seine-Saint-Denis). Campement d&#8217;exil\u00e9s \u00e0 Porte de Paris. Le campement compte chaque jour de nouveaux arrivants, surtout des Afghans qui sont soit des &#8220;primoarrivants&#8221; (ayant tout juste accompli le long p\u00e9riple depuis l&#8217;Afghanistan, avec ses longues stations iraniennes et\/ou turques, grecques, bosniaques\u2026), soit des personnes ayant tent\u00e9 leur chance en Allemagne, en Belgique ou en Su\u00e8de et ayant \u00e9t\u00e9 d\u00e9bout\u00e9es l\u00e0-bas de leur demande d&#8217;asile. Depuis quelques jours, la mairie de Saint-Denis a fait installer des robinets d&#8217;eau suppl\u00e9mentaires. Jusqu&#8217;alors, les habitants du camp devaient se contenter d&#8217;un seul point d&#8217;eau pour plus de 1500 personnes. Ils sont mintenant au moins 2000. Ce jour, une associations anglaise de soins infirmiers est venue apporter quelques soins. Le soir, il fait froid, des gens font brpuler les tas de d\u00e9chets. Des cuisines improvis\u00e9es ont fait leur apparition sur le campement, o\u00f9 l&#8217;on cuit des galettes de bl\u00e9 contenant de la pur\u00e9e de pomme de terre (bolani) ou des soupes (chicken soup). Photo : Fr\u00e9d\u00e9rique Le Brun<\/div>\n\t\t<\/template>\n\t\t\t\t\t\t<figure class=\"vp-portfolio__item\">\n\t\t\t\t\n<div class=\"vp-portfolio__item-img-wrap\">\n\t<div class=\"vp-portfolio__item-img\">\n\t\t\t<a\n\t\thref=\"https:\/\/i0.wp.com\/frederiquelebrun.com\/wp-content\/uploads\/2021\/10\/26-2020-10-20-WP-FLB-camp-saint-denis-_MG_1240.jpg?fit=1920%2C1280&#038;ssl=1\"\n\t\taria-label=\"Campement exil\u00e9s Saint-Denis\" \t>\n\t\n\t\t<noscript><img loading=\"lazy\" decoding=\"async\" width=\"1920\" height=\"1280\" data-skip-lazy src=\"https:\/\/i0.wp.com\/frederiquelebrun.com\/wp-content\/uploads\/2021\/10\/26-2020-10-20-WP-FLB-camp-saint-denis-_MG_1240.jpg?fit=1920%2C1280&amp;ssl=1\" class=\"wp-image-495\" alt=\"Campement migrants Saint-Denis \u00e9vacutation\" srcset=\"https:\/\/i0.wp.com\/frederiquelebrun.com\/wp-content\/uploads\/2021\/10\/26-2020-10-20-WP-FLB-camp-saint-denis-_MG_1240.jpg?w=2048&amp;ssl=1 2048w, https:\/\/i0.wp.com\/frederiquelebrun.com\/wp-content\/uploads\/2021\/10\/26-2020-10-20-WP-FLB-camp-saint-denis-_MG_1240.jpg?resize=300%2C200&amp;ssl=1 300w, https:\/\/i0.wp.com\/frederiquelebrun.com\/wp-content\/uploads\/2021\/10\/26-2020-10-20-WP-FLB-camp-saint-denis-_MG_1240.jpg?resize=600%2C400&amp;ssl=1 600w, https:\/\/i0.wp.com\/frederiquelebrun.com\/wp-content\/uploads\/2021\/10\/26-2020-10-20-WP-FLB-camp-saint-denis-_MG_1240.jpg?resize=1024%2C683&amp;ssl=1 1024w, https:\/\/i0.wp.com\/frederiquelebrun.com\/wp-content\/uploads\/2021\/10\/26-2020-10-20-WP-FLB-camp-saint-denis-_MG_1240.jpg?resize=768%2C512&amp;ssl=1 768w, https:\/\/i0.wp.com\/frederiquelebrun.com\/wp-content\/uploads\/2021\/10\/26-2020-10-20-WP-FLB-camp-saint-denis-_MG_1240.jpg?resize=1536%2C1024&amp;ssl=1 1536w\" sizes=\"(max-width: 1000px) 100vw, 1000px\" \/><\/noscript><img decoding=\"async\" width=\"1920\" height=\"1280\" src=\"https:\/\/i0.wp.com\/frederiquelebrun.com\/wp-content\/uploads\/2021\/10\/26-2020-10-20-WP-FLB-camp-saint-denis-_MG_1240.jpg?fit=1920%2C1280&amp;ssl=1\" class=\"wp-image-495 vp-lazyload\" alt=\"Campement migrants Saint-Denis \u00e9vacutation\" srcset=\"data:image\/svg+xml;base64,PHN2ZyB3aWR0aD0iMTkyMCIgaGVpZ2h0PSIxMjgwIiB2aWV3Qm94PSIwIDAgMTkyMCAxMjgwIiBmaWxsPSJub25lIiB4bWxucz0iaHR0cDovL3d3dy53My5vcmcvMjAwMC9zdmciPjwvc3ZnPg==\" data-src=\"https:\/\/i0.wp.com\/frederiquelebrun.com\/wp-content\/uploads\/2021\/10\/26-2020-10-20-WP-FLB-camp-saint-denis-_MG_1240.jpg?fit=1920%2C1280&amp;ssl=1\" data-srcset=\"https:\/\/i0.wp.com\/frederiquelebrun.com\/wp-content\/uploads\/2021\/10\/26-2020-10-20-WP-FLB-camp-saint-denis-_MG_1240.jpg?w=2048&amp;ssl=1 2048w, https:\/\/i0.wp.com\/frederiquelebrun.com\/wp-content\/uploads\/2021\/10\/26-2020-10-20-WP-FLB-camp-saint-denis-_MG_1240.jpg?resize=300%2C200&amp;ssl=1 300w, https:\/\/i0.wp.com\/frederiquelebrun.com\/wp-content\/uploads\/2021\/10\/26-2020-10-20-WP-FLB-camp-saint-denis-_MG_1240.jpg?resize=600%2C400&amp;ssl=1 600w, https:\/\/i0.wp.com\/frederiquelebrun.com\/wp-content\/uploads\/2021\/10\/26-2020-10-20-WP-FLB-camp-saint-denis-_MG_1240.jpg?resize=1024%2C683&amp;ssl=1 1024w, https:\/\/i0.wp.com\/frederiquelebrun.com\/wp-content\/uploads\/2021\/10\/26-2020-10-20-WP-FLB-camp-saint-denis-_MG_1240.jpg?resize=768%2C512&amp;ssl=1 768w, https:\/\/i0.wp.com\/frederiquelebrun.com\/wp-content\/uploads\/2021\/10\/26-2020-10-20-WP-FLB-camp-saint-denis-_MG_1240.jpg?resize=1536%2C1024&amp;ssl=1 1536w\" data-sizes=\"auto\" loading=\"eager\">\n\t\t<div class=\"vp-portfolio__item-overlay\">\n\t\t\t\t\t<\/div>\n\n\t\t<\/a>\t<\/div>\n<\/div>\n\n\t\t\t<\/figure>\n\t\t\t\t\t<\/div>\n\t\t\n\t\t<div\t\tclass=\"vp-portfolio__item-wrap vp-portfolio__item-uid-faa74c86\" data-vp-filter=\"\" \t\t>\n\t\t\t<template class=\"vp-portfolio__item-popup\" data-vp-popup-img=\"https:\/\/i0.wp.com\/frederiquelebrun.com\/wp-content\/uploads\/2021\/10\/27-2020-11-10-WP-FLB-camp-saint-denis-_MG_1871.jpg?fit=1920%2C1280&#038;ssl=1\" data-vp-popup-img-srcset=\"https:\/\/i0.wp.com\/frederiquelebrun.com\/wp-content\/uploads\/2021\/10\/27-2020-11-10-WP-FLB-camp-saint-denis-_MG_1871.jpg?w=2048&amp;ssl=1 2048w, https:\/\/i0.wp.com\/frederiquelebrun.com\/wp-content\/uploads\/2021\/10\/27-2020-11-10-WP-FLB-camp-saint-denis-_MG_1871.jpg?resize=300%2C200&amp;ssl=1 300w, https:\/\/i0.wp.com\/frederiquelebrun.com\/wp-content\/uploads\/2021\/10\/27-2020-11-10-WP-FLB-camp-saint-denis-_MG_1871.jpg?resize=600%2C400&amp;ssl=1 600w, https:\/\/i0.wp.com\/frederiquelebrun.com\/wp-content\/uploads\/2021\/10\/27-2020-11-10-WP-FLB-camp-saint-denis-_MG_1871.jpg?resize=1024%2C683&amp;ssl=1 1024w, https:\/\/i0.wp.com\/frederiquelebrun.com\/wp-content\/uploads\/2021\/10\/27-2020-11-10-WP-FLB-camp-saint-denis-_MG_1871.jpg?resize=768%2C512&amp;ssl=1 768w, https:\/\/i0.wp.com\/frederiquelebrun.com\/wp-content\/uploads\/2021\/10\/27-2020-11-10-WP-FLB-camp-saint-denis-_MG_1871.jpg?resize=1536%2C1024&amp;ssl=1 1536w\" data-vp-popup-img-size=\"1920x1280\" data-vp-popup-md-img=\"https:\/\/i0.wp.com\/frederiquelebrun.com\/wp-content\/uploads\/2021\/10\/27-2020-11-10-WP-FLB-camp-saint-denis-_MG_1871.jpg?fit=800%2C533&#038;ssl=1\" data-vp-popup-md-img-size=\"800x533\" data-vp-popup-sm-img=\"https:\/\/i0.wp.com\/frederiquelebrun.com\/wp-content\/uploads\/2021\/10\/27-2020-11-10-WP-FLB-camp-saint-denis-_MG_1871.jpg?fit=500%2C333&#038;ssl=1\" data-vp-popup-sm-img-size=\"500x333\">\n\t\t\t<div class=\"vp-portfolio__item-popup-description\">2020-11-10-Saint-Denis (Seine-Saint-Denis). Campement d&#8217;exil\u00e9s \u00e0 Porte de Paris. Le campement compte chaque jour de nouveaux arrivants, surtout des Afghans qui sont soit des &#8220;primoarrivants&#8221; (ayant tout juste accompli le long p\u00e9riple depuis l&#8217;Afghanistan, avec ses longues stations iraniennes et\/ou turques, grecques, bosniaques\u2026), soit des personnes ayant tent\u00e9 leur chance en Allemagne, en Belgique ou en Su\u00e8de et ayant \u00e9t\u00e9 d\u00e9bout\u00e9es l\u00e0-bas de leur demande d&#8217;asile. Depuis quelques jours, la mairie de Saint-Denis a fait installer des robinets d&#8217;eau suppl\u00e9mentaires. Jusqu&#8217;alors, les habitants du camp devaient se contenter d&#8217;un seul point d&#8217;eau pour plus de 1500 personnes. Ils sont mintenant au moins 2000. Le soir, il fait froid, des gens font brpuler les tas de d\u00e9chets. Des cuisines improvis\u00e9es ont fait leur apparition sur le campement, o\u00f9 l&#8217;on cuit des galettes de bl\u00e9 contenant de la pur\u00e9e de pomme de terre (bolani) ou des soupes (chicken soup). De partout, les exil\u00e9s rapportent du bois et des palettes glan\u00e9es dans les environs pour faire les feux. Photo : Fr\u00e9d\u00e9rique Le Brun<\/div>\n\t\t<\/template>\n\t\t\t\t\t\t<figure class=\"vp-portfolio__item\">\n\t\t\t\t\n<div class=\"vp-portfolio__item-img-wrap\">\n\t<div class=\"vp-portfolio__item-img\">\n\t\t\t<a\n\t\thref=\"https:\/\/i0.wp.com\/frederiquelebrun.com\/wp-content\/uploads\/2021\/10\/27-2020-11-10-WP-FLB-camp-saint-denis-_MG_1871.jpg?fit=1920%2C1280&#038;ssl=1\"\n\t\taria-label=\"Campement exil\u00e9s Saint-Denis\" \t>\n\t\n\t\t<noscript><img loading=\"lazy\" decoding=\"async\" width=\"1920\" height=\"1280\" data-skip-lazy src=\"https:\/\/i0.wp.com\/frederiquelebrun.com\/wp-content\/uploads\/2021\/10\/27-2020-11-10-WP-FLB-camp-saint-denis-_MG_1871.jpg?fit=1920%2C1280&amp;ssl=1\" class=\"wp-image-496\" alt=\"Campement migrants Saint-Denis \u00e9vacutation\" srcset=\"https:\/\/i0.wp.com\/frederiquelebrun.com\/wp-content\/uploads\/2021\/10\/27-2020-11-10-WP-FLB-camp-saint-denis-_MG_1871.jpg?w=2048&amp;ssl=1 2048w, https:\/\/i0.wp.com\/frederiquelebrun.com\/wp-content\/uploads\/2021\/10\/27-2020-11-10-WP-FLB-camp-saint-denis-_MG_1871.jpg?resize=300%2C200&amp;ssl=1 300w, https:\/\/i0.wp.com\/frederiquelebrun.com\/wp-content\/uploads\/2021\/10\/27-2020-11-10-WP-FLB-camp-saint-denis-_MG_1871.jpg?resize=600%2C400&amp;ssl=1 600w, https:\/\/i0.wp.com\/frederiquelebrun.com\/wp-content\/uploads\/2021\/10\/27-2020-11-10-WP-FLB-camp-saint-denis-_MG_1871.jpg?resize=1024%2C683&amp;ssl=1 1024w, https:\/\/i0.wp.com\/frederiquelebrun.com\/wp-content\/uploads\/2021\/10\/27-2020-11-10-WP-FLB-camp-saint-denis-_MG_1871.jpg?resize=768%2C512&amp;ssl=1 768w, https:\/\/i0.wp.com\/frederiquelebrun.com\/wp-content\/uploads\/2021\/10\/27-2020-11-10-WP-FLB-camp-saint-denis-_MG_1871.jpg?resize=1536%2C1024&amp;ssl=1 1536w\" sizes=\"(max-width: 1000px) 100vw, 1000px\" \/><\/noscript><img decoding=\"async\" width=\"1920\" height=\"1280\" src=\"https:\/\/i0.wp.com\/frederiquelebrun.com\/wp-content\/uploads\/2021\/10\/27-2020-11-10-WP-FLB-camp-saint-denis-_MG_1871.jpg?fit=1920%2C1280&amp;ssl=1\" class=\"wp-image-496 vp-lazyload\" alt=\"Campement migrants Saint-Denis \u00e9vacutation\" srcset=\"data:image\/svg+xml;base64,PHN2ZyB3aWR0aD0iMTkyMCIgaGVpZ2h0PSIxMjgwIiB2aWV3Qm94PSIwIDAgMTkyMCAxMjgwIiBmaWxsPSJub25lIiB4bWxucz0iaHR0cDovL3d3dy53My5vcmcvMjAwMC9zdmciPjwvc3ZnPg==\" data-src=\"https:\/\/i0.wp.com\/frederiquelebrun.com\/wp-content\/uploads\/2021\/10\/27-2020-11-10-WP-FLB-camp-saint-denis-_MG_1871.jpg?fit=1920%2C1280&amp;ssl=1\" data-srcset=\"https:\/\/i0.wp.com\/frederiquelebrun.com\/wp-content\/uploads\/2021\/10\/27-2020-11-10-WP-FLB-camp-saint-denis-_MG_1871.jpg?w=2048&amp;ssl=1 2048w, https:\/\/i0.wp.com\/frederiquelebrun.com\/wp-content\/uploads\/2021\/10\/27-2020-11-10-WP-FLB-camp-saint-denis-_MG_1871.jpg?resize=300%2C200&amp;ssl=1 300w, https:\/\/i0.wp.com\/frederiquelebrun.com\/wp-content\/uploads\/2021\/10\/27-2020-11-10-WP-FLB-camp-saint-denis-_MG_1871.jpg?resize=600%2C400&amp;ssl=1 600w, https:\/\/i0.wp.com\/frederiquelebrun.com\/wp-content\/uploads\/2021\/10\/27-2020-11-10-WP-FLB-camp-saint-denis-_MG_1871.jpg?resize=1024%2C683&amp;ssl=1 1024w, https:\/\/i0.wp.com\/frederiquelebrun.com\/wp-content\/uploads\/2021\/10\/27-2020-11-10-WP-FLB-camp-saint-denis-_MG_1871.jpg?resize=768%2C512&amp;ssl=1 768w, https:\/\/i0.wp.com\/frederiquelebrun.com\/wp-content\/uploads\/2021\/10\/27-2020-11-10-WP-FLB-camp-saint-denis-_MG_1871.jpg?resize=1536%2C1024&amp;ssl=1 1536w\" data-sizes=\"auto\" loading=\"eager\">\n\t\t<div class=\"vp-portfolio__item-overlay\">\n\t\t\t\t\t<\/div>\n\n\t\t<\/a>\t<\/div>\n<\/div>\n\n\t\t\t<\/figure>\n\t\t\t\t\t<\/div>\n\t\t\n\t\t<div\t\tclass=\"vp-portfolio__item-wrap vp-portfolio__item-uid-351c1b75\" data-vp-filter=\"\" \t\t>\n\t\t\t<template class=\"vp-portfolio__item-popup\" data-vp-popup-img=\"https:\/\/i0.wp.com\/frederiquelebrun.com\/wp-content\/uploads\/2021\/10\/28-2020-11-17-WP-FLB-camp-saint-denis-_MG_2073.jpg?fit=1920%2C1280&#038;ssl=1\" data-vp-popup-img-srcset=\"https:\/\/i0.wp.com\/frederiquelebrun.com\/wp-content\/uploads\/2021\/10\/28-2020-11-17-WP-FLB-camp-saint-denis-_MG_2073.jpg?w=2048&amp;ssl=1 2048w, https:\/\/i0.wp.com\/frederiquelebrun.com\/wp-content\/uploads\/2021\/10\/28-2020-11-17-WP-FLB-camp-saint-denis-_MG_2073.jpg?resize=300%2C200&amp;ssl=1 300w, https:\/\/i0.wp.com\/frederiquelebrun.com\/wp-content\/uploads\/2021\/10\/28-2020-11-17-WP-FLB-camp-saint-denis-_MG_2073.jpg?resize=600%2C400&amp;ssl=1 600w, https:\/\/i0.wp.com\/frederiquelebrun.com\/wp-content\/uploads\/2021\/10\/28-2020-11-17-WP-FLB-camp-saint-denis-_MG_2073.jpg?resize=1024%2C683&amp;ssl=1 1024w, https:\/\/i0.wp.com\/frederiquelebrun.com\/wp-content\/uploads\/2021\/10\/28-2020-11-17-WP-FLB-camp-saint-denis-_MG_2073.jpg?resize=768%2C512&amp;ssl=1 768w, https:\/\/i0.wp.com\/frederiquelebrun.com\/wp-content\/uploads\/2021\/10\/28-2020-11-17-WP-FLB-camp-saint-denis-_MG_2073.jpg?resize=1536%2C1024&amp;ssl=1 1536w\" data-vp-popup-img-size=\"1920x1280\" data-vp-popup-md-img=\"https:\/\/i0.wp.com\/frederiquelebrun.com\/wp-content\/uploads\/2021\/10\/28-2020-11-17-WP-FLB-camp-saint-denis-_MG_2073.jpg?fit=800%2C533&#038;ssl=1\" data-vp-popup-md-img-size=\"800x533\" data-vp-popup-sm-img=\"https:\/\/i0.wp.com\/frederiquelebrun.com\/wp-content\/uploads\/2021\/10\/28-2020-11-17-WP-FLB-camp-saint-denis-_MG_2073.jpg?fit=500%2C333&#038;ssl=1\" data-vp-popup-sm-img-size=\"500x333\">\n\t\t\t<div class=\"vp-portfolio__item-popup-description\">The migrant camp at Porte de Paris in Saint-Denis (France) was evacuated on November 17th 2020 by the CRS (Republican Security Companies). After hours of waiting, more than 2,000 people were put on buses to temporary accommodation centers, although it appears that some buses stopped in the way and disembarked their passengers. More than 500 exiles were denied seats on the buses, and were evicted from the esplanade where the camp was located. The CRS pushed them into the street, as well as the associative activists who accompanied them, using their shields and then tear gas without any gesture on the part of any exile having been able to justify such an attitude. A man fell unconscious in Flora-Tristan Street in Saint-Denis after being chased and receiving tear gas.<\/div>\n\t\t<\/template>\n\t\t\t\t\t\t<figure class=\"vp-portfolio__item\">\n\t\t\t\t\n<div class=\"vp-portfolio__item-img-wrap\">\n\t<div class=\"vp-portfolio__item-img\">\n\t\t\t<a\n\t\thref=\"https:\/\/i0.wp.com\/frederiquelebrun.com\/wp-content\/uploads\/2021\/10\/28-2020-11-17-WP-FLB-camp-saint-denis-_MG_2073.jpg?fit=1920%2C1280&#038;ssl=1\"\n\t\taria-label=\"Campement migrants Saint-Denis \u00e9vacutation\" \t>\n\t\n\t\t<noscript><img loading=\"lazy\" decoding=\"async\" width=\"1920\" height=\"1280\" data-skip-lazy src=\"https:\/\/i0.wp.com\/frederiquelebrun.com\/wp-content\/uploads\/2021\/10\/28-2020-11-17-WP-FLB-camp-saint-denis-_MG_2073.jpg?fit=1920%2C1280&amp;ssl=1\" class=\"wp-image-497\" alt=\"Campement migrants Saint-Denis \u00e9vacutation\" srcset=\"https:\/\/i0.wp.com\/frederiquelebrun.com\/wp-content\/uploads\/2021\/10\/28-2020-11-17-WP-FLB-camp-saint-denis-_MG_2073.jpg?w=2048&amp;ssl=1 2048w, https:\/\/i0.wp.com\/frederiquelebrun.com\/wp-content\/uploads\/2021\/10\/28-2020-11-17-WP-FLB-camp-saint-denis-_MG_2073.jpg?resize=300%2C200&amp;ssl=1 300w, https:\/\/i0.wp.com\/frederiquelebrun.com\/wp-content\/uploads\/2021\/10\/28-2020-11-17-WP-FLB-camp-saint-denis-_MG_2073.jpg?resize=600%2C400&amp;ssl=1 600w, https:\/\/i0.wp.com\/frederiquelebrun.com\/wp-content\/uploads\/2021\/10\/28-2020-11-17-WP-FLB-camp-saint-denis-_MG_2073.jpg?resize=1024%2C683&amp;ssl=1 1024w, https:\/\/i0.wp.com\/frederiquelebrun.com\/wp-content\/uploads\/2021\/10\/28-2020-11-17-WP-FLB-camp-saint-denis-_MG_2073.jpg?resize=768%2C512&amp;ssl=1 768w, https:\/\/i0.wp.com\/frederiquelebrun.com\/wp-content\/uploads\/2021\/10\/28-2020-11-17-WP-FLB-camp-saint-denis-_MG_2073.jpg?resize=1536%2C1024&amp;ssl=1 1536w\" sizes=\"(max-width: 1000px) 100vw, 1000px\" \/><\/noscript><img decoding=\"async\" width=\"1920\" height=\"1280\" src=\"https:\/\/i0.wp.com\/frederiquelebrun.com\/wp-content\/uploads\/2021\/10\/28-2020-11-17-WP-FLB-camp-saint-denis-_MG_2073.jpg?fit=1920%2C1280&amp;ssl=1\" class=\"wp-image-497 vp-lazyload\" alt=\"Campement migrants Saint-Denis \u00e9vacutation\" srcset=\"data:image\/svg+xml;base64,PHN2ZyB3aWR0aD0iMTkyMCIgaGVpZ2h0PSIxMjgwIiB2aWV3Qm94PSIwIDAgMTkyMCAxMjgwIiBmaWxsPSJub25lIiB4bWxucz0iaHR0cDovL3d3dy53My5vcmcvMjAwMC9zdmciPjwvc3ZnPg==\" data-src=\"https:\/\/i0.wp.com\/frederiquelebrun.com\/wp-content\/uploads\/2021\/10\/28-2020-11-17-WP-FLB-camp-saint-denis-_MG_2073.jpg?fit=1920%2C1280&amp;ssl=1\" data-srcset=\"https:\/\/i0.wp.com\/frederiquelebrun.com\/wp-content\/uploads\/2021\/10\/28-2020-11-17-WP-FLB-camp-saint-denis-_MG_2073.jpg?w=2048&amp;ssl=1 2048w, https:\/\/i0.wp.com\/frederiquelebrun.com\/wp-content\/uploads\/2021\/10\/28-2020-11-17-WP-FLB-camp-saint-denis-_MG_2073.jpg?resize=300%2C200&amp;ssl=1 300w, https:\/\/i0.wp.com\/frederiquelebrun.com\/wp-content\/uploads\/2021\/10\/28-2020-11-17-WP-FLB-camp-saint-denis-_MG_2073.jpg?resize=600%2C400&amp;ssl=1 600w, https:\/\/i0.wp.com\/frederiquelebrun.com\/wp-content\/uploads\/2021\/10\/28-2020-11-17-WP-FLB-camp-saint-denis-_MG_2073.jpg?resize=1024%2C683&amp;ssl=1 1024w, https:\/\/i0.wp.com\/frederiquelebrun.com\/wp-content\/uploads\/2021\/10\/28-2020-11-17-WP-FLB-camp-saint-denis-_MG_2073.jpg?resize=768%2C512&amp;ssl=1 768w, https:\/\/i0.wp.com\/frederiquelebrun.com\/wp-content\/uploads\/2021\/10\/28-2020-11-17-WP-FLB-camp-saint-denis-_MG_2073.jpg?resize=1536%2C1024&amp;ssl=1 1536w\" data-sizes=\"auto\" loading=\"eager\">\n\t\t<div class=\"vp-portfolio__item-overlay\">\n\t\t\t\t\t<\/div>\n\n\t\t<\/a>\t<\/div>\n<\/div>\n\n\t\t\t<\/figure>\n\t\t\t\t\t<\/div>\n\t\t\n<\/div>\n\t\t<\/div>\n\t\t\n<\/div>\n<\/div>","protected":false},"excerpt":{"rendered":"<p>2020-08 et 2020-09. Saint-Denis, Porte de Paris (Seine-Saint-Denis). Depuis quelques semaines, des dizaines de r\u00e9fugi\u00e9s de diverses nationalit\u00e9s (en majorit\u00e9 des Afghans, mais aussi des Somaliens, Bangladais, Kurdes d&#8217;Iran\u2026) se sont install\u00e9s \u00e0 la Porte de Paris (Saint-Denis), sous une bretelle de l\u2019autoroute A1, \u00e0 100 m du stade de France. Sans toilettes, avec un seul point d\u2019eau potable, d\u00e9pendant des maraudes associatives pour leur repas, les jeunes hommes (la plupart ont moins de 30 ans) vivent dans des conditions difficiles, certains n&#8217;ayant m\u00eame pas de tente pour s&#8217;abriter la nuit. Victime d&#8217;agressions, de vol, et d\u2019incursions r\u00e9p\u00e9titives de la police qui parfois les asperge de gaz lacrymog\u00e8ne, ils expriment leur d\u00e9sarroi, leur \u00e9tonnement face aux conditions d&#8217;accueil des demandeurs d&#8217;asile par l\u2019\u00c9tat fran\u00e7ais. Pendant la journ\u00e9e, les r\u00e9fugi\u00e9s passent beaucoup de temps sur leur t\u00e9l\u00e9phone, surtout pour essayer\u00a0 de joindre l&#8217;OFII (Office fran\u00e7ais de l&#8217;immigration et de l&#8217;int\u00e9gration) pour d\u00e9crocher un rendez-vous afin de d\u00e9clarer officiellement leur arriv\u00e9e en France. Alors qu&#8217;ils \u00e9taient environ 33 \u00e0 la mi-ao\u00fbt, l&#8217;association Solidarit\u00e9 Migrants Wilson, qui effectue des maraudes pour apporter des repas sur le campement estimait leur nombre \u00e0 800 le 9 septembre. Photo : Fr\u00e9d\u00e9rique Le Brun<\/p>","protected":false},"author":3,"featured_media":482,"comment_status":"closed","ping_status":"closed","sticky":false,"template":"elementor_theme","format":"standard","meta":{"_uag_custom_page_level_css":"","site-sidebar-layout":"default","site-content-layout":"default","ast-site-content-layout":"default","site-content-style":"default","site-sidebar-style":"default","ast-global-header-display":"","ast-banner-title-visibility":"","ast-main-header-display":"","ast-hfb-above-header-display":"","ast-hfb-below-header-display":"","ast-hfb-mobile-header-display":"","site-post-title":"","ast-breadcrumbs-content":null,"ast-featured-img":"","footer-sml-layout":"","ast-disable-related-posts":"","theme-transparent-header-meta":"default","adv-header-id-meta":"","stick-header-meta":"default","header-above-stick-meta":"","header-main-stick-meta":"","header-below-stick-meta":"","astra-migrate-meta-layouts":"default","ast-page-background-enabled":"default","ast-page-background-meta":{"desktop":{"background-color":"var(--ast-global-color-4)","background-image":"","background-repeat":"repeat","background-position":"center center","background-size":"auto","background-attachment":"scroll","background-type":"","background-media":"","overlay-type":"","overlay-color":"","overlay-opacity":"","overlay-gradient":""},"tablet":{"background-color":"","background-image":"","background-repeat":"repeat","background-position":"center center","background-size":"auto","background-attachment":"scroll","background-type":"","background-media":"","overlay-type":"","overlay-color":"","overlay-opacity":"","overlay-gradient":""},"mobile":{"background-color":"","background-image":"","background-repeat":"repeat","background-position":"center center","background-size":"auto","background-attachment":"scroll","background-type":"","background-media":"","overlay-type":"","overlay-color":"","overlay-opacity":"","overlay-gradient":""}},"ast-content-background-meta":{"desktop":{"background-color":"var(--ast-global-color-5)","background-image":"","background-repeat":"repeat","background-position":"center center","background-size":"auto","background-attachment":"scroll","background-type":"","background-media":"","overlay-type":"","overlay-color":"","overlay-opacity":"","overlay-gradient":""},"tablet":{"background-color":"var(--ast-global-color-5)","background-image":"","background-repeat":"repeat","background-position":"center center","background-size":"auto","background-attachment":"scroll","background-type":"","background-media":"","overlay-type":"","overlay-color":"","overlay-opacity":"","overlay-gradient":""},"mobile":{"background-color":"var(--ast-global-color-5)","background-image":"","background-repeat":"repeat","background-position":"center center","background-size":"auto","background-attachment":"scroll","background-type":"","background-media":"","overlay-type":"","overlay-color":"","overlay-opacity":"","overlay-gradient":""}},"_vp_format_video_url":"","_vp_image_focal_point":[],"_jetpack_memberships_contains_paid_content":false,"footnotes":""},"categories":[24],"tags":[176,211,124,32,273,27,181,184,183,30,37,303,188,190,173,28,277,280,279],"class_list":["post-731","post","type-post","status-publish","format-standard","has-post-thumbnail","hentry","category-reportages","tag-afghanistan","tag-afghans","tag-camp","tag-campement","tag-droits-de-lhomme-2","tag-exiles","tag-humanitaire","tag-jeunes","tag-jour","tag-migrants","tag-paris","tag-precarite","tag-refugie","tag-refugies","tag-repression","tag-saint-denis","tag-seine-saint-denis","tag-stade-de-france","tag-tentes"],"yoast_head":"<!-- This site is optimized with the Yoast SEO plugin v27.4 - https:\/\/yoast.com\/product\/yoast-seo-wordpress\/ -->\n<title>Exil\u00e9s du campement de Saint-Denis - Fr\u00e9d\u00e9rique Le Brun<\/title>\n<meta name=\"description\" content=\"Depuis quelques semaines, des dizaines de migrants se sont install\u00e9s dans un campement \u00e0 Saint-Denis, sous une bretelle de l&#039;A1.\" \/>\n<meta name=\"robots\" content=\"index, follow, max-snippet:-1, max-image-preview:large, max-video-preview:-1\" \/>\n<link rel=\"canonical\" href=\"https:\/\/frederiquelebrun.com\/en\/exiles-campement-de-saint-denis\/\" \/>\n<meta property=\"og:locale\" content=\"en_US\" \/>\n<meta property=\"og:type\" content=\"article\" \/>\n<meta property=\"og:title\" content=\"Exil\u00e9s du campement de Saint-Denis - Fr\u00e9d\u00e9rique Le Brun\" \/>\n<meta property=\"og:description\" content=\"Depuis quelques semaines, des dizaines de migrants se sont install\u00e9s dans un campement \u00e0 Saint-Denis, sous une bretelle de l&#039;A1.\" \/>\n<meta property=\"og:url\" content=\"https:\/\/frederiquelebrun.com\/en\/exiles-campement-de-saint-denis\/\" \/>\n<meta property=\"og:site_name\" content=\"Fr\u00e9d\u00e9rique Le Brun\" \/>\n<meta property=\"article:published_time\" content=\"2020-11-24T10:09:34+00:00\" \/>\n<meta property=\"article:modified_time\" content=\"2021-12-23T10:42:11+00:00\" \/>\n<meta property=\"og:image\" content=\"https:\/\/frederiquelebrun.com\/wp-content\/uploads\/2021\/10\/13-2020-10-10-WP-FLB-camp-saint-denis-_MG_9160.jpg\" \/>\n\t<meta property=\"og:image:width\" content=\"2048\" \/>\n\t<meta property=\"og:image:height\" content=\"1365\" \/>\n\t<meta property=\"og:image:type\" content=\"image\/jpeg\" \/>\n<meta name=\"author\" content=\"Fr\u00e9d\u00e9rique Le Brun\" \/>\n<meta name=\"twitter:label1\" content=\"Written by\" \/>\n\t<meta name=\"twitter:data1\" content=\"Fr\u00e9d\u00e9rique Le Brun\" \/>\n\t<meta name=\"twitter:label2\" content=\"Est. reading time\" \/>\n\t<meta name=\"twitter:data2\" content=\"1 minute\" \/>\n<script type=\"application\/ld+json\" class=\"yoast-schema-graph\">{\"@context\":\"https:\\\/\\\/schema.org\",\"@graph\":[{\"@type\":\"Article\",\"@id\":\"https:\\\/\\\/frederiquelebrun.com\\\/exiles-campement-de-saint-denis\\\/#article\",\"isPartOf\":{\"@id\":\"https:\\\/\\\/frederiquelebrun.com\\\/exiles-campement-de-saint-denis\\\/\"},\"author\":{\"name\":\"Fr\u00e9d\u00e9rique Le Brun\",\"@id\":\"https:\\\/\\\/frederiquelebrun.com\\\/#\\\/schema\\\/person\\\/c1aa93888d5ef1b626ec0ff9332f8cb9\"},\"headline\":\"Exil\u00e9s du campement de Saint-Denis\",\"datePublished\":\"2020-11-24T10:09:34+00:00\",\"dateModified\":\"2021-12-23T10:42:11+00:00\",\"mainEntityOfPage\":{\"@id\":\"https:\\\/\\\/frederiquelebrun.com\\\/exiles-campement-de-saint-denis\\\/\"},\"wordCount\":207,\"publisher\":{\"@id\":\"https:\\\/\\\/frederiquelebrun.com\\\/#\\\/schema\\\/person\\\/8fd7f23683bc30ddd1a0def83e0aa245\"},\"image\":{\"@id\":\"https:\\\/\\\/frederiquelebrun.com\\\/exiles-campement-de-saint-denis\\\/#primaryimage\"},\"thumbnailUrl\":\"https:\\\/\\\/i0.wp.com\\\/frederiquelebrun.com\\\/wp-content\\\/uploads\\\/2021\\\/10\\\/13-2020-10-10-WP-FLB-camp-saint-denis-_MG_9160.jpg?fit=2048%2C1365&ssl=1\",\"keywords\":[\"Afghanistan\",\"Afghans\",\"camp\",\"campement\",\"droits de l&#039;homme\",\"exil\u00e9s\",\"humanitaire\",\"jeunes\",\"jour\",\"migrants\",\"paris\",\"pr\u00e9carit\u00e9\",\"r\u00e9fugi\u00e9\",\"r\u00e9fugi\u00e9s\",\"r\u00e9pression\",\"saint-denis\",\"Seine-Saint-Denis\",\"Stade de France\",\"tentes\"],\"articleSection\":[\"Reportages\"],\"inLanguage\":\"en-US\"},{\"@type\":\"WebPage\",\"@id\":\"https:\\\/\\\/frederiquelebrun.com\\\/exiles-campement-de-saint-denis\\\/\",\"url\":\"https:\\\/\\\/frederiquelebrun.com\\\/exiles-campement-de-saint-denis\\\/\",\"name\":\"Exil\u00e9s du campement de Saint-Denis - Fr\u00e9d\u00e9rique Le Brun\",\"isPartOf\":{\"@id\":\"https:\\\/\\\/frederiquelebrun.com\\\/#website\"},\"primaryImageOfPage\":{\"@id\":\"https:\\\/\\\/frederiquelebrun.com\\\/exiles-campement-de-saint-denis\\\/#primaryimage\"},\"image\":{\"@id\":\"https:\\\/\\\/frederiquelebrun.com\\\/exiles-campement-de-saint-denis\\\/#primaryimage\"},\"thumbnailUrl\":\"https:\\\/\\\/i0.wp.com\\\/frederiquelebrun.com\\\/wp-content\\\/uploads\\\/2021\\\/10\\\/13-2020-10-10-WP-FLB-camp-saint-denis-_MG_9160.jpg?fit=2048%2C1365&ssl=1\",\"datePublished\":\"2020-11-24T10:09:34+00:00\",\"dateModified\":\"2021-12-23T10:42:11+00:00\",\"description\":\"Depuis quelques semaines, des dizaines de migrants se sont install\u00e9s dans un campement \u00e0 Saint-Denis, sous une bretelle de l'A1.\",\"inLanguage\":\"en-US\",\"potentialAction\":[{\"@type\":\"ReadAction\",\"target\":[\"https:\\\/\\\/frederiquelebrun.com\\\/exiles-campement-de-saint-denis\\\/\"]}]},{\"@type\":\"ImageObject\",\"inLanguage\":\"en-US\",\"@id\":\"https:\\\/\\\/frederiquelebrun.com\\\/exiles-campement-de-saint-denis\\\/#primaryimage\",\"url\":\"https:\\\/\\\/i0.wp.com\\\/frederiquelebrun.com\\\/wp-content\\\/uploads\\\/2021\\\/10\\\/13-2020-10-10-WP-FLB-camp-saint-denis-_MG_9160.jpg?fit=2048%2C1365&ssl=1\",\"contentUrl\":\"https:\\\/\\\/i0.wp.com\\\/frederiquelebrun.com\\\/wp-content\\\/uploads\\\/2021\\\/10\\\/13-2020-10-10-WP-FLB-camp-saint-denis-_MG_9160.jpg?fit=2048%2C1365&ssl=1\",\"width\":2048,\"height\":1365,\"caption\":\"2020-10-10-Saint-Denis (Seine-Saint-Denis). Campement d'exil\u00e9s \u00e0 Porte de Paris. Le campement compte chaque jour de nouveaux arrivants, surtout des Afghans qui sont soit des \\\"primoarrivants\\\" (ayant tout juste accompli le long p\u00e9riple depuis l'Afghanistan, avec ses longues stations iraniennes et\\\/ou turques, grecques, bosniaques\u2026), soit des personnes ayant tent\u00e9 leur chance en Allemagne, en Belgique ou en Su\u00e8de et ayant \u00e9t\u00e9 d\u00e9bout\u00e9es l\u00e0-bas de leur demande d'asile. Depuis quelques jours, la mairie de Saint-Denis a fait installer des robinets d'eau suppl\u00e9mentaires. Jusqu'alors, les habitants du camp devaient se contenter d'un seul point d'eau pour plus de 1500 personnes. Ce jour, des associations de soutien aux migrants et aux sans-papiers sont venues distribuer des tracts appelant \u00e0 la marche du 17 octobre pour les droits des sans-papiers. Quelques exil\u00e9s participent \u00e0 la confection d'une banderole en vue de leur participation \u00e0 cette marche. Puis la nuit et le froid tombent, et ici et l\u00e0 des feux s'allument. Photo : Fr\u00e9d\u00e9rique Le Brun\"},{\"@type\":\"WebSite\",\"@id\":\"https:\\\/\\\/frederiquelebrun.com\\\/#website\",\"url\":\"https:\\\/\\\/frederiquelebrun.com\\\/\",\"name\":\"Fr\u00e9d\u00e9rique Le Brun\",\"description\":\"Photojournaliste\",\"publisher\":{\"@id\":\"https:\\\/\\\/frederiquelebrun.com\\\/#\\\/schema\\\/person\\\/8fd7f23683bc30ddd1a0def83e0aa245\"},\"potentialAction\":[{\"@type\":\"SearchAction\",\"target\":{\"@type\":\"EntryPoint\",\"urlTemplate\":\"https:\\\/\\\/frederiquelebrun.com\\\/?s={search_term_string}\"},\"query-input\":{\"@type\":\"PropertyValueSpecification\",\"valueRequired\":true,\"valueName\":\"search_term_string\"}}],\"inLanguage\":\"en-US\"},{\"@type\":[\"Person\",\"Organization\"],\"@id\":\"https:\\\/\\\/frederiquelebrun.com\\\/#\\\/schema\\\/person\\\/8fd7f23683bc30ddd1a0def83e0aa245\",\"name\":\"Fr\u00e9d\u00e9rique Le Brun\",\"image\":{\"@type\":\"ImageObject\",\"inLanguage\":\"en-US\",\"@id\":\"https:\\\/\\\/i0.wp.com\\\/frederiquelebrun.com\\\/wp-content\\\/uploads\\\/2021\\\/11\\\/FLB-parc-teheran-3b.jpg?fit=960%2C720&ssl=1\",\"url\":\"https:\\\/\\\/i0.wp.com\\\/frederiquelebrun.com\\\/wp-content\\\/uploads\\\/2021\\\/11\\\/FLB-parc-teheran-3b.jpg?fit=960%2C720&ssl=1\",\"contentUrl\":\"https:\\\/\\\/i0.wp.com\\\/frederiquelebrun.com\\\/wp-content\\\/uploads\\\/2021\\\/11\\\/FLB-parc-teheran-3b.jpg?fit=960%2C720&ssl=1\",\"width\":960,\"height\":720,\"caption\":\"Fr\u00e9d\u00e9rique Le Brun\"},\"logo\":{\"@id\":\"https:\\\/\\\/i0.wp.com\\\/frederiquelebrun.com\\\/wp-content\\\/uploads\\\/2021\\\/11\\\/FLB-parc-teheran-3b.jpg?fit=960%2C720&ssl=1\"}},{\"@type\":\"Person\",\"@id\":\"https:\\\/\\\/frederiquelebrun.com\\\/#\\\/schema\\\/person\\\/c1aa93888d5ef1b626ec0ff9332f8cb9\",\"name\":\"Fr\u00e9d\u00e9rique Le Brun\",\"image\":{\"@type\":\"ImageObject\",\"inLanguage\":\"en-US\",\"@id\":\"https:\\\/\\\/secure.gravatar.com\\\/avatar\\\/17c86eb636863fb107011b32c8b907d1f3bac971b90df6c5ff54a1d059182a2a?s=96&d=mm&r=g\",\"url\":\"https:\\\/\\\/secure.gravatar.com\\\/avatar\\\/17c86eb636863fb107011b32c8b907d1f3bac971b90df6c5ff54a1d059182a2a?s=96&d=mm&r=g\",\"contentUrl\":\"https:\\\/\\\/secure.gravatar.com\\\/avatar\\\/17c86eb636863fb107011b32c8b907d1f3bac971b90df6c5ff54a1d059182a2a?s=96&d=mm&r=g\",\"caption\":\"Fr\u00e9d\u00e9rique Le Brun\"}}]}<\/script>\n<!-- \/ Yoast SEO plugin. -->","yoast_head_json":{"title":"Exil\u00e9s du campement de Saint-Denis - Fr\u00e9d\u00e9rique Le Brun","description":"Depuis quelques semaines, des dizaines de migrants se sont install\u00e9s dans un campement \u00e0 Saint-Denis, sous une bretelle de l'A1.","robots":{"index":"index","follow":"follow","max-snippet":"max-snippet:-1","max-image-preview":"max-image-preview:large","max-video-preview":"max-video-preview:-1"},"canonical":"https:\/\/frederiquelebrun.com\/en\/exiles-campement-de-saint-denis\/","og_locale":"en_US","og_type":"article","og_title":"Exil\u00e9s du campement de Saint-Denis - Fr\u00e9d\u00e9rique Le Brun","og_description":"Depuis quelques semaines, des dizaines de migrants se sont install\u00e9s dans un campement \u00e0 Saint-Denis, sous une bretelle de l'A1.","og_url":"https:\/\/frederiquelebrun.com\/en\/exiles-campement-de-saint-denis\/","og_site_name":"Fr\u00e9d\u00e9rique Le Brun","article_published_time":"2020-11-24T10:09:34+00:00","article_modified_time":"2021-12-23T10:42:11+00:00","og_image":[{"width":2048,"height":1365,"url":"https:\/\/frederiquelebrun.com\/wp-content\/uploads\/2021\/10\/13-2020-10-10-WP-FLB-camp-saint-denis-_MG_9160.jpg","type":"image\/jpeg"}],"author":"Fr\u00e9d\u00e9rique Le Brun","twitter_misc":{"Written by":"Fr\u00e9d\u00e9rique Le Brun","Est. reading time":"1 minute"},"schema":{"@context":"https:\/\/schema.org","@graph":[{"@type":"Article","@id":"https:\/\/frederiquelebrun.com\/exiles-campement-de-saint-denis\/#article","isPartOf":{"@id":"https:\/\/frederiquelebrun.com\/exiles-campement-de-saint-denis\/"},"author":{"name":"Fr\u00e9d\u00e9rique Le Brun","@id":"https:\/\/frederiquelebrun.com\/#\/schema\/person\/c1aa93888d5ef1b626ec0ff9332f8cb9"},"headline":"Exil\u00e9s du campement de Saint-Denis","datePublished":"2020-11-24T10:09:34+00:00","dateModified":"2021-12-23T10:42:11+00:00","mainEntityOfPage":{"@id":"https:\/\/frederiquelebrun.com\/exiles-campement-de-saint-denis\/"},"wordCount":207,"publisher":{"@id":"https:\/\/frederiquelebrun.com\/#\/schema\/person\/8fd7f23683bc30ddd1a0def83e0aa245"},"image":{"@id":"https:\/\/frederiquelebrun.com\/exiles-campement-de-saint-denis\/#primaryimage"},"thumbnailUrl":"https:\/\/i0.wp.com\/frederiquelebrun.com\/wp-content\/uploads\/2021\/10\/13-2020-10-10-WP-FLB-camp-saint-denis-_MG_9160.jpg?fit=2048%2C1365&ssl=1","keywords":["Afghanistan","Afghans","camp","campement","droits de l&#039;homme","exil\u00e9s","humanitaire","jeunes","jour","migrants","paris","pr\u00e9carit\u00e9","r\u00e9fugi\u00e9","r\u00e9fugi\u00e9s","r\u00e9pression","saint-denis","Seine-Saint-Denis","Stade de France","tentes"],"articleSection":["Reportages"],"inLanguage":"en-US"},{"@type":"WebPage","@id":"https:\/\/frederiquelebrun.com\/exiles-campement-de-saint-denis\/","url":"https:\/\/frederiquelebrun.com\/exiles-campement-de-saint-denis\/","name":"Exil\u00e9s du campement de Saint-Denis - Fr\u00e9d\u00e9rique Le Brun","isPartOf":{"@id":"https:\/\/frederiquelebrun.com\/#website"},"primaryImageOfPage":{"@id":"https:\/\/frederiquelebrun.com\/exiles-campement-de-saint-denis\/#primaryimage"},"image":{"@id":"https:\/\/frederiquelebrun.com\/exiles-campement-de-saint-denis\/#primaryimage"},"thumbnailUrl":"https:\/\/i0.wp.com\/frederiquelebrun.com\/wp-content\/uploads\/2021\/10\/13-2020-10-10-WP-FLB-camp-saint-denis-_MG_9160.jpg?fit=2048%2C1365&ssl=1","datePublished":"2020-11-24T10:09:34+00:00","dateModified":"2021-12-23T10:42:11+00:00","description":"Depuis quelques semaines, des dizaines de migrants se sont install\u00e9s dans un campement \u00e0 Saint-Denis, sous une bretelle de l'A1.","inLanguage":"en-US","potentialAction":[{"@type":"ReadAction","target":["https:\/\/frederiquelebrun.com\/exiles-campement-de-saint-denis\/"]}]},{"@type":"ImageObject","inLanguage":"en-US","@id":"https:\/\/frederiquelebrun.com\/exiles-campement-de-saint-denis\/#primaryimage","url":"https:\/\/i0.wp.com\/frederiquelebrun.com\/wp-content\/uploads\/2021\/10\/13-2020-10-10-WP-FLB-camp-saint-denis-_MG_9160.jpg?fit=2048%2C1365&ssl=1","contentUrl":"https:\/\/i0.wp.com\/frederiquelebrun.com\/wp-content\/uploads\/2021\/10\/13-2020-10-10-WP-FLB-camp-saint-denis-_MG_9160.jpg?fit=2048%2C1365&ssl=1","width":2048,"height":1365,"caption":"2020-10-10-Saint-Denis (Seine-Saint-Denis). Campement d'exil\u00e9s \u00e0 Porte de Paris. Le campement compte chaque jour de nouveaux arrivants, surtout des Afghans qui sont soit des \"primoarrivants\" (ayant tout juste accompli le long p\u00e9riple depuis l'Afghanistan, avec ses longues stations iraniennes et\/ou turques, grecques, bosniaques\u2026), soit des personnes ayant tent\u00e9 leur chance en Allemagne, en Belgique ou en Su\u00e8de et ayant \u00e9t\u00e9 d\u00e9bout\u00e9es l\u00e0-bas de leur demande d'asile. Depuis quelques jours, la mairie de Saint-Denis a fait installer des robinets d'eau suppl\u00e9mentaires. Jusqu'alors, les habitants du camp devaient se contenter d'un seul point d'eau pour plus de 1500 personnes. Ce jour, des associations de soutien aux migrants et aux sans-papiers sont venues distribuer des tracts appelant \u00e0 la marche du 17 octobre pour les droits des sans-papiers. Quelques exil\u00e9s participent \u00e0 la confection d'une banderole en vue de leur participation \u00e0 cette marche. Puis la nuit et le froid tombent, et ici et l\u00e0 des feux s'allument. Photo : Fr\u00e9d\u00e9rique Le Brun"},{"@type":"WebSite","@id":"https:\/\/frederiquelebrun.com\/#website","url":"https:\/\/frederiquelebrun.com\/","name":"Fr\u00e9d\u00e9rique Le Brun","description":"Photojournalist","publisher":{"@id":"https:\/\/frederiquelebrun.com\/#\/schema\/person\/8fd7f23683bc30ddd1a0def83e0aa245"},"potentialAction":[{"@type":"SearchAction","target":{"@type":"EntryPoint","urlTemplate":"https:\/\/frederiquelebrun.com\/?s={search_term_string}"},"query-input":{"@type":"PropertyValueSpecification","valueRequired":true,"valueName":"search_term_string"}}],"inLanguage":"en-US"},{"@type":["Person","Organization"],"@id":"https:\/\/frederiquelebrun.com\/#\/schema\/person\/8fd7f23683bc30ddd1a0def83e0aa245","name":"Fr\u00e9d\u00e9rique Le Brun","image":{"@type":"ImageObject","inLanguage":"en-US","@id":"https:\/\/i0.wp.com\/frederiquelebrun.com\/wp-content\/uploads\/2021\/11\/FLB-parc-teheran-3b.jpg?fit=960%2C720&ssl=1","url":"https:\/\/i0.wp.com\/frederiquelebrun.com\/wp-content\/uploads\/2021\/11\/FLB-parc-teheran-3b.jpg?fit=960%2C720&ssl=1","contentUrl":"https:\/\/i0.wp.com\/frederiquelebrun.com\/wp-content\/uploads\/2021\/11\/FLB-parc-teheran-3b.jpg?fit=960%2C720&ssl=1","width":960,"height":720,"caption":"Fr\u00e9d\u00e9rique Le Brun"},"logo":{"@id":"https:\/\/i0.wp.com\/frederiquelebrun.com\/wp-content\/uploads\/2021\/11\/FLB-parc-teheran-3b.jpg?fit=960%2C720&ssl=1"}},{"@type":"Person","@id":"https:\/\/frederiquelebrun.com\/#\/schema\/person\/c1aa93888d5ef1b626ec0ff9332f8cb9","name":"Fr\u00e9d\u00e9rique Le Brun","image":{"@type":"ImageObject","inLanguage":"en-US","@id":"https:\/\/secure.gravatar.com\/avatar\/17c86eb636863fb107011b32c8b907d1f3bac971b90df6c5ff54a1d059182a2a?s=96&d=mm&r=g","url":"https:\/\/secure.gravatar.com\/avatar\/17c86eb636863fb107011b32c8b907d1f3bac971b90df6c5ff54a1d059182a2a?s=96&d=mm&r=g","contentUrl":"https:\/\/secure.gravatar.com\/avatar\/17c86eb636863fb107011b32c8b907d1f3bac971b90df6c5ff54a1d059182a2a?s=96&d=mm&r=g","caption":"Fr\u00e9d\u00e9rique Le Brun"}}]}},"jetpack_featured_media_url":"https:\/\/i0.wp.com\/frederiquelebrun.com\/wp-content\/uploads\/2021\/10\/13-2020-10-10-WP-FLB-camp-saint-denis-_MG_9160.jpg?fit=2048%2C1365&ssl=1","uagb_featured_image_src":{"full":["https:\/\/i0.wp.com\/frederiquelebrun.com\/wp-content\/uploads\/2021\/10\/13-2020-10-10-WP-FLB-camp-saint-denis-_MG_9160.jpg?fit=2048%2C1365&ssl=1",2048,1365,false],"thumbnail":["https:\/\/i0.wp.com\/frederiquelebrun.com\/wp-content\/uploads\/2021\/10\/13-2020-10-10-WP-FLB-camp-saint-denis-_MG_9160.jpg?resize=150%2C150&ssl=1",150,150,true],"medium":["https:\/\/i0.wp.com\/frederiquelebrun.com\/wp-content\/uploads\/2021\/10\/13-2020-10-10-WP-FLB-camp-saint-denis-_MG_9160.jpg?fit=300%2C200&ssl=1",300,200,true],"medium_large":["https:\/\/i0.wp.com\/frederiquelebrun.com\/wp-content\/uploads\/2021\/10\/13-2020-10-10-WP-FLB-camp-saint-denis-_MG_9160.jpg?fit=768%2C512&ssl=1",768,512,true],"large":["https:\/\/i0.wp.com\/frederiquelebrun.com\/wp-content\/uploads\/2021\/10\/13-2020-10-10-WP-FLB-camp-saint-denis-_MG_9160.jpg?fit=1024%2C683&ssl=1",1024,683,true],"1536x1536":["https:\/\/i0.wp.com\/frederiquelebrun.com\/wp-content\/uploads\/2021\/10\/13-2020-10-10-WP-FLB-camp-saint-denis-_MG_9160.jpg?fit=1536%2C1024&ssl=1",1536,1024,true],"2048x2048":["https:\/\/i0.wp.com\/frederiquelebrun.com\/wp-content\/uploads\/2021\/10\/13-2020-10-10-WP-FLB-camp-saint-denis-_MG_9160.jpg?fit=2048%2C1365&ssl=1",2048,1365,true],"trp-custom-language-flag":["https:\/\/i0.wp.com\/frederiquelebrun.com\/wp-content\/uploads\/2021\/10\/13-2020-10-10-WP-FLB-camp-saint-denis-_MG_9160.jpg?fit=18%2C12&ssl=1",18,12,true],"travelersmap-thumb":["https:\/\/i0.wp.com\/frederiquelebrun.com\/wp-content\/uploads\/2021\/10\/13-2020-10-10-WP-FLB-camp-saint-denis-_MG_9160.jpg?resize=300%2C200&ssl=1",300,200,true],"vp_sm":["https:\/\/i0.wp.com\/frederiquelebrun.com\/wp-content\/uploads\/2021\/10\/13-2020-10-10-WP-FLB-camp-saint-denis-_MG_9160.jpg?fit=500%2C333&ssl=1",500,333,true],"vp_md":["https:\/\/i0.wp.com\/frederiquelebrun.com\/wp-content\/uploads\/2021\/10\/13-2020-10-10-WP-FLB-camp-saint-denis-_MG_9160.jpg?fit=800%2C533&ssl=1",800,533,true],"vp_lg":["https:\/\/i0.wp.com\/frederiquelebrun.com\/wp-content\/uploads\/2021\/10\/13-2020-10-10-WP-FLB-camp-saint-denis-_MG_9160.jpg?fit=1280%2C853&ssl=1",1280,853,true],"vp_xl":["https:\/\/i0.wp.com\/frederiquelebrun.com\/wp-content\/uploads\/2021\/10\/13-2020-10-10-WP-FLB-camp-saint-denis-_MG_9160.jpg?fit=1920%2C1280&ssl=1",1920,1280,true],"vp_sm_popup":["https:\/\/i0.wp.com\/frederiquelebrun.com\/wp-content\/uploads\/2021\/10\/13-2020-10-10-WP-FLB-camp-saint-denis-_MG_9160.jpg?fit=500%2C333&ssl=1",500,333,true],"vp_md_popup":["https:\/\/i0.wp.com\/frederiquelebrun.com\/wp-content\/uploads\/2021\/10\/13-2020-10-10-WP-FLB-camp-saint-denis-_MG_9160.jpg?fit=800%2C533&ssl=1",800,533,true],"vp_xl_popup":["https:\/\/i0.wp.com\/frederiquelebrun.com\/wp-content\/uploads\/2021\/10\/13-2020-10-10-WP-FLB-camp-saint-denis-_MG_9160.jpg?fit=1920%2C1280&ssl=1",1920,1280,true],"woocommerce_thumbnail":["https:\/\/i0.wp.com\/frederiquelebrun.com\/wp-content\/uploads\/2021\/10\/13-2020-10-10-WP-FLB-camp-saint-denis-_MG_9160.jpg?fit=300%2C200&ssl=1",300,200,true],"woocommerce_single":["https:\/\/i0.wp.com\/frederiquelebrun.com\/wp-content\/uploads\/2021\/10\/13-2020-10-10-WP-FLB-camp-saint-denis-_MG_9160.jpg?fit=600%2C400&ssl=1",600,400,true],"woocommerce_gallery_thumbnail":["https:\/\/i0.wp.com\/frederiquelebrun.com\/wp-content\/uploads\/2021\/10\/13-2020-10-10-WP-FLB-camp-saint-denis-_MG_9160.jpg?resize=100%2C100&ssl=1",100,100,true]},"uagb_author_info":{"display_name":"Fr\u00e9d\u00e9rique Le Brun","author_link":"https:\/\/frederiquelebrun.com\/en\/author\/fred\/"},"uagb_comment_info":0,"uagb_excerpt":"2020-08 et 2020-09. Saint-Denis, Porte de Paris (Seine-Saint-Denis). Depuis quelques semaines, des dizaines de r\u00e9fugi\u00e9s de diverses nationalit\u00e9s (en majorit\u00e9 des Afghans, mais aussi des Somaliens, Bangladais, Kurdes d'Iran\u2026) se sont install\u00e9s \u00e0 la Porte de Paris (Saint-Denis), sous une bretelle de l\u2019autoroute A1, \u00e0 100 m du stade de France. Sans toilettes, avec un&hellip;","jetpack_sharing_enabled":true,"jetpack-related-posts":[{"id":739,"url":"https:\/\/frederiquelebrun.com\/en\/evacuation-camp-exiles\/","url_meta":{"origin":731,"position":0},"title":"The Saint-Denis exile camp's evacuation","author":"Fr\u00e9d\u00e9rique Le Brun","date":"24 November 2020","format":false,"excerpt":"Le campement de migrants de la Porte de Paris \u00e0 Saint-Denis a \u00e9t\u00e9 \u00e9vacu\u00e9 ce jour par les CRS. Plus de 2000 personnes ont \u00e9t\u00e9 embarqu\u00e9es apr\u00e8s des heures d\u2019attente dans des autobus \u00e0 destination de centres d\u2019h\u00e9bergement provisoire, m\u00eame s\u2019il appara\u00eet que certains bus se sont arr\u00eat\u00e9s en cours\u2026","rel":"","context":"In &quot;Reportages&quot;","block_context":{"text":"Reportages","link":"https:\/\/frederiquelebrun.com\/en\/category\/reportages\/"},"img":{"alt_text":"Campement migrants Saint-Denis \u00e9vacutation","src":"https:\/\/i0.wp.com\/frederiquelebrun.com\/wp-content\/uploads\/2021\/10\/01-2020-11-17-WP-FLB-evac-camp-saint-denis-_MG_2408.jpg?fit=1200%2C800&ssl=1&resize=350%2C200","width":350,"height":200,"srcset":"https:\/\/i0.wp.com\/frederiquelebrun.com\/wp-content\/uploads\/2021\/10\/01-2020-11-17-WP-FLB-evac-camp-saint-denis-_MG_2408.jpg?fit=1200%2C800&ssl=1&resize=350%2C200 1x, https:\/\/i0.wp.com\/frederiquelebrun.com\/wp-content\/uploads\/2021\/10\/01-2020-11-17-WP-FLB-evac-camp-saint-denis-_MG_2408.jpg?fit=1200%2C800&ssl=1&resize=525%2C300 1.5x, https:\/\/i0.wp.com\/frederiquelebrun.com\/wp-content\/uploads\/2021\/10\/01-2020-11-17-WP-FLB-evac-camp-saint-denis-_MG_2408.jpg?fit=1200%2C800&ssl=1&resize=700%2C400 2x, https:\/\/i0.wp.com\/frederiquelebrun.com\/wp-content\/uploads\/2021\/10\/01-2020-11-17-WP-FLB-evac-camp-saint-denis-_MG_2408.jpg?fit=1200%2C800&ssl=1&resize=1050%2C600 3x"},"classes":[]},{"id":868,"url":"https:\/\/frederiquelebrun.com\/en\/messe-des-animaux\/","url_meta":{"origin":731,"position":1},"title":"Animal Mass at Sainte-Rita Church - Paris","author":"Fr\u00e9d\u00e9rique Le Brun","date":"3 May 2015","format":false,"excerpt":"La messe des animaux \u00e0 l'\u00e9glise Sainte Rita, dans le XV\u00e8 arrondissement de Paris.","rel":"","context":"In &quot;Reportages&quot;","block_context":{"text":"Reportages","link":"https:\/\/frederiquelebrun.com\/en\/category\/reportages\/"},"img":{"alt_text":"La messe des animaux","src":"https:\/\/i0.wp.com\/frederiquelebrun.com\/wp-content\/uploads\/2021\/10\/2014-11-09-messe-animaux-33.jpg?fit=1000%2C667&ssl=1&resize=350%2C200","width":350,"height":200,"srcset":"https:\/\/i0.wp.com\/frederiquelebrun.com\/wp-content\/uploads\/2021\/10\/2014-11-09-messe-animaux-33.jpg?fit=1000%2C667&ssl=1&resize=350%2C200 1x, https:\/\/i0.wp.com\/frederiquelebrun.com\/wp-content\/uploads\/2021\/10\/2014-11-09-messe-animaux-33.jpg?fit=1000%2C667&ssl=1&resize=525%2C300 1.5x, https:\/\/i0.wp.com\/frederiquelebrun.com\/wp-content\/uploads\/2021\/10\/2014-11-09-messe-animaux-33.jpg?fit=1000%2C667&ssl=1&resize=700%2C400 2x"},"classes":[]},{"id":1268,"url":"https:\/\/frederiquelebrun.com\/en\/coiffeurs-book\/","url_meta":{"origin":731,"position":2},"title":"Les coiffeurs sans-papiers occupent le salon","author":"Fr\u00e9d\u00e9rique Le Brun","date":"1 April 2015","format":false,"excerpt":"13 avril 2015. Les coiffeuses et coiffeurs du 57 boulevard de Strabourg (Paris 10e), qui occupaient le salon de leur ancien employeur depuis juillet 2014, ont \u00e9t\u00e9 r\u00e9gularis\u00e9s et viennent d'obtenir le r\u00e9c\u00e9piss\u00e9 de carte de s\u00e9jour. Ce lundi 1\" avril, ils quittent d\u00e9finitivement le salon du 57. Des militants\u2026","rel":"","context":"In &quot;Reportages&quot;","block_context":{"text":"Reportages","link":"https:\/\/frederiquelebrun.com\/en\/category\/reportages\/"},"img":{"alt_text":"salon de coiffure","src":"https:\/\/i0.wp.com\/frederiquelebrun.com\/wp-content\/uploads\/2021\/11\/2014-coiffeurs-16-scaled.jpg?fit=1200%2C800&ssl=1&resize=350%2C200","width":350,"height":200,"srcset":"https:\/\/i0.wp.com\/frederiquelebrun.com\/wp-content\/uploads\/2021\/11\/2014-coiffeurs-16-scaled.jpg?fit=1200%2C800&ssl=1&resize=350%2C200 1x, https:\/\/i0.wp.com\/frederiquelebrun.com\/wp-content\/uploads\/2021\/11\/2014-coiffeurs-16-scaled.jpg?fit=1200%2C800&ssl=1&resize=525%2C300 1.5x, https:\/\/i0.wp.com\/frederiquelebrun.com\/wp-content\/uploads\/2021\/11\/2014-coiffeurs-16-scaled.jpg?fit=1200%2C800&ssl=1&resize=700%2C400 2x, https:\/\/i0.wp.com\/frederiquelebrun.com\/wp-content\/uploads\/2021\/11\/2014-coiffeurs-16-scaled.jpg?fit=1200%2C800&ssl=1&resize=1050%2C600 3x"},"classes":[]},{"id":1922,"url":"https:\/\/frederiquelebrun.com\/en\/quelques-heures-dans-la-vie-de-mon-voisin-maurice\/","url_meta":{"origin":731,"position":3},"title":"Mon voisin Maurice","author":"Fr\u00e9d\u00e9rique Le Brun","date":"15 March 2015","format":false,"excerpt":"","rel":"","context":"In &quot;Reportages&quot;","block_context":{"text":"Reportages","link":"https:\/\/frederiquelebrun.com\/en\/category\/reportages\/"},"img":{"alt_text":"Maurice \u00e0 table","src":"https:\/\/i0.wp.com\/frederiquelebrun.com\/wp-content\/uploads\/2021\/11\/2014-11-11_Maurice006.jpg?fit=1000%2C667&ssl=1&resize=350%2C200","width":350,"height":200,"srcset":"https:\/\/i0.wp.com\/frederiquelebrun.com\/wp-content\/uploads\/2021\/11\/2014-11-11_Maurice006.jpg?fit=1000%2C667&ssl=1&resize=350%2C200 1x, https:\/\/i0.wp.com\/frederiquelebrun.com\/wp-content\/uploads\/2021\/11\/2014-11-11_Maurice006.jpg?fit=1000%2C667&ssl=1&resize=525%2C300 1.5x, https:\/\/i0.wp.com\/frederiquelebrun.com\/wp-content\/uploads\/2021\/11\/2014-11-11_Maurice006.jpg?fit=1000%2C667&ssl=1&resize=700%2C400 2x"},"classes":[]}],"_links":{"self":[{"href":"https:\/\/frederiquelebrun.com\/en\/wp-json\/wp\/v2\/posts\/731","targetHints":{"allow":["GET"]}}],"collection":[{"href":"https:\/\/frederiquelebrun.com\/en\/wp-json\/wp\/v2\/posts"}],"about":[{"href":"https:\/\/frederiquelebrun.com\/en\/wp-json\/wp\/v2\/types\/post"}],"author":[{"embeddable":true,"href":"https:\/\/frederiquelebrun.com\/en\/wp-json\/wp\/v2\/users\/3"}],"replies":[{"embeddable":true,"href":"https:\/\/frederiquelebrun.com\/en\/wp-json\/wp\/v2\/comments?post=731"}],"version-history":[{"count":0,"href":"https:\/\/frederiquelebrun.com\/en\/wp-json\/wp\/v2\/posts\/731\/revisions"}],"wp:featuredmedia":[{"embeddable":true,"href":"https:\/\/frederiquelebrun.com\/en\/wp-json\/wp\/v2\/media\/482"}],"wp:attachment":[{"href":"https:\/\/frederiquelebrun.com\/en\/wp-json\/wp\/v2\/media?parent=731"}],"wp:term":[{"taxonomy":"category","embeddable":true,"href":"https:\/\/frederiquelebrun.com\/en\/wp-json\/wp\/v2\/categories?post=731"},{"taxonomy":"post_tag","embeddable":true,"href":"https:\/\/frederiquelebrun.com\/en\/wp-json\/wp\/v2\/tags?post=731"}],"curies":[{"name":"wp","href":"https:\/\/api.w.org\/{rel}","templated":true}]}}